{"id":3097,"date":"2023-10-27T10:50:23","date_gmt":"2023-10-27T13:50:23","guid":{"rendered":"https:\/\/ecolatina.com\/2023\/10\/27\/el-efecto-de-la-sequia-sobre-la-industria-y-lo-que-viene\/"},"modified":"2023-10-27T10:50:23","modified_gmt":"2023-10-27T13:50:23","slug":"el-efecto-de-la-sequia-sobre-la-industria-y-lo-que-viene","status":"publish","type":"post","link":"https:\/\/ecolatina.com\/en\/2023\/10\/27\/el-efecto-de-la-sequia-sobre-la-industria-y-lo-que-viene\/","title":{"rendered":"El efecto de la sequ\u00eda sobre la industria y lo que viene"},"content":{"rendered":"<p><em>En <strong>junio<\/strong>, la industria cay\u00f3 tanto en t\u00e9rminos interanuales como mensuales (sin estacionalidad). De todas maneras, en el acumulado del a\u00f1o el desempe\u00f1o logr\u00f3 mantenerse positivo, mientras que el sector sigui\u00f3 operando en <strong>niveles hist\u00f3ricos relativamente elevados<\/strong>.<\/em><\/p>\n<p><em>En un contexto de <strong>comportamientos dispares<\/strong>, se observ\u00f3 un mejor desempe\u00f1o de las ramas asociadas al sector energ\u00e9tico, combustibles y automotor, mientras que se registran ca\u00eddas en los sectores vinculados al sector agr\u00edcola, producto de la sequ\u00eda, y en las ramas vinculadas al sector de la construcci\u00f3n. <\/em><\/p>\n<p><em>Estimamos que la industria exhiba una <strong>recesi\u00f3n en el promedio del 2023<\/strong>. El shock que signific\u00f3 el resultado de las PASO, la fuerte incertidumbre imperante, el impacto de la aceleraci\u00f3n inflacionaria sobre los ingresos y las mayores restricciones sobre las importaciones profundizar\u00e1n los efectos recesivos sobre ramas industriales vinculadas al mercado dom\u00e9stico y la inversi\u00f3n productiva. <\/em><\/p>\n<h3><em>\u00bfC\u00f3mo evolucion\u00f3 la industria en el primer semestre?<\/em><\/h3>\n<p><strong>\u00a0<\/strong>Seg\u00fan INDEC, el <strong>\u00cdndice de Producci\u00f3n Industrial Manufacturero (IPI)<\/strong> cay\u00f3 2,2% i.a. en junio. Adem\u00e1s, arroj\u00f3 un deterioro de 1,3% mensual en t\u00e9rminos desestacionalizados, acumulando dos meses consecutivos de ca\u00eddas.<\/p>\n<p>Sin embargo, en el acumulado del semestre las cifras a\u00fan son positivas: el sector tuvo un crecimiento de 1,3% i.a. hasta junio -operando en los niveles m\u00e1s altos desde el inicio de la serie, en 2016-, y, en t\u00e9rminos desestacionalizados trep\u00f3 0,6% respecto a diciembre de 2022.<\/p>\n<h3><em>\u00bfQu\u00e9 hay al interior de estos n\u00fameros?<\/em><\/h3>\n<p>En un contexto de <strong>comportamientos dispares<\/strong>, se observ\u00f3 un mejor desempe\u00f1o de las ramas asociadas al sector <strong>energ\u00e9tico<\/strong>, <strong>combustibles<\/strong> y <strong>automotor<\/strong>, mientras que se registran ca\u00eddas en los sectores vinculados al sector agr\u00edcola, producto de la <strong>sequ\u00eda<\/strong>, y en las ramas vinculadas al sector de la construcci\u00f3n.<\/p>\n<p>Al diferenciar por rama industrial, <strong>se observa que la mitad de la ca\u00edda interanual de junio estuvo explicada por dos sectores estrechamente vinculados al impacto de la sequ\u00eda sobre la cosecha gruesa<\/strong>: <em>Alimentos y bebidas<\/em> (-4% i.a.), donde <em>Molienda de oleaginosas<\/em> fue la que tuvo una contracci\u00f3n m\u00e1s pronunciada (-21% i.a.), y, por otro lado, <em>Maquinaria agropecuaria (<\/em>-13% i.a.). Adem\u00e1s, <em>Agroqu\u00edmicos<\/em> mostr\u00f3 un estancamiento en el mes (-0% i.a.).<\/p>\n<p>De todas maneras, cabe destacar que, <strong>excluyendo el desempe\u00f1o de alimentos y bebidas (sin carnes), maquinaria agropecuaria y agroqu\u00edmicos<\/strong>, el \u00edndice industrial tambi\u00e9n se mantuvo en rojo en el mes (-0,8% i.a.), dando una se\u00f1al de que el desempe\u00f1o negativo fue m\u00e1s generalizado al interior del entramado industrial en contraste a los meses anteriores.<\/p>\n<p>De hecho, se observa que <strong>m\u00e1s de la mitad (57%)<\/strong> de los 68 microsectores que componen al \u00edndice <strong>exhibieron una ca\u00edda interanual<\/strong> en junio, cifra que hab\u00eda sido un 43% promedio en el lapso enero-mayo de 2023.<\/p>\n<p><img fetchpriority=\"high\" decoding=\"async\" class=\"aligncenter wp-image-15006 size-full\" src=\"http:\/\/ecolatina-2018.appspot.com.storage.googleapis.com\/230816-IPI.jpg\" alt=\"\" width=\"1150\" height=\"650\" \/><\/p>\n<p>As\u00ed, existi\u00f3 un <strong>desempe\u00f1o heterog\u00e9neo<\/strong> entre ramas mayormente orientadas al mercado dom\u00e9stico. Por caso, <em>Productos textiles <\/em>creci\u00f3 6,3% i.a., mientras que <em>Prendas de vestir, calzado y cuero<\/em> se deterior\u00f3 7,1% i.a. y <em>Madera, papel, edici\u00f3n e impresi\u00f3n<\/em> cay\u00f3 2,4% i.a.<\/p>\n<p>Estos n\u00fameros van en l\u00ednea a una <strong>demanda interna que paulatinamente se va debilitando<\/strong>, en un contexto de aceleraci\u00f3n inflacionaria y deterioro de los ingresos reales.<\/p>\n<p>A su vez, hay que tener en cuenta que, si bien la aprobaci\u00f3n de SIRAs con <strong>yuanes<\/strong> contribuy\u00f3 a descomprimir parcialmente el flujo de importaciones de <a href=\"https:\/\/blog.appvisor.com.ar\/mas-yuanes-para-importar-cuales-son-los-sectores-mas-beneficiados\/\">ciertos sectores<\/a>, determinados sectores tuvieron complicaciones para abastecerse de insumos para producir.<\/p>\n<p>Por otro lado, <em>Minerales no met\u00e1licos<\/em> cay\u00f3 -3,3% i.a. en junio, en l\u00ednea con el deterioro del desempe\u00f1o de la <strong>construcci\u00f3n<\/strong> (-2,8% i.a. dio el ISAC). La actividad de la construcci\u00f3n acumula tres meses consecutivos en rojo (abril-junio), en un contexto de fuerte incertidumbre electoral.<\/p>\n<p>Existieron otras ramas industriales -con un <strong>perfil mayormente exportador<\/strong>&#8211; que mantuvieron un desempe\u00f1o positivo en el mes. El mayor crecimiento lo tuvo <em>Refinaci\u00f3n de petr\u00f3leo, coque y combustible nuclear<\/em> (+2,7% i.a.), en un contexto de pleno auge de desarrollo de <strong>Vaca Muerta<\/strong>. En esta l\u00ednea, la provincia de Neuqu\u00e9n mostr\u00f3 un r\u00e9cord en exportaci\u00f3n de petr\u00f3leo en junio (2,77 millones de barriles).<\/p>\n<p>Por otro lado<em>, el <\/em>sector <strong><em>automotriz<\/em><\/strong> tambi\u00e9n creci\u00f3 (+1,7% i.a.), en conjunto a <em>Otros equipos de transporte<\/em> (+2,2% i.a.). Respecto a estas ramas, el impulso vino por una demanda interna que se mantuvo pujante en un contexto de escasas alternativas de ahorro al d\u00f3lar oficial, mientras que el perfil exportador del sector est\u00e1 mostrando un desempe\u00f1o acotado, pero se ve beneficiado por determinadas regulaciones (por caso, el decreto de exportaciones incrementales).<\/p>\n<p>Adem\u00e1s, si bien las restricciones a las importaciones actuales influyen sobre el sector (v\u00eda escasez de autopartes), tambi\u00e9n est\u00e1n exentas en determinadas regulaciones (por caso, el <strong>impuesto PA\u00cdS del 7,5% no se aplica a insumos para bienes exportables del sector automotriz<\/strong>) y la activaci\u00f3n del pago con <strong>yuanes<\/strong> para la aprobaci\u00f3n de SIRAs permite un relajamiento de las restricciones para los insumos provenientes de China.<\/p>\n<h3>Perspectivas<\/h3>\n<p><em>Esperamos que esta tendencia se mantenga en los pr\u00f3ximos meses: las ramas vinculadas al sector agropecuario se mantendr\u00e1n en rojo (alimentos y bebidas y maquinaria agricola), mientras que el resto de los sectores con un perfil orientado al mercado externo mantendr\u00edan un mejor desempe\u00f1o relativo. Dentro de los sectores vinculados a la demanda local, la evoluci\u00f3n ser\u00e1 heterogenea, con un consumo privado que continuar\u00e1 debilit\u00e1ndose y mayores restricciones a las importaciones limitando la oferta de insumos. <\/em><\/p>\n<p>El reciente resultado electoral de las PASO empeora el escenario de la industria en el resto del a\u00f1o. Los sectores vinculados al mercado interno se ver\u00e1n nuevamente golpeados producto de la aceleraci\u00f3n inflacionaria y el deterioro de los ingresos reales, mientras que las ramas asociadas a la construcci\u00f3n seguir\u00e1n mostrando un desempe\u00f1o acotado como consecuencia de la fuerte incertidumbre general. A diferencia, sectores como automotriz y petr\u00f3leo y gas seguir\u00e1n con un desempe\u00f1o positivo, y en algunos casos, se vieron beneficiados por la reciente devaluaci\u00f3n de la cotizaci\u00f3n oficial.<\/p>\n<p>Si la industria se mantuviese estancada en el resto del a\u00f1o (es decir, con un desempe\u00f1o de 0% mensual para el periodo mayo-diciembre), el sector caer\u00eda 0,1% i.a. en el promedio de 2023. Por este motivo, dado que estimamos que el desempe\u00f1o de la actividad industrial se mantendr\u00e1 en terreno negativo en los pr\u00f3ximos meses, prevemos que en el promedio anual el sector refleje una ca\u00edda respecto a 2022.<\/p>\n<p><em>\u00a0<\/em><\/p>\n<p>&nbsp;<\/p>","protected":false},"excerpt":{"rendered":"<p>En junio, la industria cay\u00f3 tanto en t\u00e9rminos interanuales como mensuales (sin estacionalidad). De todas maneras, en el acumulado del a\u00f1o el desempe\u00f1o logr\u00f3 mantenerse positivo, mientras que el sector sigui\u00f3 operando en niveles hist\u00f3ricos relativamente elevados. En un contexto de comportamientos dispares, se observ\u00f3 un mejor desempe\u00f1o de las [&hellip;]<\/p>\n","protected":false},"author":2,"featured_media":3098,"comment_status":"","ping_status":"","sticky":false,"template":"","format":"standard","meta":{"author_name":"Agostina Myronec","image_url":"http:\/\/ecolatina-2018.appspot.com.storage.googleapis.com\/1-197.jpg","_joinchat":[],"footnotes":""},"categories":[1],"tags":[],"class_list":["post-3097","post","type-post","status-publish","format-standard","has-post-thumbnail","hentry","category-sin-categoria"],"aioseo_notices":[],"yoast_head":"<!-- This site is optimized with the Yoast SEO plugin v27.5 - https:\/\/yoast.com\/product\/yoast-seo-wordpress\/ -->\n<title>El efecto de la sequ\u00eda sobre la industria y lo que viene - Ecolatina<\/title>\n<meta name=\"robots\" content=\"index, follow, max-snippet:-1, max-image-preview:large, max-video-preview:-1\" \/>\n<link rel=\"canonical\" href=\"https:\/\/ecolatina.com\/en\/2023\/10\/27\/el-efecto-de-la-sequia-sobre-la-industria-y-lo-que-viene\/\" \/>\n<meta property=\"og:locale\" content=\"en_US\" \/>\n<meta property=\"og:type\" content=\"article\" \/>\n<meta property=\"og:title\" content=\"El efecto de la sequ\u00eda sobre la industria y lo que viene - Ecolatina\" \/>\n<meta property=\"og:description\" content=\"En junio, la industria cay\u00f3 tanto en t\u00e9rminos interanuales como mensuales (sin estacionalidad). De todas maneras, en el acumulado del a\u00f1o el desempe\u00f1o logr\u00f3 mantenerse positivo, mientras que el sector sigui\u00f3 operando en niveles hist\u00f3ricos relativamente elevados. En un contexto de comportamientos dispares, se observ\u00f3 un mejor desempe\u00f1o de las [&hellip;]\" \/>\n<meta property=\"og:url\" content=\"https:\/\/ecolatina.com\/en\/2023\/10\/27\/el-efecto-de-la-sequia-sobre-la-industria-y-lo-que-viene\/\" \/>\n<meta property=\"og:site_name\" content=\"Ecolatina\" \/>\n<meta property=\"article:published_time\" content=\"2023-10-27T13:50:23+00:00\" \/>\n<meta property=\"og:image\" content=\"http:\/\/ecolatina-2018.appspot.com.storage.googleapis.com\/230816-IPI.jpg\" \/>\n<meta name=\"author\" content=\"AppVisor Blog Bot\" \/>\n<meta name=\"twitter:card\" content=\"summary_large_image\" \/>\n<meta name=\"twitter:creator\" content=\"@Ecolatina_Arg\" \/>\n<meta name=\"twitter:site\" content=\"@Ecolatina_Arg\" \/>\n<meta name=\"twitter:label1\" content=\"Written by\" \/>\n\t<meta name=\"twitter:data1\" content=\"AppVisor Blog Bot\" \/>\n\t<meta name=\"twitter:label2\" content=\"Est. reading time\" \/>\n\t<meta name=\"twitter:data2\" content=\"6 minutes\" \/>\n<script type=\"application\/ld+json\" class=\"yoast-schema-graph\">{\"@context\":\"https:\\\/\\\/schema.org\",\"@graph\":[{\"@type\":\"Article\",\"@id\":\"https:\\\/\\\/ecolatina.com\\\/2023\\\/10\\\/27\\\/el-efecto-de-la-sequia-sobre-la-industria-y-lo-que-viene\\\/#article\",\"isPartOf\":{\"@id\":\"https:\\\/\\\/ecolatina.com\\\/2023\\\/10\\\/27\\\/el-efecto-de-la-sequia-sobre-la-industria-y-lo-que-viene\\\/\"},\"author\":{\"name\":\"AppVisor Blog Bot\",\"@id\":\"https:\\\/\\\/ecolatina.com\\\/#\\\/schema\\\/person\\\/ff70142206e33eb083069905ccc586b0\"},\"headline\":\"El efecto de la sequ\u00eda sobre la industria y lo que viene\",\"datePublished\":\"2023-10-27T13:50:23+00:00\",\"mainEntityOfPage\":{\"@id\":\"https:\\\/\\\/ecolatina.com\\\/2023\\\/10\\\/27\\\/el-efecto-de-la-sequia-sobre-la-industria-y-lo-que-viene\\\/\"},\"wordCount\":1130,\"publisher\":{\"@id\":\"https:\\\/\\\/ecolatina.com\\\/#organization\"},\"image\":{\"@id\":\"https:\\\/\\\/ecolatina.com\\\/2023\\\/10\\\/27\\\/el-efecto-de-la-sequia-sobre-la-industria-y-lo-que-viene\\\/#primaryimage\"},\"thumbnailUrl\":\"https:\\\/\\\/ecolatina.com\\\/wp-content\\\/uploads\\\/2023\\\/10\\\/1-197.jpg\",\"articleSection\":[\"Sin categor\u00eda\"],\"inLanguage\":\"en-US\"},{\"@type\":\"WebPage\",\"@id\":\"https:\\\/\\\/ecolatina.com\\\/2023\\\/10\\\/27\\\/el-efecto-de-la-sequia-sobre-la-industria-y-lo-que-viene\\\/\",\"url\":\"https:\\\/\\\/ecolatina.com\\\/2023\\\/10\\\/27\\\/el-efecto-de-la-sequia-sobre-la-industria-y-lo-que-viene\\\/\",\"name\":\"El efecto de la sequ\u00eda sobre la industria y lo que viene - Ecolatina\",\"isPartOf\":{\"@id\":\"https:\\\/\\\/ecolatina.com\\\/#website\"},\"primaryImageOfPage\":{\"@id\":\"https:\\\/\\\/ecolatina.com\\\/2023\\\/10\\\/27\\\/el-efecto-de-la-sequia-sobre-la-industria-y-lo-que-viene\\\/#primaryimage\"},\"image\":{\"@id\":\"https:\\\/\\\/ecolatina.com\\\/2023\\\/10\\\/27\\\/el-efecto-de-la-sequia-sobre-la-industria-y-lo-que-viene\\\/#primaryimage\"},\"thumbnailUrl\":\"https:\\\/\\\/ecolatina.com\\\/wp-content\\\/uploads\\\/2023\\\/10\\\/1-197.jpg\",\"datePublished\":\"2023-10-27T13:50:23+00:00\",\"breadcrumb\":{\"@id\":\"https:\\\/\\\/ecolatina.com\\\/2023\\\/10\\\/27\\\/el-efecto-de-la-sequia-sobre-la-industria-y-lo-que-viene\\\/#breadcrumb\"},\"inLanguage\":\"en-US\",\"potentialAction\":[{\"@type\":\"ReadAction\",\"target\":[\"https:\\\/\\\/ecolatina.com\\\/2023\\\/10\\\/27\\\/el-efecto-de-la-sequia-sobre-la-industria-y-lo-que-viene\\\/\"]}]},{\"@type\":\"ImageObject\",\"inLanguage\":\"en-US\",\"@id\":\"https:\\\/\\\/ecolatina.com\\\/2023\\\/10\\\/27\\\/el-efecto-de-la-sequia-sobre-la-industria-y-lo-que-viene\\\/#primaryimage\",\"url\":\"https:\\\/\\\/ecolatina.com\\\/wp-content\\\/uploads\\\/2023\\\/10\\\/1-197.jpg\",\"contentUrl\":\"https:\\\/\\\/ecolatina.com\\\/wp-content\\\/uploads\\\/2023\\\/10\\\/1-197.jpg\",\"width\":1920,\"height\":1080},{\"@type\":\"BreadcrumbList\",\"@id\":\"https:\\\/\\\/ecolatina.com\\\/2023\\\/10\\\/27\\\/el-efecto-de-la-sequia-sobre-la-industria-y-lo-que-viene\\\/#breadcrumb\",\"itemListElement\":[{\"@type\":\"ListItem\",\"position\":1,\"name\":\"Inicio\",\"item\":\"https:\\\/\\\/ecolatina.com\\\/\"},{\"@type\":\"ListItem\",\"position\":2,\"name\":\"El efecto de la sequ\u00eda sobre la industria y lo que viene\"}]},{\"@type\":\"WebSite\",\"@id\":\"https:\\\/\\\/ecolatina.com\\\/#website\",\"url\":\"https:\\\/\\\/ecolatina.com\\\/\",\"name\":\"Ecolatina\",\"description\":\"Tu socio estrat\u00e9gico para la toma de decisiones \",\"publisher\":{\"@id\":\"https:\\\/\\\/ecolatina.com\\\/#organization\"},\"potentialAction\":[{\"@type\":\"SearchAction\",\"target\":{\"@type\":\"EntryPoint\",\"urlTemplate\":\"https:\\\/\\\/ecolatina.com\\\/?s={search_term_string}\"},\"query-input\":{\"@type\":\"PropertyValueSpecification\",\"valueRequired\":true,\"valueName\":\"search_term_string\"}}],\"inLanguage\":\"en-US\"},{\"@type\":\"Organization\",\"@id\":\"https:\\\/\\\/ecolatina.com\\\/#organization\",\"name\":\"Ecolatina\",\"url\":\"https:\\\/\\\/ecolatina.com\\\/\",\"logo\":{\"@type\":\"ImageObject\",\"inLanguage\":\"en-US\",\"@id\":\"https:\\\/\\\/ecolatina.com\\\/#\\\/schema\\\/logo\\\/image\\\/\",\"url\":\"https:\\\/\\\/ecolatina.com\\\/wp-content\\\/uploads\\\/2023\\\/05\\\/Ecolatina_logo_01-verde-sin-tagline.png\",\"contentUrl\":\"https:\\\/\\\/ecolatina.com\\\/wp-content\\\/uploads\\\/2023\\\/05\\\/Ecolatina_logo_01-verde-sin-tagline.png\",\"width\":1008,\"height\":260,\"caption\":\"Ecolatina\"},\"image\":{\"@id\":\"https:\\\/\\\/ecolatina.com\\\/#\\\/schema\\\/logo\\\/image\\\/\"},\"sameAs\":[\"https:\\\/\\\/x.com\\\/Ecolatina_Arg\",\"https:\\\/\\\/www.linkedin.com\\\/company\\\/ecolatina\\\/?originalSubdomain=ar\"]},{\"@type\":\"Person\",\"@id\":\"https:\\\/\\\/ecolatina.com\\\/#\\\/schema\\\/person\\\/ff70142206e33eb083069905ccc586b0\",\"name\":\"AppVisor Blog Bot\",\"url\":\"https:\\\/\\\/ecolatina.com\\\/en\\\/author\\\/appvisorblogbot\\\/\"}]}<\/script>\n<!-- \/ Yoast SEO plugin. -->","yoast_head_json":{"title":"El efecto de la sequ\u00eda sobre la industria y lo que viene - Ecolatina","robots":{"index":"index","follow":"follow","max-snippet":"max-snippet:-1","max-image-preview":"max-image-preview:large","max-video-preview":"max-video-preview:-1"},"canonical":"https:\/\/ecolatina.com\/en\/2023\/10\/27\/el-efecto-de-la-sequia-sobre-la-industria-y-lo-que-viene\/","og_locale":"en_US","og_type":"article","og_title":"El efecto de la sequ\u00eda sobre la industria y lo que viene - Ecolatina","og_description":"En junio, la industria cay\u00f3 tanto en t\u00e9rminos interanuales como mensuales (sin estacionalidad). De todas maneras, en el acumulado del a\u00f1o el desempe\u00f1o logr\u00f3 mantenerse positivo, mientras que el sector sigui\u00f3 operando en niveles hist\u00f3ricos relativamente elevados. En un contexto de comportamientos dispares, se observ\u00f3 un mejor desempe\u00f1o de las [&hellip;]","og_url":"https:\/\/ecolatina.com\/en\/2023\/10\/27\/el-efecto-de-la-sequia-sobre-la-industria-y-lo-que-viene\/","og_site_name":"Ecolatina","article_published_time":"2023-10-27T13:50:23+00:00","og_image":[{"url":"http:\/\/ecolatina-2018.appspot.com.storage.googleapis.com\/230816-IPI.jpg","type":"","width":"","height":""}],"author":"AppVisor Blog Bot","twitter_card":"summary_large_image","twitter_creator":"@Ecolatina_Arg","twitter_site":"@Ecolatina_Arg","twitter_misc":{"Written by":"AppVisor Blog Bot","Est. reading time":"6 minutes"},"schema":{"@context":"https:\/\/schema.org","@graph":[{"@type":"Article","@id":"https:\/\/ecolatina.com\/2023\/10\/27\/el-efecto-de-la-sequia-sobre-la-industria-y-lo-que-viene\/#article","isPartOf":{"@id":"https:\/\/ecolatina.com\/2023\/10\/27\/el-efecto-de-la-sequia-sobre-la-industria-y-lo-que-viene\/"},"author":{"name":"AppVisor Blog Bot","@id":"https:\/\/ecolatina.com\/#\/schema\/person\/ff70142206e33eb083069905ccc586b0"},"headline":"El efecto de la sequ\u00eda sobre la industria y lo que viene","datePublished":"2023-10-27T13:50:23+00:00","mainEntityOfPage":{"@id":"https:\/\/ecolatina.com\/2023\/10\/27\/el-efecto-de-la-sequia-sobre-la-industria-y-lo-que-viene\/"},"wordCount":1130,"publisher":{"@id":"https:\/\/ecolatina.com\/#organization"},"image":{"@id":"https:\/\/ecolatina.com\/2023\/10\/27\/el-efecto-de-la-sequia-sobre-la-industria-y-lo-que-viene\/#primaryimage"},"thumbnailUrl":"https:\/\/ecolatina.com\/wp-content\/uploads\/2023\/10\/1-197.jpg","articleSection":["Sin categor\u00eda"],"inLanguage":"en-US"},{"@type":"WebPage","@id":"https:\/\/ecolatina.com\/2023\/10\/27\/el-efecto-de-la-sequia-sobre-la-industria-y-lo-que-viene\/","url":"https:\/\/ecolatina.com\/2023\/10\/27\/el-efecto-de-la-sequia-sobre-la-industria-y-lo-que-viene\/","name":"El efecto de la sequ\u00eda sobre la industria y lo que viene - Ecolatina","isPartOf":{"@id":"https:\/\/ecolatina.com\/#website"},"primaryImageOfPage":{"@id":"https:\/\/ecolatina.com\/2023\/10\/27\/el-efecto-de-la-sequia-sobre-la-industria-y-lo-que-viene\/#primaryimage"},"image":{"@id":"https:\/\/ecolatina.com\/2023\/10\/27\/el-efecto-de-la-sequia-sobre-la-industria-y-lo-que-viene\/#primaryimage"},"thumbnailUrl":"https:\/\/ecolatina.com\/wp-content\/uploads\/2023\/10\/1-197.jpg","datePublished":"2023-10-27T13:50:23+00:00","breadcrumb":{"@id":"https:\/\/ecolatina.com\/2023\/10\/27\/el-efecto-de-la-sequia-sobre-la-industria-y-lo-que-viene\/#breadcrumb"},"inLanguage":"en-US","potentialAction":[{"@type":"ReadAction","target":["https:\/\/ecolatina.com\/2023\/10\/27\/el-efecto-de-la-sequia-sobre-la-industria-y-lo-que-viene\/"]}]},{"@type":"ImageObject","inLanguage":"en-US","@id":"https:\/\/ecolatina.com\/2023\/10\/27\/el-efecto-de-la-sequia-sobre-la-industria-y-lo-que-viene\/#primaryimage","url":"https:\/\/ecolatina.com\/wp-content\/uploads\/2023\/10\/1-197.jpg","contentUrl":"https:\/\/ecolatina.com\/wp-content\/uploads\/2023\/10\/1-197.jpg","width":1920,"height":1080},{"@type":"BreadcrumbList","@id":"https:\/\/ecolatina.com\/2023\/10\/27\/el-efecto-de-la-sequia-sobre-la-industria-y-lo-que-viene\/#breadcrumb","itemListElement":[{"@type":"ListItem","position":1,"name":"Inicio","item":"https:\/\/ecolatina.com\/"},{"@type":"ListItem","position":2,"name":"El efecto de la sequ\u00eda sobre la industria y lo que viene"}]},{"@type":"WebSite","@id":"https:\/\/ecolatina.com\/#website","url":"https:\/\/ecolatina.com\/","name":"Ecolatina","description":"Tu socio estrat\u00e9gico para la toma de decisiones","publisher":{"@id":"https:\/\/ecolatina.com\/#organization"},"potentialAction":[{"@type":"SearchAction","target":{"@type":"EntryPoint","urlTemplate":"https:\/\/ecolatina.com\/?s={search_term_string}"},"query-input":{"@type":"PropertyValueSpecification","valueRequired":true,"valueName":"search_term_string"}}],"inLanguage":"en-US"},{"@type":"Organization","@id":"https:\/\/ecolatina.com\/#organization","name":"Ecolatina","url":"https:\/\/ecolatina.com\/","logo":{"@type":"ImageObject","inLanguage":"en-US","@id":"https:\/\/ecolatina.com\/#\/schema\/logo\/image\/","url":"https:\/\/ecolatina.com\/wp-content\/uploads\/2023\/05\/Ecolatina_logo_01-verde-sin-tagline.png","contentUrl":"https:\/\/ecolatina.com\/wp-content\/uploads\/2023\/05\/Ecolatina_logo_01-verde-sin-tagline.png","width":1008,"height":260,"caption":"Ecolatina"},"image":{"@id":"https:\/\/ecolatina.com\/#\/schema\/logo\/image\/"},"sameAs":["https:\/\/x.com\/Ecolatina_Arg","https:\/\/www.linkedin.com\/company\/ecolatina\/?originalSubdomain=ar"]},{"@type":"Person","@id":"https:\/\/ecolatina.com\/#\/schema\/person\/ff70142206e33eb083069905ccc586b0","name":"AppVisor Blog Bot","url":"https:\/\/ecolatina.com\/en\/author\/appvisorblogbot\/"}]}},"_links":{"self":[{"href":"https:\/\/ecolatina.com\/en\/wp-json\/wp\/v2\/posts\/3097","targetHints":{"allow":["GET"]}}],"collection":[{"href":"https:\/\/ecolatina.com\/en\/wp-json\/wp\/v2\/posts"}],"about":[{"href":"https:\/\/ecolatina.com\/en\/wp-json\/wp\/v2\/types\/post"}],"author":[{"embeddable":true,"href":"https:\/\/ecolatina.com\/en\/wp-json\/wp\/v2\/users\/2"}],"replies":[{"embeddable":true,"href":"https:\/\/ecolatina.com\/en\/wp-json\/wp\/v2\/comments?post=3097"}],"version-history":[{"count":0,"href":"https:\/\/ecolatina.com\/en\/wp-json\/wp\/v2\/posts\/3097\/revisions"}],"wp:featuredmedia":[{"embeddable":true,"href":"https:\/\/ecolatina.com\/en\/wp-json\/wp\/v2\/media\/3098"}],"wp:attachment":[{"href":"https:\/\/ecolatina.com\/en\/wp-json\/wp\/v2\/media?parent=3097"}],"wp:term":[{"taxonomy":"category","embeddable":true,"href":"https:\/\/ecolatina.com\/en\/wp-json\/wp\/v2\/categories?post=3097"},{"taxonomy":"post_tag","embeddable":true,"href":"https:\/\/ecolatina.com\/en\/wp-json\/wp\/v2\/tags?post=3097"}],"curies":[{"name":"wp","href":"https:\/\/api.w.org\/{rel}","templated":true}]}}