{"id":3099,"date":"2023-10-27T10:53:15","date_gmt":"2023-10-27T13:53:15","guid":{"rendered":"https:\/\/ecolatina.com\/2023\/10\/27\/actividad-heterogenea-y-resiliente-el-agro-vs-el-resto-de-la-economia\/"},"modified":"2023-10-27T10:53:15","modified_gmt":"2023-10-27T13:53:15","slug":"actividad-heterogenea-y-resiliente-el-agro-vs-el-resto-de-la-economia","status":"publish","type":"post","link":"https:\/\/ecolatina.com\/en\/2023\/10\/27\/actividad-heterogenea-y-resiliente-el-agro-vs-el-resto-de-la-economia\/","title":{"rendered":"Actividad heterog\u00e9nea y resiliente: el agro vs el resto de la econom\u00eda"},"content":{"rendered":"<h3><strong>Mayo: ca\u00edda interanual, estancamiento mensual<\/strong><\/h3>\n<p>El<strong> Estimador Mensual de Actividad Econ\u00f3mica (EMAE) retrocedi\u00f3 5,5% i.a., en mayo,\u00a0<\/strong>acumulando dos meses consecutivos de ca\u00eddas interanuales. De esta manera, en el acumulado del 2023 la econom\u00eda cay\u00f3 1,3% i.a. respecto al a\u00f1o anterior.<\/p>\n<p>Por otro lado, tras una ca\u00edda marcada en abril (-1,8%), que fue el mes que dio inicio al impacto m\u00e1s profundo de la sequ\u00eda, <strong>la actividad econ\u00f3mica se mantuvo estable respecto al mes anterior (-0,1% en t\u00e9rminos desestacionalizados). <\/strong>Como viene ocurriendo, estos n\u00fameros podr\u00edan ser revisados y corregidos, arrojando como resultado una cifra algo peor para el tercer trimestre del a\u00f1o.<\/p>\n<p><strong>La sequ\u00eda juega un rol fundamental en este retroceso.<\/strong> Mayo es el mes con mayor producci\u00f3n del sector agropecuario, dado que se concentra la producci\u00f3n de la cosecha gruesa. En este sentido, la sequ\u00eda hizo que la incidencia negativa del sector sobre la econom\u00eda alcance niveles m\u00e1ximos en el mes (-44% i.a. y -5,8 p.p. en mayo). Excluyendo el desempe\u00f1o de este sector, la econom\u00eda habr\u00eda exhibido un crecimiento en t\u00e9rminos interanuales (+0,9% i.a.) y una suba acumulada hasta mayo (+1,9% i.a.).<\/p>\n<p><img fetchpriority=\"high\" decoding=\"async\" class=\"aligncenter wp-image-14874 size-full\" src=\"http:\/\/ecolatina-2018.appspot.com.storage.googleapis.com\/Dashboard-1-11.jpg\" alt=\"\" width=\"1000\" height=\"800\" \/><\/p>\n<h3><strong>Desempe\u00f1o heterog\u00e9neo entre sectores<\/strong><\/h3>\n<p><strong>Los Bienes cayeron -15,6% i.a. en mayo y -5,6% i.a. en el acumulado del a\u00f1o.<\/strong> Ahora bien, excluyendo el desempe\u00f1o del <em>agro<\/em>, este grupo de sectores se mostr\u00f3 estable en el mes (+0,2% i.a.) y creci\u00f3 en el acumulado (+2,7% i.a.). Esto es as\u00ed porque el magro desempe\u00f1o del sector agropecuario impact\u00f3 de manera negativa sobre las actividades econ\u00f3micas asociadas al sector, <strong>pero este impacto no fue lo suficientemente grande como para que el resto de los sectores productores de bienes entren en recesi\u00f3n. <\/strong><\/p>\n<p>La<strong> industria<\/strong> -uno de los sectores potencialmente mayor afectados por la sequ\u00eda de manera indirecta- <strong>se mantuvo estable en el mes (+0,1% i.a.).<\/strong> Aqu\u00ed cabe resaltar dos cuestiones importantes: <strong>(i)<\/strong> la realidad al interior de la industria tambi\u00e9n es <strong>heterog\u00e9nea<\/strong>, con sectores creciendo (automotriz, farmac\u00e9utico, metales b\u00e1sicos) y otros estrechamente ligados al <em>agro<\/em> transitando una recesi\u00f3n (molienda de oleaginosas, agroqu\u00edmicos, maquinaria agr\u00edcola); <strong>(ii) <\/strong>la fuerte <strong>escasez de divisas<\/strong> en este 2023 hac\u00eda prever un modesto desempe\u00f1o de la industria en general; sin embargo, la mayor utilizaci\u00f3n del <strong>cr\u00e9dito comercial<\/strong> y el pago con <strong>yuanes<\/strong> de importaciones chinas est\u00e1n permitiendo un mayor flujo de insumos para producir.<\/p>\n<p>En la misma l\u00ednea, la <strong>Construcci\u00f3n<\/strong> se mantuvo en terreno positivo (+2% i.a.), y <strong>Petr\u00f3leo y gas<\/strong> sigui\u00f3 liderando el crecimiento (+5,3% i.a.), traccionado por la mayor producci\u00f3n en Vaca Muerta.<\/p>\n<p>A contramano se ubic\u00f3 <strong>Electricidad, gas y agua<\/strong> (-6,6% i.a.), donde la producci\u00f3n continua a un ritmo menor como consecuencia de la menor demanda que traen aparejadas las correcciones de las tarifas de servicios p\u00fablicos, sumado al encarecimiento del costo de energ\u00eda industrial.<\/p>\n<p><strong>Los Servicios se expandieron 1,3% i.a. en el mes y 1,5% i.a. en el acumulado del a\u00f1o. <\/strong>Al interior, hay determinados sectores que mantienen un desempe\u00f1o m\u00e1s estable y dif\u00edcilmente se vean afectados por la sequ\u00eda: <strong>Ense\u00f1anza<\/strong> (+2,6% i.a.), <strong>Administraci\u00f3n p\u00fablica y defensa<\/strong> (+2,4% i.a.) y Servicios sociales y de salud (+2,0% i.a.). Por otro lado, <strong>Comercio mayorista, minorista y reparaciones creci\u00f3 2,8% i.a. en mayo.<\/strong> Aqu\u00ed, el desempe\u00f1o positivo corresponde a\u00fan a un consumo privado que, si bien perdi\u00f3 fuerza en los \u00faltimos meses, se mantiene fuerte.<\/p>\n<p>A contramano, los dos sectores de servicios que continuaron en terreno negativo fueron <strong>Transporte y comunicaciones (-2,4% i.a.)<\/strong> -afectado por la menor producci\u00f3n agr\u00edcola- e <strong>Intermediaci\u00f3n financiera (-0,4% i.a.).<\/strong><\/p>\n<h3><strong>\u00bfCu\u00e1l es la tendencia esperada para el resto del a\u00f1o?<\/strong><\/h3>\n<p>Hasta el momento el <strong>impacto de indirecto de la sequ\u00eda fue menor al esperado<\/strong>, evitando que se traslade fuertemente al resto de la econom\u00eda gracias a una mayor aprobaci\u00f3n de importaciones con el uso de cr\u00e9dito comercial y yuanes.<\/p>\n<p>Las <strong>perspectivas<\/strong> de que la disponibilidad de divisas para importar no se corte abruptamente\u00a0 en los pr\u00f3ximos meses depender\u00e1 esencialmente de lo que se acuerde con el <strong>FMI, <\/strong>la evoluci\u00f3n de las <strong>reservas<\/strong>, un potencial incremento en la disponibilidad de <strong>yuanes<\/strong>\u00a0y los l\u00edmites que pueda encontrar el cr\u00e9dito conseguido por importadores.<\/p>\n<p>A su vez, el reciente incremento en los <strong>impuestos a las importaciones<\/strong>, as\u00ed como el encarecimiento de un insumo relevante como es el <strong>ma\u00edz<\/strong>, generar\u00edan <strong>presiones inflacionarias<\/strong> adicionales. Esto podr\u00eda afectar al <strong>consumo<\/strong> y, en consecuencia, a la actividad econ\u00f3mica en los pr\u00f3ximos meses, en un contexto de mayor incertidumbre en el marco de las elecciones.<\/p>\n<p>De todas maneras, <strong>estimamos que la econom\u00eda exhibir\u00e1 una ca\u00edda en el promedio anual, que superar\u00eda el 2% i.a. <\/strong><\/p>","protected":false},"excerpt":{"rendered":"<p>Mayo: ca\u00edda interanual, estancamiento mensual El Estimador Mensual de Actividad Econ\u00f3mica (EMAE) retrocedi\u00f3 5,5% i.a., en mayo,\u00a0acumulando dos meses consecutivos de ca\u00eddas interanuales. De esta manera, en el acumulado del 2023 la econom\u00eda cay\u00f3 1,3% i.a. respecto al a\u00f1o anterior. Por otro lado, tras una ca\u00edda marcada en abril (-1,8%), [&hellip;]<\/p>\n","protected":false},"author":2,"featured_media":3100,"comment_status":"","ping_status":"","sticky":false,"template":"","format":"standard","meta":{"author_name":"Agostina Myronec","image_url":"http:\/\/ecolatina-2018.appspot.com.storage.googleapis.com\/sequia-soja-campo.jpg","_joinchat":[],"footnotes":""},"categories":[1],"tags":[],"class_list":["post-3099","post","type-post","status-publish","format-standard","has-post-thumbnail","hentry","category-sin-categoria"],"aioseo_notices":[],"yoast_head":"<!-- This site is optimized with the Yoast SEO plugin v27.5 - https:\/\/yoast.com\/product\/yoast-seo-wordpress\/ -->\n<title>Actividad heterog\u00e9nea y resiliente: el agro vs el resto de la econom\u00eda - Ecolatina<\/title>\n<meta name=\"robots\" content=\"index, follow, max-snippet:-1, max-image-preview:large, max-video-preview:-1\" \/>\n<link rel=\"canonical\" href=\"https:\/\/ecolatina.com\/en\/2023\/10\/27\/actividad-heterogenea-y-resiliente-el-agro-vs-el-resto-de-la-economia\/\" \/>\n<meta property=\"og:locale\" content=\"en_US\" \/>\n<meta property=\"og:type\" content=\"article\" \/>\n<meta property=\"og:title\" content=\"Actividad heterog\u00e9nea y resiliente: el agro vs el resto de la econom\u00eda - Ecolatina\" \/>\n<meta property=\"og:description\" content=\"Mayo: ca\u00edda interanual, estancamiento mensual El Estimador Mensual de Actividad Econ\u00f3mica (EMAE) retrocedi\u00f3 5,5% i.a., en mayo,\u00a0acumulando dos meses consecutivos de ca\u00eddas interanuales. De esta manera, en el acumulado del 2023 la econom\u00eda cay\u00f3 1,3% i.a. respecto al a\u00f1o anterior. Por otro lado, tras una ca\u00edda marcada en abril (-1,8%), [&hellip;]\" \/>\n<meta property=\"og:url\" content=\"https:\/\/ecolatina.com\/en\/2023\/10\/27\/actividad-heterogenea-y-resiliente-el-agro-vs-el-resto-de-la-economia\/\" \/>\n<meta property=\"og:site_name\" content=\"Ecolatina\" \/>\n<meta property=\"article:published_time\" content=\"2023-10-27T13:53:15+00:00\" \/>\n<meta property=\"og:image\" content=\"http:\/\/ecolatina-2018.appspot.com.storage.googleapis.com\/Dashboard-1-11.jpg\" \/>\n<meta name=\"author\" content=\"AppVisor Blog Bot\" \/>\n<meta name=\"twitter:card\" content=\"summary_large_image\" \/>\n<meta name=\"twitter:creator\" content=\"@Ecolatina_Arg\" \/>\n<meta name=\"twitter:site\" content=\"@Ecolatina_Arg\" \/>\n<meta name=\"twitter:label1\" content=\"Written by\" \/>\n\t<meta name=\"twitter:data1\" content=\"AppVisor Blog Bot\" \/>\n\t<meta name=\"twitter:label2\" content=\"Est. reading time\" \/>\n\t<meta name=\"twitter:data2\" content=\"4 minutes\" \/>\n<script type=\"application\/ld+json\" class=\"yoast-schema-graph\">{\"@context\":\"https:\\\/\\\/schema.org\",\"@graph\":[{\"@type\":\"Article\",\"@id\":\"https:\\\/\\\/ecolatina.com\\\/2023\\\/10\\\/27\\\/actividad-heterogenea-y-resiliente-el-agro-vs-el-resto-de-la-economia\\\/#article\",\"isPartOf\":{\"@id\":\"https:\\\/\\\/ecolatina.com\\\/2023\\\/10\\\/27\\\/actividad-heterogenea-y-resiliente-el-agro-vs-el-resto-de-la-economia\\\/\"},\"author\":{\"name\":\"AppVisor Blog Bot\",\"@id\":\"https:\\\/\\\/ecolatina.com\\\/#\\\/schema\\\/person\\\/ff70142206e33eb083069905ccc586b0\"},\"headline\":\"Actividad heterog\u00e9nea y resiliente: el agro vs el resto de la econom\u00eda\",\"datePublished\":\"2023-10-27T13:53:15+00:00\",\"mainEntityOfPage\":{\"@id\":\"https:\\\/\\\/ecolatina.com\\\/2023\\\/10\\\/27\\\/actividad-heterogenea-y-resiliente-el-agro-vs-el-resto-de-la-economia\\\/\"},\"wordCount\":845,\"publisher\":{\"@id\":\"https:\\\/\\\/ecolatina.com\\\/#organization\"},\"image\":{\"@id\":\"https:\\\/\\\/ecolatina.com\\\/2023\\\/10\\\/27\\\/actividad-heterogenea-y-resiliente-el-agro-vs-el-resto-de-la-economia\\\/#primaryimage\"},\"thumbnailUrl\":\"https:\\\/\\\/ecolatina.com\\\/wp-content\\\/uploads\\\/2023\\\/10\\\/sequia-soja-campo.jpg\",\"articleSection\":[\"Sin categor\u00eda\"],\"inLanguage\":\"en-US\"},{\"@type\":\"WebPage\",\"@id\":\"https:\\\/\\\/ecolatina.com\\\/2023\\\/10\\\/27\\\/actividad-heterogenea-y-resiliente-el-agro-vs-el-resto-de-la-economia\\\/\",\"url\":\"https:\\\/\\\/ecolatina.com\\\/2023\\\/10\\\/27\\\/actividad-heterogenea-y-resiliente-el-agro-vs-el-resto-de-la-economia\\\/\",\"name\":\"Actividad heterog\u00e9nea y resiliente: el agro vs el resto de la econom\u00eda - Ecolatina\",\"isPartOf\":{\"@id\":\"https:\\\/\\\/ecolatina.com\\\/#website\"},\"primaryImageOfPage\":{\"@id\":\"https:\\\/\\\/ecolatina.com\\\/2023\\\/10\\\/27\\\/actividad-heterogenea-y-resiliente-el-agro-vs-el-resto-de-la-economia\\\/#primaryimage\"},\"image\":{\"@id\":\"https:\\\/\\\/ecolatina.com\\\/2023\\\/10\\\/27\\\/actividad-heterogenea-y-resiliente-el-agro-vs-el-resto-de-la-economia\\\/#primaryimage\"},\"thumbnailUrl\":\"https:\\\/\\\/ecolatina.com\\\/wp-content\\\/uploads\\\/2023\\\/10\\\/sequia-soja-campo.jpg\",\"datePublished\":\"2023-10-27T13:53:15+00:00\",\"breadcrumb\":{\"@id\":\"https:\\\/\\\/ecolatina.com\\\/2023\\\/10\\\/27\\\/actividad-heterogenea-y-resiliente-el-agro-vs-el-resto-de-la-economia\\\/#breadcrumb\"},\"inLanguage\":\"en-US\",\"potentialAction\":[{\"@type\":\"ReadAction\",\"target\":[\"https:\\\/\\\/ecolatina.com\\\/2023\\\/10\\\/27\\\/actividad-heterogenea-y-resiliente-el-agro-vs-el-resto-de-la-economia\\\/\"]}]},{\"@type\":\"ImageObject\",\"inLanguage\":\"en-US\",\"@id\":\"https:\\\/\\\/ecolatina.com\\\/2023\\\/10\\\/27\\\/actividad-heterogenea-y-resiliente-el-agro-vs-el-resto-de-la-economia\\\/#primaryimage\",\"url\":\"https:\\\/\\\/ecolatina.com\\\/wp-content\\\/uploads\\\/2023\\\/10\\\/sequia-soja-campo.jpg\",\"contentUrl\":\"https:\\\/\\\/ecolatina.com\\\/wp-content\\\/uploads\\\/2023\\\/10\\\/sequia-soja-campo.jpg\",\"width\":800,\"height\":456},{\"@type\":\"BreadcrumbList\",\"@id\":\"https:\\\/\\\/ecolatina.com\\\/2023\\\/10\\\/27\\\/actividad-heterogenea-y-resiliente-el-agro-vs-el-resto-de-la-economia\\\/#breadcrumb\",\"itemListElement\":[{\"@type\":\"ListItem\",\"position\":1,\"name\":\"Inicio\",\"item\":\"https:\\\/\\\/ecolatina.com\\\/\"},{\"@type\":\"ListItem\",\"position\":2,\"name\":\"Actividad heterog\u00e9nea y resiliente: el agro vs el resto de la econom\u00eda\"}]},{\"@type\":\"WebSite\",\"@id\":\"https:\\\/\\\/ecolatina.com\\\/#website\",\"url\":\"https:\\\/\\\/ecolatina.com\\\/\",\"name\":\"Ecolatina\",\"description\":\"Tu socio estrat\u00e9gico para la toma de decisiones \",\"publisher\":{\"@id\":\"https:\\\/\\\/ecolatina.com\\\/#organization\"},\"potentialAction\":[{\"@type\":\"SearchAction\",\"target\":{\"@type\":\"EntryPoint\",\"urlTemplate\":\"https:\\\/\\\/ecolatina.com\\\/?s={search_term_string}\"},\"query-input\":{\"@type\":\"PropertyValueSpecification\",\"valueRequired\":true,\"valueName\":\"search_term_string\"}}],\"inLanguage\":\"en-US\"},{\"@type\":\"Organization\",\"@id\":\"https:\\\/\\\/ecolatina.com\\\/#organization\",\"name\":\"Ecolatina\",\"url\":\"https:\\\/\\\/ecolatina.com\\\/\",\"logo\":{\"@type\":\"ImageObject\",\"inLanguage\":\"en-US\",\"@id\":\"https:\\\/\\\/ecolatina.com\\\/#\\\/schema\\\/logo\\\/image\\\/\",\"url\":\"https:\\\/\\\/ecolatina.com\\\/wp-content\\\/uploads\\\/2023\\\/05\\\/Ecolatina_logo_01-verde-sin-tagline.png\",\"contentUrl\":\"https:\\\/\\\/ecolatina.com\\\/wp-content\\\/uploads\\\/2023\\\/05\\\/Ecolatina_logo_01-verde-sin-tagline.png\",\"width\":1008,\"height\":260,\"caption\":\"Ecolatina\"},\"image\":{\"@id\":\"https:\\\/\\\/ecolatina.com\\\/#\\\/schema\\\/logo\\\/image\\\/\"},\"sameAs\":[\"https:\\\/\\\/x.com\\\/Ecolatina_Arg\",\"https:\\\/\\\/www.linkedin.com\\\/company\\\/ecolatina\\\/?originalSubdomain=ar\"]},{\"@type\":\"Person\",\"@id\":\"https:\\\/\\\/ecolatina.com\\\/#\\\/schema\\\/person\\\/ff70142206e33eb083069905ccc586b0\",\"name\":\"AppVisor Blog Bot\",\"url\":\"https:\\\/\\\/ecolatina.com\\\/en\\\/author\\\/appvisorblogbot\\\/\"}]}<\/script>\n<!-- \/ Yoast SEO plugin. -->","yoast_head_json":{"title":"Actividad heterog\u00e9nea y resiliente: el agro vs el resto de la econom\u00eda - Ecolatina","robots":{"index":"index","follow":"follow","max-snippet":"max-snippet:-1","max-image-preview":"max-image-preview:large","max-video-preview":"max-video-preview:-1"},"canonical":"https:\/\/ecolatina.com\/en\/2023\/10\/27\/actividad-heterogenea-y-resiliente-el-agro-vs-el-resto-de-la-economia\/","og_locale":"en_US","og_type":"article","og_title":"Actividad heterog\u00e9nea y resiliente: el agro vs el resto de la econom\u00eda - Ecolatina","og_description":"Mayo: ca\u00edda interanual, estancamiento mensual El Estimador Mensual de Actividad Econ\u00f3mica (EMAE) retrocedi\u00f3 5,5% i.a., en mayo,\u00a0acumulando dos meses consecutivos de ca\u00eddas interanuales. De esta manera, en el acumulado del 2023 la econom\u00eda cay\u00f3 1,3% i.a. respecto al a\u00f1o anterior. Por otro lado, tras una ca\u00edda marcada en abril (-1,8%), [&hellip;]","og_url":"https:\/\/ecolatina.com\/en\/2023\/10\/27\/actividad-heterogenea-y-resiliente-el-agro-vs-el-resto-de-la-economia\/","og_site_name":"Ecolatina","article_published_time":"2023-10-27T13:53:15+00:00","og_image":[{"url":"http:\/\/ecolatina-2018.appspot.com.storage.googleapis.com\/Dashboard-1-11.jpg","type":"","width":"","height":""}],"author":"AppVisor Blog Bot","twitter_card":"summary_large_image","twitter_creator":"@Ecolatina_Arg","twitter_site":"@Ecolatina_Arg","twitter_misc":{"Written by":"AppVisor Blog Bot","Est. reading time":"4 minutes"},"schema":{"@context":"https:\/\/schema.org","@graph":[{"@type":"Article","@id":"https:\/\/ecolatina.com\/2023\/10\/27\/actividad-heterogenea-y-resiliente-el-agro-vs-el-resto-de-la-economia\/#article","isPartOf":{"@id":"https:\/\/ecolatina.com\/2023\/10\/27\/actividad-heterogenea-y-resiliente-el-agro-vs-el-resto-de-la-economia\/"},"author":{"name":"AppVisor Blog Bot","@id":"https:\/\/ecolatina.com\/#\/schema\/person\/ff70142206e33eb083069905ccc586b0"},"headline":"Actividad heterog\u00e9nea y resiliente: el agro vs el resto de la econom\u00eda","datePublished":"2023-10-27T13:53:15+00:00","mainEntityOfPage":{"@id":"https:\/\/ecolatina.com\/2023\/10\/27\/actividad-heterogenea-y-resiliente-el-agro-vs-el-resto-de-la-economia\/"},"wordCount":845,"publisher":{"@id":"https:\/\/ecolatina.com\/#organization"},"image":{"@id":"https:\/\/ecolatina.com\/2023\/10\/27\/actividad-heterogenea-y-resiliente-el-agro-vs-el-resto-de-la-economia\/#primaryimage"},"thumbnailUrl":"https:\/\/ecolatina.com\/wp-content\/uploads\/2023\/10\/sequia-soja-campo.jpg","articleSection":["Sin categor\u00eda"],"inLanguage":"en-US"},{"@type":"WebPage","@id":"https:\/\/ecolatina.com\/2023\/10\/27\/actividad-heterogenea-y-resiliente-el-agro-vs-el-resto-de-la-economia\/","url":"https:\/\/ecolatina.com\/2023\/10\/27\/actividad-heterogenea-y-resiliente-el-agro-vs-el-resto-de-la-economia\/","name":"Actividad heterog\u00e9nea y resiliente: el agro vs el resto de la econom\u00eda - Ecolatina","isPartOf":{"@id":"https:\/\/ecolatina.com\/#website"},"primaryImageOfPage":{"@id":"https:\/\/ecolatina.com\/2023\/10\/27\/actividad-heterogenea-y-resiliente-el-agro-vs-el-resto-de-la-economia\/#primaryimage"},"image":{"@id":"https:\/\/ecolatina.com\/2023\/10\/27\/actividad-heterogenea-y-resiliente-el-agro-vs-el-resto-de-la-economia\/#primaryimage"},"thumbnailUrl":"https:\/\/ecolatina.com\/wp-content\/uploads\/2023\/10\/sequia-soja-campo.jpg","datePublished":"2023-10-27T13:53:15+00:00","breadcrumb":{"@id":"https:\/\/ecolatina.com\/2023\/10\/27\/actividad-heterogenea-y-resiliente-el-agro-vs-el-resto-de-la-economia\/#breadcrumb"},"inLanguage":"en-US","potentialAction":[{"@type":"ReadAction","target":["https:\/\/ecolatina.com\/2023\/10\/27\/actividad-heterogenea-y-resiliente-el-agro-vs-el-resto-de-la-economia\/"]}]},{"@type":"ImageObject","inLanguage":"en-US","@id":"https:\/\/ecolatina.com\/2023\/10\/27\/actividad-heterogenea-y-resiliente-el-agro-vs-el-resto-de-la-economia\/#primaryimage","url":"https:\/\/ecolatina.com\/wp-content\/uploads\/2023\/10\/sequia-soja-campo.jpg","contentUrl":"https:\/\/ecolatina.com\/wp-content\/uploads\/2023\/10\/sequia-soja-campo.jpg","width":800,"height":456},{"@type":"BreadcrumbList","@id":"https:\/\/ecolatina.com\/2023\/10\/27\/actividad-heterogenea-y-resiliente-el-agro-vs-el-resto-de-la-economia\/#breadcrumb","itemListElement":[{"@type":"ListItem","position":1,"name":"Inicio","item":"https:\/\/ecolatina.com\/"},{"@type":"ListItem","position":2,"name":"Actividad heterog\u00e9nea y resiliente: el agro vs el resto de la econom\u00eda"}]},{"@type":"WebSite","@id":"https:\/\/ecolatina.com\/#website","url":"https:\/\/ecolatina.com\/","name":"Ecolatina","description":"Tu socio estrat\u00e9gico para la toma de decisiones","publisher":{"@id":"https:\/\/ecolatina.com\/#organization"},"potentialAction":[{"@type":"SearchAction","target":{"@type":"EntryPoint","urlTemplate":"https:\/\/ecolatina.com\/?s={search_term_string}"},"query-input":{"@type":"PropertyValueSpecification","valueRequired":true,"valueName":"search_term_string"}}],"inLanguage":"en-US"},{"@type":"Organization","@id":"https:\/\/ecolatina.com\/#organization","name":"Ecolatina","url":"https:\/\/ecolatina.com\/","logo":{"@type":"ImageObject","inLanguage":"en-US","@id":"https:\/\/ecolatina.com\/#\/schema\/logo\/image\/","url":"https:\/\/ecolatina.com\/wp-content\/uploads\/2023\/05\/Ecolatina_logo_01-verde-sin-tagline.png","contentUrl":"https:\/\/ecolatina.com\/wp-content\/uploads\/2023\/05\/Ecolatina_logo_01-verde-sin-tagline.png","width":1008,"height":260,"caption":"Ecolatina"},"image":{"@id":"https:\/\/ecolatina.com\/#\/schema\/logo\/image\/"},"sameAs":["https:\/\/x.com\/Ecolatina_Arg","https:\/\/www.linkedin.com\/company\/ecolatina\/?originalSubdomain=ar"]},{"@type":"Person","@id":"https:\/\/ecolatina.com\/#\/schema\/person\/ff70142206e33eb083069905ccc586b0","name":"AppVisor Blog Bot","url":"https:\/\/ecolatina.com\/en\/author\/appvisorblogbot\/"}]}},"_links":{"self":[{"href":"https:\/\/ecolatina.com\/en\/wp-json\/wp\/v2\/posts\/3099","targetHints":{"allow":["GET"]}}],"collection":[{"href":"https:\/\/ecolatina.com\/en\/wp-json\/wp\/v2\/posts"}],"about":[{"href":"https:\/\/ecolatina.com\/en\/wp-json\/wp\/v2\/types\/post"}],"author":[{"embeddable":true,"href":"https:\/\/ecolatina.com\/en\/wp-json\/wp\/v2\/users\/2"}],"replies":[{"embeddable":true,"href":"https:\/\/ecolatina.com\/en\/wp-json\/wp\/v2\/comments?post=3099"}],"version-history":[{"count":0,"href":"https:\/\/ecolatina.com\/en\/wp-json\/wp\/v2\/posts\/3099\/revisions"}],"wp:featuredmedia":[{"embeddable":true,"href":"https:\/\/ecolatina.com\/en\/wp-json\/wp\/v2\/media\/3100"}],"wp:attachment":[{"href":"https:\/\/ecolatina.com\/en\/wp-json\/wp\/v2\/media?parent=3099"}],"wp:term":[{"taxonomy":"category","embeddable":true,"href":"https:\/\/ecolatina.com\/en\/wp-json\/wp\/v2\/categories?post=3099"},{"taxonomy":"post_tag","embeddable":true,"href":"https:\/\/ecolatina.com\/en\/wp-json\/wp\/v2\/tags?post=3099"}],"curies":[{"name":"wp","href":"https:\/\/api.w.org\/{rel}","templated":true}]}}