{"id":3101,"date":"2023-10-27T10:53:47","date_gmt":"2023-10-27T13:53:47","guid":{"rendered":"https:\/\/ecolatina.com\/2023\/10\/27\/llego-el-segundo-trimestre-la-actividad-economica-cayo-en-abril\/"},"modified":"2023-10-27T10:53:47","modified_gmt":"2023-10-27T13:53:47","slug":"llego-el-segundo-trimestre-la-actividad-economica-cayo-en-abril","status":"publish","type":"post","link":"https:\/\/ecolatina.com\/en\/2023\/10\/27\/llego-el-segundo-trimestre-la-actividad-economica-cayo-en-abril\/","title":{"rendered":"Lleg\u00f3 el segundo trimestre: la actividad econ\u00f3mica cay\u00f3 en abril"},"content":{"rendered":"<p>En abril,\u00a0<strong>el Estimador Mensual de Actividad Econ\u00f3mica (EMAE) retrocedi\u00f3 4,2% i.a., <\/strong>representando la merma m\u00e1s acentuada desde octubre de 2022. As\u00ed, en el acumulado del a\u00f1o la econom\u00eda se mantuvo estancada respecto a 2022 (-0,1% i.a.).<\/p>\n<p>Adem\u00e1s, tras tres meses en expansi\u00f3n la actividad econ\u00f3mica mostr\u00f3 una <strong>contracci\u00f3n mensual del 1,9%<\/strong> en t\u00e9rminos desestacionalizados, lo cual, al contrarrestar la expansi\u00f3n acumulada en el primer trimestre hizo que la econom\u00eda se retraiga -0,5% respecto a diciembre de 2022.<\/p>\n<p><strong>La sequ\u00eda constituye el principal factor determinante del retroceso en la actividad.<\/strong> En este sentido, vale notar que excluyendo al bloque agropecuario el EMAE se habr\u00eda expandido 0,7% i.a. en abril y 2,2% i.a. en lo que va del a\u00f1o.<\/p>\n<h3><strong>Heterogeneidad a nivel sectorial: el <em>agro<\/em> vs sectores que amortiguan<\/strong><\/h3>\n<p>Mientras que en marzo 12 de los 15 sectores mostraron crecimientos interanuales, esta cifra se redujo a 10 en abril, evidenciando un <strong>desempe\u00f1o heterog\u00e9neo<\/strong>: los <strong>Bienes<\/strong> cayeron 10,4% i.a., mientras que los <strong>Servicios<\/strong> conservaron un leve crecimiento (+0,7% i.a.). Sin embargo, al excluir el desempe\u00f1o negativo del sector agropecuario sobre los Bienes, se observa una tendencia m\u00e1s homog\u00e9nea entre ambos grupos (los Bienes sin agro crecieron 0,9% i.a. en abril).<\/p>\n<p><img fetchpriority=\"high\" decoding=\"async\" class=\"aligncenter wp-image-14736 size-full\" src=\"http:\/\/ecolatina-2018.appspot.com.storage.googleapis.com\/230703-EMAE-abril.jpg\" alt=\"\" width=\"1000\" height=\"800\" \/><\/p>\n<p><strong>Dentro de los Bienes,<\/strong> en l\u00ednea con lo previsto el peor desempe\u00f1o se lo llev\u00f3 el <strong>sector agropecuario<\/strong>: cay\u00f3 36,8% i.a., representando la contracci\u00f3n interanual m\u00e1s alta desde la sequ\u00eda de 2009 (en abril de dicho a\u00f1o el retroceso hab\u00eda sido del 40,5%), amortiguada en parte por un mejor desempe\u00f1o del sector pecuario. As\u00ed, el sector hilvan\u00f3 14 meses de deterioros interanuales. Adem\u00e1s, <strong>Electricidad, gas y agua<\/strong> exhibi\u00f3 una ca\u00edda de 4% i.a., en un contexto de impacto en la demanda por subas en las tarifas.<\/p>\n<p>A contramano, <strong>Industria<\/strong> y <strong>Construcci\u00f3n<\/strong> se mantuvieron en terreno positivo (ambos con una suba de +1,6% i.a.). Al interior del entramado industrial, cabe destacar que existen sectores din\u00e1micos que est\u00e1n permitiendo que la industria en el agregado se mantenga en pie: por caso, el sector <strong>automotriz<\/strong> es uno de los que est\u00e1 liderando el crecimiento, dado que su perfil exportador hace que no se vea totalmente afectado por las trabas a importar, mientras que refinaci\u00f3n de petr\u00f3leo, maquinarias, cemento y la producci\u00f3n farmac\u00e9utica tambi\u00e9n exhiben resultados positivos.<\/p>\n<p>Por su parte, <strong>Explotaci\u00f3n de minas y canteras<\/strong> <strong>fue el sector m\u00e1s pujante<\/strong> (+9,0% i.a.), impulsado por los desarrollos en Vaca Muerta, en un marco en el que la producci\u00f3n de petr\u00f3leo no convencional trep\u00f3 28,4% i.a. (+29% en VM) y la de gas lo hizo 7,7% i.a. (+16% i.a. en VM). Cabe recordar que el 80% de este sector est\u00e1 compuesto por Petr\u00f3leo y Gas.<\/p>\n<p>Por otro lado, <strong>dentro de los Servicios <\/strong>hubo un desempe\u00f1o m\u00e1s homog\u00e9neo entre sectores: <strong>Ense\u00f1anza<\/strong> (+2,5% i.a.), <strong>Administraci\u00f3n p\u00fablica y defensa<\/strong> (+2,4% i.a.), <strong>Servicios sociales y de salud<\/strong> (+1,7% i.a.) y <strong>Actividades inmobiliarias y empresariales<\/strong> (+1,9% i.a., donde al interior est\u00e1n contabilizados los Servicios Basados en el Conocimiento) son todas ramas que dif\u00edcilmente sufran un impacto indirecto negativo significativo por la sequ\u00eda. Adem\u00e1s, <strong>Comercio<\/strong> se mantuvo en terreno positivo (+1,2% i.a.), impulsado por una demanda interna que, si bien se debilita, <a href=\"https:\/\/blog.appvisor.com.ar\/la-demanda-interna-muestra-mayor-fortaleza-a-la-esperada\/\">sigue en pie<\/a>.<\/p>\n<p>A contramano, <strong>Intermediaci\u00f3n financiera<\/strong> (-2,6% i.a.) exhibi\u00f3 una ca\u00edda, influido por un cr\u00e9dito que se contrae (-11,7% i.a. en t\u00e9rminos reales en el mes), compensado en parte por una mejora en los dep\u00f3sitos privados a plazo fijo (+10,3% i.a. en moneda constante) frente a la mejora en los rendimientos reales. Por su parte, <strong>Transporte y comunicaciones<\/strong> (-3,6% i.a.) se vio afectado por la menor actividad como consecuencia de la sequ\u00eda.<\/p>\n<p><strong>\u00a0<\/strong>Con este panorama, es posible concluir que mientras el sector agropecuario es el que mayor incidencia negativa tiene sobre la econom\u00eda en la actualidad, <strong>existen otros sectores que se encuentran operando en niveles <em>r\u00e9cord<\/em> y amortiguan el deterioro que est\u00e1 generando la sequ\u00eda sobre el nivel de actividad. <\/strong>En este sentido, <em>Minas y canteras, Construcci\u00f3n, Actividades inmobiliarias y empresariales, Administraci\u00f3n p\u00fablica, Ense\u00f1anza <\/em>y<em> Salud <\/em>mostraron los niveles m\u00e1s altos para un mes de abril desde inicios de la serie en 2004.<\/p>\n<h3><strong>Hacia adelante, la tendencia seguir\u00e1 siendo negativa<\/strong><\/h3>\n<p>Abril fue el primer mes en el cual la econom\u00eda comenz\u00f3 a sentir con mayor rigor el impacto directo de la sequ\u00eda sobre la cosecha gruesa (soja, ma\u00edz). <strong>Estimamos que en lo que resta del segundo trimestre estos efectos se ir\u00e1n trasladando al resto de la econom\u00eda, cobrando mayor fuerza los impactos negativos indirectos<\/strong>, lo cual llevar\u00e1 a que una mayor proporci\u00f3n de sectores posiblemente exhiba ca\u00eddas en este periodo.<\/p>\n<p><strong>La Industria, la Construcci\u00f3n y el Comercio, que se mantuvieron en terreno positivo en abril, posiblemente se vean mayormente debilitados a partir de mayo.<\/strong> En este sentido, los efectos \u201cde segunda ronda\u201d de la sequ\u00eda seguir\u00e1n incidiendo con mayor fuerza sobre algunas ramas industriales (como alimentos y bebidas o maquinaria agr\u00edcola), mientras que el debilitamiento de la demanda interna producto de la aceleraci\u00f3n de la inflaci\u00f3n y el deterioro de los ingresos reales impactar\u00e1 sobre el comercio minorista.<\/p>\n<p>Por otra parte, un desempe\u00f1o m\u00e1s acotado de la <strong>Construcci\u00f3n<\/strong>, en un contexto de perspectivas acotadas para la <strong>obra p\u00fablica<\/strong> en el marco de un ajuste real del gasto, una econom\u00eda con fuerte incertidumbre producto de la sequ\u00eda y el a\u00f1o electoral (<strong>efecto <em>wait &amp; see<\/em><\/strong>) y una ca\u00edda en la importaci\u00f3n de maquinaria producto de las restricciones har\u00e1n que la inversi\u00f3n productiva mantenga un desempe\u00f1o negativo en lo que queda del a\u00f1o.<\/p>\n<p>A diferencia, <strong>otros sectores mostrar\u00edan una mejor <em>performance<\/em> relativa:<\/strong> estos son <strong>Minas y canteras<\/strong> y algunas ramas industriales (automotriz, farmac\u00e9uticas, refinaci\u00f3n de petr\u00f3leo), evitar\u00e1n que la ca\u00edda de la econom\u00eda sea mayor.<\/p>\n<p>Para determinar el n\u00famero final de la recesi\u00f3n que esperamos para 2023 habr\u00e1 que tener en cuenta que <strong>la oferta seguir\u00e1 condicionada<\/strong> por la<strong> sequ\u00eda<\/strong>, pero tambi\u00e9n por la posibilidad del Gobierno de maximizar la utilizaci\u00f3n del <em>swap<\/em> de monedas con China y el cr\u00e9dito comercial a fin de evitar un deterioro mayor de las <strong>importaciones<\/strong>.<\/p>","protected":false},"excerpt":{"rendered":"<p>En abril,\u00a0el Estimador Mensual de Actividad Econ\u00f3mica (EMAE) retrocedi\u00f3 4,2% i.a., representando la merma m\u00e1s acentuada desde octubre de 2022. As\u00ed, en el acumulado del a\u00f1o la econom\u00eda se mantuvo estancada respecto a 2022 (-0,1% i.a.). Adem\u00e1s, tras tres meses en expansi\u00f3n la actividad econ\u00f3mica mostr\u00f3 una contracci\u00f3n mensual del [&hellip;]<\/p>\n","protected":false},"author":2,"featured_media":3102,"comment_status":"","ping_status":"","sticky":false,"template":"","format":"standard","meta":{"author_name":"Agostina Myronec","image_url":"http:\/\/ecolatina-2018.appspot.com.storage.googleapis.com\/1-200.jpg","_joinchat":[],"footnotes":""},"categories":[1],"tags":[],"class_list":["post-3101","post","type-post","status-publish","format-standard","has-post-thumbnail","hentry","category-sin-categoria"],"aioseo_notices":[],"yoast_head":"<!-- This site is optimized with the Yoast SEO plugin v27.5 - https:\/\/yoast.com\/product\/yoast-seo-wordpress\/ -->\n<title>Lleg\u00f3 el segundo trimestre: la actividad econ\u00f3mica cay\u00f3 en abril - Ecolatina<\/title>\n<meta name=\"robots\" content=\"index, follow, max-snippet:-1, max-image-preview:large, max-video-preview:-1\" \/>\n<link rel=\"canonical\" href=\"https:\/\/ecolatina.com\/en\/2023\/10\/27\/llego-el-segundo-trimestre-la-actividad-economica-cayo-en-abril\/\" \/>\n<meta property=\"og:locale\" content=\"en_US\" \/>\n<meta property=\"og:type\" content=\"article\" \/>\n<meta property=\"og:title\" content=\"Lleg\u00f3 el segundo trimestre: la actividad econ\u00f3mica cay\u00f3 en abril - Ecolatina\" \/>\n<meta property=\"og:description\" content=\"En abril,\u00a0el Estimador Mensual de Actividad Econ\u00f3mica (EMAE) retrocedi\u00f3 4,2% i.a., representando la merma m\u00e1s acentuada desde octubre de 2022. As\u00ed, en el acumulado del a\u00f1o la econom\u00eda se mantuvo estancada respecto a 2022 (-0,1% i.a.). Adem\u00e1s, tras tres meses en expansi\u00f3n la actividad econ\u00f3mica mostr\u00f3 una contracci\u00f3n mensual del [&hellip;]\" \/>\n<meta property=\"og:url\" content=\"https:\/\/ecolatina.com\/en\/2023\/10\/27\/llego-el-segundo-trimestre-la-actividad-economica-cayo-en-abril\/\" \/>\n<meta property=\"og:site_name\" content=\"Ecolatina\" \/>\n<meta property=\"article:published_time\" content=\"2023-10-27T13:53:47+00:00\" \/>\n<meta property=\"og:image\" content=\"http:\/\/ecolatina-2018.appspot.com.storage.googleapis.com\/230703-EMAE-abril.jpg\" \/>\n<meta name=\"author\" content=\"AppVisor Blog Bot\" \/>\n<meta name=\"twitter:card\" content=\"summary_large_image\" \/>\n<meta name=\"twitter:creator\" content=\"@Ecolatina_Arg\" \/>\n<meta name=\"twitter:site\" content=\"@Ecolatina_Arg\" \/>\n<meta name=\"twitter:label1\" content=\"Written by\" \/>\n\t<meta name=\"twitter:data1\" content=\"AppVisor Blog Bot\" \/>\n\t<meta name=\"twitter:label2\" content=\"Est. reading time\" \/>\n\t<meta name=\"twitter:data2\" content=\"5 minutes\" \/>\n<script type=\"application\/ld+json\" class=\"yoast-schema-graph\">{\"@context\":\"https:\\\/\\\/schema.org\",\"@graph\":[{\"@type\":\"Article\",\"@id\":\"https:\\\/\\\/ecolatina.com\\\/2023\\\/10\\\/27\\\/llego-el-segundo-trimestre-la-actividad-economica-cayo-en-abril\\\/#article\",\"isPartOf\":{\"@id\":\"https:\\\/\\\/ecolatina.com\\\/2023\\\/10\\\/27\\\/llego-el-segundo-trimestre-la-actividad-economica-cayo-en-abril\\\/\"},\"author\":{\"name\":\"AppVisor Blog Bot\",\"@id\":\"https:\\\/\\\/ecolatina.com\\\/#\\\/schema\\\/person\\\/ff70142206e33eb083069905ccc586b0\"},\"headline\":\"Lleg\u00f3 el segundo trimestre: la actividad econ\u00f3mica cay\u00f3 en abril\",\"datePublished\":\"2023-10-27T13:53:47+00:00\",\"mainEntityOfPage\":{\"@id\":\"https:\\\/\\\/ecolatina.com\\\/2023\\\/10\\\/27\\\/llego-el-segundo-trimestre-la-actividad-economica-cayo-en-abril\\\/\"},\"wordCount\":1094,\"publisher\":{\"@id\":\"https:\\\/\\\/ecolatina.com\\\/#organization\"},\"image\":{\"@id\":\"https:\\\/\\\/ecolatina.com\\\/2023\\\/10\\\/27\\\/llego-el-segundo-trimestre-la-actividad-economica-cayo-en-abril\\\/#primaryimage\"},\"thumbnailUrl\":\"https:\\\/\\\/ecolatina.com\\\/wp-content\\\/uploads\\\/2023\\\/10\\\/1-200.jpg\",\"articleSection\":[\"Sin categor\u00eda\"],\"inLanguage\":\"en-US\"},{\"@type\":\"WebPage\",\"@id\":\"https:\\\/\\\/ecolatina.com\\\/2023\\\/10\\\/27\\\/llego-el-segundo-trimestre-la-actividad-economica-cayo-en-abril\\\/\",\"url\":\"https:\\\/\\\/ecolatina.com\\\/2023\\\/10\\\/27\\\/llego-el-segundo-trimestre-la-actividad-economica-cayo-en-abril\\\/\",\"name\":\"Lleg\u00f3 el segundo trimestre: la actividad econ\u00f3mica cay\u00f3 en abril - Ecolatina\",\"isPartOf\":{\"@id\":\"https:\\\/\\\/ecolatina.com\\\/#website\"},\"primaryImageOfPage\":{\"@id\":\"https:\\\/\\\/ecolatina.com\\\/2023\\\/10\\\/27\\\/llego-el-segundo-trimestre-la-actividad-economica-cayo-en-abril\\\/#primaryimage\"},\"image\":{\"@id\":\"https:\\\/\\\/ecolatina.com\\\/2023\\\/10\\\/27\\\/llego-el-segundo-trimestre-la-actividad-economica-cayo-en-abril\\\/#primaryimage\"},\"thumbnailUrl\":\"https:\\\/\\\/ecolatina.com\\\/wp-content\\\/uploads\\\/2023\\\/10\\\/1-200.jpg\",\"datePublished\":\"2023-10-27T13:53:47+00:00\",\"breadcrumb\":{\"@id\":\"https:\\\/\\\/ecolatina.com\\\/2023\\\/10\\\/27\\\/llego-el-segundo-trimestre-la-actividad-economica-cayo-en-abril\\\/#breadcrumb\"},\"inLanguage\":\"en-US\",\"potentialAction\":[{\"@type\":\"ReadAction\",\"target\":[\"https:\\\/\\\/ecolatina.com\\\/2023\\\/10\\\/27\\\/llego-el-segundo-trimestre-la-actividad-economica-cayo-en-abril\\\/\"]}]},{\"@type\":\"ImageObject\",\"inLanguage\":\"en-US\",\"@id\":\"https:\\\/\\\/ecolatina.com\\\/2023\\\/10\\\/27\\\/llego-el-segundo-trimestre-la-actividad-economica-cayo-en-abril\\\/#primaryimage\",\"url\":\"https:\\\/\\\/ecolatina.com\\\/wp-content\\\/uploads\\\/2023\\\/10\\\/1-200.jpg\",\"contentUrl\":\"https:\\\/\\\/ecolatina.com\\\/wp-content\\\/uploads\\\/2023\\\/10\\\/1-200.jpg\",\"width\":2104,\"height\":1414},{\"@type\":\"BreadcrumbList\",\"@id\":\"https:\\\/\\\/ecolatina.com\\\/2023\\\/10\\\/27\\\/llego-el-segundo-trimestre-la-actividad-economica-cayo-en-abril\\\/#breadcrumb\",\"itemListElement\":[{\"@type\":\"ListItem\",\"position\":1,\"name\":\"Inicio\",\"item\":\"https:\\\/\\\/ecolatina.com\\\/\"},{\"@type\":\"ListItem\",\"position\":2,\"name\":\"Lleg\u00f3 el segundo trimestre: la actividad econ\u00f3mica cay\u00f3 en abril\"}]},{\"@type\":\"WebSite\",\"@id\":\"https:\\\/\\\/ecolatina.com\\\/#website\",\"url\":\"https:\\\/\\\/ecolatina.com\\\/\",\"name\":\"Ecolatina\",\"description\":\"Tu socio estrat\u00e9gico para la toma de decisiones \",\"publisher\":{\"@id\":\"https:\\\/\\\/ecolatina.com\\\/#organization\"},\"potentialAction\":[{\"@type\":\"SearchAction\",\"target\":{\"@type\":\"EntryPoint\",\"urlTemplate\":\"https:\\\/\\\/ecolatina.com\\\/?s={search_term_string}\"},\"query-input\":{\"@type\":\"PropertyValueSpecification\",\"valueRequired\":true,\"valueName\":\"search_term_string\"}}],\"inLanguage\":\"en-US\"},{\"@type\":\"Organization\",\"@id\":\"https:\\\/\\\/ecolatina.com\\\/#organization\",\"name\":\"Ecolatina\",\"url\":\"https:\\\/\\\/ecolatina.com\\\/\",\"logo\":{\"@type\":\"ImageObject\",\"inLanguage\":\"en-US\",\"@id\":\"https:\\\/\\\/ecolatina.com\\\/#\\\/schema\\\/logo\\\/image\\\/\",\"url\":\"https:\\\/\\\/ecolatina.com\\\/wp-content\\\/uploads\\\/2023\\\/05\\\/Ecolatina_logo_01-verde-sin-tagline.png\",\"contentUrl\":\"https:\\\/\\\/ecolatina.com\\\/wp-content\\\/uploads\\\/2023\\\/05\\\/Ecolatina_logo_01-verde-sin-tagline.png\",\"width\":1008,\"height\":260,\"caption\":\"Ecolatina\"},\"image\":{\"@id\":\"https:\\\/\\\/ecolatina.com\\\/#\\\/schema\\\/logo\\\/image\\\/\"},\"sameAs\":[\"https:\\\/\\\/x.com\\\/Ecolatina_Arg\",\"https:\\\/\\\/www.linkedin.com\\\/company\\\/ecolatina\\\/?originalSubdomain=ar\"]},{\"@type\":\"Person\",\"@id\":\"https:\\\/\\\/ecolatina.com\\\/#\\\/schema\\\/person\\\/ff70142206e33eb083069905ccc586b0\",\"name\":\"AppVisor Blog Bot\",\"url\":\"https:\\\/\\\/ecolatina.com\\\/en\\\/author\\\/appvisorblogbot\\\/\"}]}<\/script>\n<!-- \/ Yoast SEO plugin. -->","yoast_head_json":{"title":"Lleg\u00f3 el segundo trimestre: la actividad econ\u00f3mica cay\u00f3 en abril - Ecolatina","robots":{"index":"index","follow":"follow","max-snippet":"max-snippet:-1","max-image-preview":"max-image-preview:large","max-video-preview":"max-video-preview:-1"},"canonical":"https:\/\/ecolatina.com\/en\/2023\/10\/27\/llego-el-segundo-trimestre-la-actividad-economica-cayo-en-abril\/","og_locale":"en_US","og_type":"article","og_title":"Lleg\u00f3 el segundo trimestre: la actividad econ\u00f3mica cay\u00f3 en abril - Ecolatina","og_description":"En abril,\u00a0el Estimador Mensual de Actividad Econ\u00f3mica (EMAE) retrocedi\u00f3 4,2% i.a., representando la merma m\u00e1s acentuada desde octubre de 2022. As\u00ed, en el acumulado del a\u00f1o la econom\u00eda se mantuvo estancada respecto a 2022 (-0,1% i.a.). Adem\u00e1s, tras tres meses en expansi\u00f3n la actividad econ\u00f3mica mostr\u00f3 una contracci\u00f3n mensual del [&hellip;]","og_url":"https:\/\/ecolatina.com\/en\/2023\/10\/27\/llego-el-segundo-trimestre-la-actividad-economica-cayo-en-abril\/","og_site_name":"Ecolatina","article_published_time":"2023-10-27T13:53:47+00:00","og_image":[{"url":"http:\/\/ecolatina-2018.appspot.com.storage.googleapis.com\/230703-EMAE-abril.jpg","type":"","width":"","height":""}],"author":"AppVisor Blog Bot","twitter_card":"summary_large_image","twitter_creator":"@Ecolatina_Arg","twitter_site":"@Ecolatina_Arg","twitter_misc":{"Written by":"AppVisor Blog Bot","Est. reading time":"5 minutes"},"schema":{"@context":"https:\/\/schema.org","@graph":[{"@type":"Article","@id":"https:\/\/ecolatina.com\/2023\/10\/27\/llego-el-segundo-trimestre-la-actividad-economica-cayo-en-abril\/#article","isPartOf":{"@id":"https:\/\/ecolatina.com\/2023\/10\/27\/llego-el-segundo-trimestre-la-actividad-economica-cayo-en-abril\/"},"author":{"name":"AppVisor Blog Bot","@id":"https:\/\/ecolatina.com\/#\/schema\/person\/ff70142206e33eb083069905ccc586b0"},"headline":"Lleg\u00f3 el segundo trimestre: la actividad econ\u00f3mica cay\u00f3 en abril","datePublished":"2023-10-27T13:53:47+00:00","mainEntityOfPage":{"@id":"https:\/\/ecolatina.com\/2023\/10\/27\/llego-el-segundo-trimestre-la-actividad-economica-cayo-en-abril\/"},"wordCount":1094,"publisher":{"@id":"https:\/\/ecolatina.com\/#organization"},"image":{"@id":"https:\/\/ecolatina.com\/2023\/10\/27\/llego-el-segundo-trimestre-la-actividad-economica-cayo-en-abril\/#primaryimage"},"thumbnailUrl":"https:\/\/ecolatina.com\/wp-content\/uploads\/2023\/10\/1-200.jpg","articleSection":["Sin categor\u00eda"],"inLanguage":"en-US"},{"@type":"WebPage","@id":"https:\/\/ecolatina.com\/2023\/10\/27\/llego-el-segundo-trimestre-la-actividad-economica-cayo-en-abril\/","url":"https:\/\/ecolatina.com\/2023\/10\/27\/llego-el-segundo-trimestre-la-actividad-economica-cayo-en-abril\/","name":"Lleg\u00f3 el segundo trimestre: la actividad econ\u00f3mica cay\u00f3 en abril - Ecolatina","isPartOf":{"@id":"https:\/\/ecolatina.com\/#website"},"primaryImageOfPage":{"@id":"https:\/\/ecolatina.com\/2023\/10\/27\/llego-el-segundo-trimestre-la-actividad-economica-cayo-en-abril\/#primaryimage"},"image":{"@id":"https:\/\/ecolatina.com\/2023\/10\/27\/llego-el-segundo-trimestre-la-actividad-economica-cayo-en-abril\/#primaryimage"},"thumbnailUrl":"https:\/\/ecolatina.com\/wp-content\/uploads\/2023\/10\/1-200.jpg","datePublished":"2023-10-27T13:53:47+00:00","breadcrumb":{"@id":"https:\/\/ecolatina.com\/2023\/10\/27\/llego-el-segundo-trimestre-la-actividad-economica-cayo-en-abril\/#breadcrumb"},"inLanguage":"en-US","potentialAction":[{"@type":"ReadAction","target":["https:\/\/ecolatina.com\/2023\/10\/27\/llego-el-segundo-trimestre-la-actividad-economica-cayo-en-abril\/"]}]},{"@type":"ImageObject","inLanguage":"en-US","@id":"https:\/\/ecolatina.com\/2023\/10\/27\/llego-el-segundo-trimestre-la-actividad-economica-cayo-en-abril\/#primaryimage","url":"https:\/\/ecolatina.com\/wp-content\/uploads\/2023\/10\/1-200.jpg","contentUrl":"https:\/\/ecolatina.com\/wp-content\/uploads\/2023\/10\/1-200.jpg","width":2104,"height":1414},{"@type":"BreadcrumbList","@id":"https:\/\/ecolatina.com\/2023\/10\/27\/llego-el-segundo-trimestre-la-actividad-economica-cayo-en-abril\/#breadcrumb","itemListElement":[{"@type":"ListItem","position":1,"name":"Inicio","item":"https:\/\/ecolatina.com\/"},{"@type":"ListItem","position":2,"name":"Lleg\u00f3 el segundo trimestre: la actividad econ\u00f3mica cay\u00f3 en abril"}]},{"@type":"WebSite","@id":"https:\/\/ecolatina.com\/#website","url":"https:\/\/ecolatina.com\/","name":"Ecolatina","description":"Tu socio estrat\u00e9gico para la toma de decisiones","publisher":{"@id":"https:\/\/ecolatina.com\/#organization"},"potentialAction":[{"@type":"SearchAction","target":{"@type":"EntryPoint","urlTemplate":"https:\/\/ecolatina.com\/?s={search_term_string}"},"query-input":{"@type":"PropertyValueSpecification","valueRequired":true,"valueName":"search_term_string"}}],"inLanguage":"en-US"},{"@type":"Organization","@id":"https:\/\/ecolatina.com\/#organization","name":"Ecolatina","url":"https:\/\/ecolatina.com\/","logo":{"@type":"ImageObject","inLanguage":"en-US","@id":"https:\/\/ecolatina.com\/#\/schema\/logo\/image\/","url":"https:\/\/ecolatina.com\/wp-content\/uploads\/2023\/05\/Ecolatina_logo_01-verde-sin-tagline.png","contentUrl":"https:\/\/ecolatina.com\/wp-content\/uploads\/2023\/05\/Ecolatina_logo_01-verde-sin-tagline.png","width":1008,"height":260,"caption":"Ecolatina"},"image":{"@id":"https:\/\/ecolatina.com\/#\/schema\/logo\/image\/"},"sameAs":["https:\/\/x.com\/Ecolatina_Arg","https:\/\/www.linkedin.com\/company\/ecolatina\/?originalSubdomain=ar"]},{"@type":"Person","@id":"https:\/\/ecolatina.com\/#\/schema\/person\/ff70142206e33eb083069905ccc586b0","name":"AppVisor Blog Bot","url":"https:\/\/ecolatina.com\/en\/author\/appvisorblogbot\/"}]}},"_links":{"self":[{"href":"https:\/\/ecolatina.com\/en\/wp-json\/wp\/v2\/posts\/3101","targetHints":{"allow":["GET"]}}],"collection":[{"href":"https:\/\/ecolatina.com\/en\/wp-json\/wp\/v2\/posts"}],"about":[{"href":"https:\/\/ecolatina.com\/en\/wp-json\/wp\/v2\/types\/post"}],"author":[{"embeddable":true,"href":"https:\/\/ecolatina.com\/en\/wp-json\/wp\/v2\/users\/2"}],"replies":[{"embeddable":true,"href":"https:\/\/ecolatina.com\/en\/wp-json\/wp\/v2\/comments?post=3101"}],"version-history":[{"count":0,"href":"https:\/\/ecolatina.com\/en\/wp-json\/wp\/v2\/posts\/3101\/revisions"}],"wp:featuredmedia":[{"embeddable":true,"href":"https:\/\/ecolatina.com\/en\/wp-json\/wp\/v2\/media\/3102"}],"wp:attachment":[{"href":"https:\/\/ecolatina.com\/en\/wp-json\/wp\/v2\/media?parent=3101"}],"wp:term":[{"taxonomy":"category","embeddable":true,"href":"https:\/\/ecolatina.com\/en\/wp-json\/wp\/v2\/categories?post=3101"},{"taxonomy":"post_tag","embeddable":true,"href":"https:\/\/ecolatina.com\/en\/wp-json\/wp\/v2\/tags?post=3101"}],"curies":[{"name":"wp","href":"https:\/\/api.w.org\/{rel}","templated":true}]}}