{"id":3427,"date":"2023-12-18T17:19:05","date_gmt":"2023-12-18T20:19:05","guid":{"rendered":"https:\/\/ecolatina.com\/2023\/12\/18\/no-todas-las-fuentes-para-ajustar-el-deficit-gozan-de-consenso-social\/"},"modified":"2023-12-18T17:19:05","modified_gmt":"2023-12-18T20:19:05","slug":"no-todas-las-fuentes-para-ajustar-el-deficit-gozan-de-consenso-social","status":"publish","type":"post","link":"https:\/\/ecolatina.com\/en\/2023\/12\/18\/no-todas-las-fuentes-para-ajustar-el-deficit-gozan-de-consenso-social\/","title":{"rendered":"No todas las fuentes para ajustar el d\u00e9ficit gozan de consenso social"},"content":{"rendered":"<p><span style=\"font-weight: 400\">Uno de los <strong>principales desaf\u00edos pol\u00edticos que enfrenta Javier Milei es corregir el d\u00e9ficit fiscal.<\/strong> Para esta tarea, el gobierno ha venido advirtiendo que buscar\u00e1 diversas fuentes de ahorro para eliminar el d\u00e9ficit. Entre ellas, hay 5 principales: reducir gastos administrativos y empleo p\u00fablico, no financiar el d\u00e9ficit de las empresas p\u00fablicas, ahorrar gasto en subsidios econ\u00f3micos (con el correlato de trasladar ese costo a los usuarios), paralizar la obra p\u00fablica y reducir las transferencias discrecionales a las provincias.\u00a0<\/span><\/p>\n<p><span style=\"font-weight: 400\">La decisi\u00f3n de buscar el ahorro en <strong>recortar gastos administrativos y empleo p\u00fablico<\/strong> es la fuente que m\u00e1s apoyo social recoge. Un 56,2% de los consultados se mostraron a favor de ahorrar recursos de esta forma. <\/span><\/p>\n<p><span style=\"font-weight: 400\">Por el lado de las empresas p\u00fablicas, la idea de <strong>no financiar m\u00e1s el d\u00e9ficit de empresas,<\/strong> como Aerol\u00edneas Argentinas, AYSA o Ferrocarriles Argentinos, recoge el apoyo de m\u00e1s del 50% de los consultados, mientras que s\u00f3lo un 41,0% de ellos se manifiesta poco o nada de acuerdo en ajustar ese gasto.<\/span><\/p>\n<p><span style=\"font-weight: 400\">La propuesta de <strong>paralizar toda la obra p\u00fablica<\/strong> es una de las 3 fuentes de ahorro que recogen m\u00e1s rechazos que apoyos. Un 48,4% se manifiesta poco o nada de acuerdo mientras que un 42,5% se manifiesta a favor de ahorrar recursos paralizando la obra p\u00fablica para eliminar el d\u00e9ficit fiscal.<\/span><\/p>\n<p>Tampoco recoge amplio consenso social la idea de <strong>paralizar las transferencias discrecionales a las provincias.<\/strong> Solo un 36,3% se manifiesta a favor, mientras que un 46,5% lo hace en contra de la propuesta.<\/p>\n<p>Finalmente, la propuesta que m\u00e1s rechazos genera es la de<strong> reducir los subsidios econ\u00f3micos<\/strong> (aumentar tarifas de servicios p\u00fablicos). Solo un 36% se manifiesta a favor, mientras un 53,3% se manifiesta en contra.<\/p>\n<p>En definitiva, el desaf\u00edo pol\u00edtico de eliminar el d\u00e9ficit fiscal toma dimensi\u00f3n cuando se eval\u00faa el apoyo social que recogen las alternativas de ajustar el gasto p\u00fablico. Sobre todo porque muchas de las fuentes de ahorro, son fuentes que terminan repercutiendo en los bolsillos de la gente, o chocando contra paradigmas aspiracionales respecto de lo que el Estado debe ser o debe tener.<\/p>\n<p><img fetchpriority=\"high\" decoding=\"async\" class=\"wp-image-16092 aligncenter\" src=\"http:\/\/ecolatina-2018.appspot.com.storage.googleapis.com\/reduccion-deficit.jpg\" alt=\"\" width=\"778\" height=\"302\" \/><\/p>\n<p>Lo curioso del gr\u00e1fico es el hecho de que de todas las fuentes analizadas, la que<strong> m\u00e1s apoyo social recoge es la de reducir gastos administrativos o recortar empleo p\u00fablico,<\/strong> que es quiz\u00e1 la \u00fanica que no repercute directa o indirectamente (a\u00fan siendo que todas de alguna manera terminan repercutiendo en la gente). Ser\u00eda la versi\u00f3n de que<strong> el ajuste lo paga la \u201ccasta\u201d o los privilegios de la pol\u00edtica.<\/strong><\/p>\n<p><em><strong>La presente es una s\u00edntesis del Panorama de Opini\u00f3n P\u00fablica<\/strong><strong>, exclusivo para clientes Corporate.<\/strong><\/em><\/p>\n<div id=\"socialButtonOnPage\" class=\"leftSocialButtonOnPage\">\n<div class=\"csbwfs-sbutton-post\">\n<div id=\"fb-p\" class=\"csbwfs-fb\"><\/div>\n<\/div>\n<\/div>","protected":false},"excerpt":{"rendered":"<p>Uno de los principales desaf\u00edos pol\u00edticos que enfrenta Javier Milei es corregir el d\u00e9ficit fiscal. Para esta tarea, el gobierno ha venido advirtiendo que buscar\u00e1 diversas fuentes de ahorro para eliminar el d\u00e9ficit. Entre ellas, hay 5 principales: reducir gastos administrativos y empleo p\u00fablico, no financiar el d\u00e9ficit de las [&hellip;]<\/p>\n","protected":false},"author":2,"featured_media":3428,"comment_status":"","ping_status":"","sticky":false,"template":"","format":"standard","meta":{"author_name":"Dolores Branc\u00f3s","image_url":"http:\/\/ecolatina-2018.appspot.com.storage.googleapis.com\/milei-deficit.jpg","_joinchat":[],"footnotes":""},"categories":[1],"tags":[],"class_list":["post-3427","post","type-post","status-publish","format-standard","has-post-thumbnail","hentry","category-sin-categoria"],"aioseo_notices":[],"yoast_head":"<!-- This site is optimized with the Yoast SEO plugin v27.5 - https:\/\/yoast.com\/product\/yoast-seo-wordpress\/ -->\n<title>No todas las fuentes para ajustar el d\u00e9ficit gozan de consenso social - Ecolatina<\/title>\n<meta name=\"robots\" content=\"index, follow, max-snippet:-1, max-image-preview:large, max-video-preview:-1\" \/>\n<link rel=\"canonical\" href=\"https:\/\/ecolatina.com\/en\/2023\/12\/18\/no-todas-las-fuentes-para-ajustar-el-deficit-gozan-de-consenso-social\/\" \/>\n<meta property=\"og:locale\" content=\"en_US\" \/>\n<meta property=\"og:type\" content=\"article\" \/>\n<meta property=\"og:title\" content=\"No todas las fuentes para ajustar el d\u00e9ficit gozan de consenso social - Ecolatina\" \/>\n<meta property=\"og:description\" content=\"Uno de los principales desaf\u00edos pol\u00edticos que enfrenta Javier Milei es corregir el d\u00e9ficit fiscal. Para esta tarea, el gobierno ha venido advirtiendo que buscar\u00e1 diversas fuentes de ahorro para eliminar el d\u00e9ficit. Entre ellas, hay 5 principales: reducir gastos administrativos y empleo p\u00fablico, no financiar el d\u00e9ficit de las [&hellip;]\" \/>\n<meta property=\"og:url\" content=\"https:\/\/ecolatina.com\/en\/2023\/12\/18\/no-todas-las-fuentes-para-ajustar-el-deficit-gozan-de-consenso-social\/\" \/>\n<meta property=\"og:site_name\" content=\"Ecolatina\" \/>\n<meta property=\"article:published_time\" content=\"2023-12-18T20:19:05+00:00\" \/>\n<meta property=\"og:image\" content=\"http:\/\/ecolatina-2018.appspot.com.storage.googleapis.com\/reduccion-deficit.jpg\" \/>\n<meta name=\"author\" content=\"AppVisor Blog Bot\" \/>\n<meta name=\"twitter:card\" content=\"summary_large_image\" \/>\n<meta name=\"twitter:creator\" content=\"@Ecolatina_Arg\" \/>\n<meta name=\"twitter:site\" content=\"@Ecolatina_Arg\" \/>\n<meta name=\"twitter:label1\" content=\"Written by\" \/>\n\t<meta name=\"twitter:data1\" content=\"AppVisor Blog Bot\" \/>\n\t<meta name=\"twitter:label2\" content=\"Est. reading time\" \/>\n\t<meta name=\"twitter:data2\" content=\"2 minutes\" \/>\n<script type=\"application\/ld+json\" class=\"yoast-schema-graph\">{\"@context\":\"https:\\\/\\\/schema.org\",\"@graph\":[{\"@type\":\"Article\",\"@id\":\"https:\\\/\\\/ecolatina.com\\\/2023\\\/12\\\/18\\\/no-todas-las-fuentes-para-ajustar-el-deficit-gozan-de-consenso-social\\\/#article\",\"isPartOf\":{\"@id\":\"https:\\\/\\\/ecolatina.com\\\/2023\\\/12\\\/18\\\/no-todas-las-fuentes-para-ajustar-el-deficit-gozan-de-consenso-social\\\/\"},\"author\":{\"name\":\"AppVisor Blog Bot\",\"@id\":\"https:\\\/\\\/ecolatina.com\\\/#\\\/schema\\\/person\\\/ff70142206e33eb083069905ccc586b0\"},\"headline\":\"No todas las fuentes para ajustar el d\u00e9ficit gozan de consenso social\",\"datePublished\":\"2023-12-18T20:19:05+00:00\",\"mainEntityOfPage\":{\"@id\":\"https:\\\/\\\/ecolatina.com\\\/2023\\\/12\\\/18\\\/no-todas-las-fuentes-para-ajustar-el-deficit-gozan-de-consenso-social\\\/\"},\"wordCount\":474,\"publisher\":{\"@id\":\"https:\\\/\\\/ecolatina.com\\\/#organization\"},\"image\":{\"@id\":\"https:\\\/\\\/ecolatina.com\\\/2023\\\/12\\\/18\\\/no-todas-las-fuentes-para-ajustar-el-deficit-gozan-de-consenso-social\\\/#primaryimage\"},\"thumbnailUrl\":\"https:\\\/\\\/ecolatina.com\\\/wp-content\\\/uploads\\\/2023\\\/12\\\/milei-deficit-scaled.jpg\",\"articleSection\":[\"Sin categor\u00eda\"],\"inLanguage\":\"en-US\"},{\"@type\":\"WebPage\",\"@id\":\"https:\\\/\\\/ecolatina.com\\\/2023\\\/12\\\/18\\\/no-todas-las-fuentes-para-ajustar-el-deficit-gozan-de-consenso-social\\\/\",\"url\":\"https:\\\/\\\/ecolatina.com\\\/2023\\\/12\\\/18\\\/no-todas-las-fuentes-para-ajustar-el-deficit-gozan-de-consenso-social\\\/\",\"name\":\"No todas las fuentes para ajustar el d\u00e9ficit gozan de consenso social - Ecolatina\",\"isPartOf\":{\"@id\":\"https:\\\/\\\/ecolatina.com\\\/#website\"},\"primaryImageOfPage\":{\"@id\":\"https:\\\/\\\/ecolatina.com\\\/2023\\\/12\\\/18\\\/no-todas-las-fuentes-para-ajustar-el-deficit-gozan-de-consenso-social\\\/#primaryimage\"},\"image\":{\"@id\":\"https:\\\/\\\/ecolatina.com\\\/2023\\\/12\\\/18\\\/no-todas-las-fuentes-para-ajustar-el-deficit-gozan-de-consenso-social\\\/#primaryimage\"},\"thumbnailUrl\":\"https:\\\/\\\/ecolatina.com\\\/wp-content\\\/uploads\\\/2023\\\/12\\\/milei-deficit-scaled.jpg\",\"datePublished\":\"2023-12-18T20:19:05+00:00\",\"breadcrumb\":{\"@id\":\"https:\\\/\\\/ecolatina.com\\\/2023\\\/12\\\/18\\\/no-todas-las-fuentes-para-ajustar-el-deficit-gozan-de-consenso-social\\\/#breadcrumb\"},\"inLanguage\":\"en-US\",\"potentialAction\":[{\"@type\":\"ReadAction\",\"target\":[\"https:\\\/\\\/ecolatina.com\\\/2023\\\/12\\\/18\\\/no-todas-las-fuentes-para-ajustar-el-deficit-gozan-de-consenso-social\\\/\"]}]},{\"@type\":\"ImageObject\",\"inLanguage\":\"en-US\",\"@id\":\"https:\\\/\\\/ecolatina.com\\\/2023\\\/12\\\/18\\\/no-todas-las-fuentes-para-ajustar-el-deficit-gozan-de-consenso-social\\\/#primaryimage\",\"url\":\"https:\\\/\\\/ecolatina.com\\\/wp-content\\\/uploads\\\/2023\\\/12\\\/milei-deficit-scaled.jpg\",\"contentUrl\":\"https:\\\/\\\/ecolatina.com\\\/wp-content\\\/uploads\\\/2023\\\/12\\\/milei-deficit-scaled.jpg\",\"width\":2560,\"height\":1709},{\"@type\":\"BreadcrumbList\",\"@id\":\"https:\\\/\\\/ecolatina.com\\\/2023\\\/12\\\/18\\\/no-todas-las-fuentes-para-ajustar-el-deficit-gozan-de-consenso-social\\\/#breadcrumb\",\"itemListElement\":[{\"@type\":\"ListItem\",\"position\":1,\"name\":\"Inicio\",\"item\":\"https:\\\/\\\/ecolatina.com\\\/\"},{\"@type\":\"ListItem\",\"position\":2,\"name\":\"No todas las fuentes para ajustar el d\u00e9ficit gozan de consenso social\"}]},{\"@type\":\"WebSite\",\"@id\":\"https:\\\/\\\/ecolatina.com\\\/#website\",\"url\":\"https:\\\/\\\/ecolatina.com\\\/\",\"name\":\"Ecolatina\",\"description\":\"Tu socio estrat\u00e9gico para la toma de decisiones \",\"publisher\":{\"@id\":\"https:\\\/\\\/ecolatina.com\\\/#organization\"},\"potentialAction\":[{\"@type\":\"SearchAction\",\"target\":{\"@type\":\"EntryPoint\",\"urlTemplate\":\"https:\\\/\\\/ecolatina.com\\\/?s={search_term_string}\"},\"query-input\":{\"@type\":\"PropertyValueSpecification\",\"valueRequired\":true,\"valueName\":\"search_term_string\"}}],\"inLanguage\":\"en-US\"},{\"@type\":\"Organization\",\"@id\":\"https:\\\/\\\/ecolatina.com\\\/#organization\",\"name\":\"Ecolatina\",\"url\":\"https:\\\/\\\/ecolatina.com\\\/\",\"logo\":{\"@type\":\"ImageObject\",\"inLanguage\":\"en-US\",\"@id\":\"https:\\\/\\\/ecolatina.com\\\/#\\\/schema\\\/logo\\\/image\\\/\",\"url\":\"https:\\\/\\\/ecolatina.com\\\/wp-content\\\/uploads\\\/2023\\\/05\\\/Ecolatina_logo_01-verde-sin-tagline.png\",\"contentUrl\":\"https:\\\/\\\/ecolatina.com\\\/wp-content\\\/uploads\\\/2023\\\/05\\\/Ecolatina_logo_01-verde-sin-tagline.png\",\"width\":1008,\"height\":260,\"caption\":\"Ecolatina\"},\"image\":{\"@id\":\"https:\\\/\\\/ecolatina.com\\\/#\\\/schema\\\/logo\\\/image\\\/\"},\"sameAs\":[\"https:\\\/\\\/x.com\\\/Ecolatina_Arg\",\"https:\\\/\\\/www.linkedin.com\\\/company\\\/ecolatina\\\/?originalSubdomain=ar\"]},{\"@type\":\"Person\",\"@id\":\"https:\\\/\\\/ecolatina.com\\\/#\\\/schema\\\/person\\\/ff70142206e33eb083069905ccc586b0\",\"name\":\"AppVisor Blog Bot\",\"url\":\"https:\\\/\\\/ecolatina.com\\\/en\\\/author\\\/appvisorblogbot\\\/\"}]}<\/script>\n<!-- \/ Yoast SEO plugin. -->","yoast_head_json":{"title":"No todas las fuentes para ajustar el d\u00e9ficit gozan de consenso social - Ecolatina","robots":{"index":"index","follow":"follow","max-snippet":"max-snippet:-1","max-image-preview":"max-image-preview:large","max-video-preview":"max-video-preview:-1"},"canonical":"https:\/\/ecolatina.com\/en\/2023\/12\/18\/no-todas-las-fuentes-para-ajustar-el-deficit-gozan-de-consenso-social\/","og_locale":"en_US","og_type":"article","og_title":"No todas las fuentes para ajustar el d\u00e9ficit gozan de consenso social - Ecolatina","og_description":"Uno de los principales desaf\u00edos pol\u00edticos que enfrenta Javier Milei es corregir el d\u00e9ficit fiscal. Para esta tarea, el gobierno ha venido advirtiendo que buscar\u00e1 diversas fuentes de ahorro para eliminar el d\u00e9ficit. Entre ellas, hay 5 principales: reducir gastos administrativos y empleo p\u00fablico, no financiar el d\u00e9ficit de las [&hellip;]","og_url":"https:\/\/ecolatina.com\/en\/2023\/12\/18\/no-todas-las-fuentes-para-ajustar-el-deficit-gozan-de-consenso-social\/","og_site_name":"Ecolatina","article_published_time":"2023-12-18T20:19:05+00:00","og_image":[{"url":"http:\/\/ecolatina-2018.appspot.com.storage.googleapis.com\/reduccion-deficit.jpg","type":"","width":"","height":""}],"author":"AppVisor Blog Bot","twitter_card":"summary_large_image","twitter_creator":"@Ecolatina_Arg","twitter_site":"@Ecolatina_Arg","twitter_misc":{"Written by":"AppVisor Blog Bot","Est. reading time":"2 minutes"},"schema":{"@context":"https:\/\/schema.org","@graph":[{"@type":"Article","@id":"https:\/\/ecolatina.com\/2023\/12\/18\/no-todas-las-fuentes-para-ajustar-el-deficit-gozan-de-consenso-social\/#article","isPartOf":{"@id":"https:\/\/ecolatina.com\/2023\/12\/18\/no-todas-las-fuentes-para-ajustar-el-deficit-gozan-de-consenso-social\/"},"author":{"name":"AppVisor Blog Bot","@id":"https:\/\/ecolatina.com\/#\/schema\/person\/ff70142206e33eb083069905ccc586b0"},"headline":"No todas las fuentes para ajustar el d\u00e9ficit gozan de consenso social","datePublished":"2023-12-18T20:19:05+00:00","mainEntityOfPage":{"@id":"https:\/\/ecolatina.com\/2023\/12\/18\/no-todas-las-fuentes-para-ajustar-el-deficit-gozan-de-consenso-social\/"},"wordCount":474,"publisher":{"@id":"https:\/\/ecolatina.com\/#organization"},"image":{"@id":"https:\/\/ecolatina.com\/2023\/12\/18\/no-todas-las-fuentes-para-ajustar-el-deficit-gozan-de-consenso-social\/#primaryimage"},"thumbnailUrl":"https:\/\/ecolatina.com\/wp-content\/uploads\/2023\/12\/milei-deficit-scaled.jpg","articleSection":["Sin categor\u00eda"],"inLanguage":"en-US"},{"@type":"WebPage","@id":"https:\/\/ecolatina.com\/2023\/12\/18\/no-todas-las-fuentes-para-ajustar-el-deficit-gozan-de-consenso-social\/","url":"https:\/\/ecolatina.com\/2023\/12\/18\/no-todas-las-fuentes-para-ajustar-el-deficit-gozan-de-consenso-social\/","name":"No todas las fuentes para ajustar el d\u00e9ficit gozan de consenso social - Ecolatina","isPartOf":{"@id":"https:\/\/ecolatina.com\/#website"},"primaryImageOfPage":{"@id":"https:\/\/ecolatina.com\/2023\/12\/18\/no-todas-las-fuentes-para-ajustar-el-deficit-gozan-de-consenso-social\/#primaryimage"},"image":{"@id":"https:\/\/ecolatina.com\/2023\/12\/18\/no-todas-las-fuentes-para-ajustar-el-deficit-gozan-de-consenso-social\/#primaryimage"},"thumbnailUrl":"https:\/\/ecolatina.com\/wp-content\/uploads\/2023\/12\/milei-deficit-scaled.jpg","datePublished":"2023-12-18T20:19:05+00:00","breadcrumb":{"@id":"https:\/\/ecolatina.com\/2023\/12\/18\/no-todas-las-fuentes-para-ajustar-el-deficit-gozan-de-consenso-social\/#breadcrumb"},"inLanguage":"en-US","potentialAction":[{"@type":"ReadAction","target":["https:\/\/ecolatina.com\/2023\/12\/18\/no-todas-las-fuentes-para-ajustar-el-deficit-gozan-de-consenso-social\/"]}]},{"@type":"ImageObject","inLanguage":"en-US","@id":"https:\/\/ecolatina.com\/2023\/12\/18\/no-todas-las-fuentes-para-ajustar-el-deficit-gozan-de-consenso-social\/#primaryimage","url":"https:\/\/ecolatina.com\/wp-content\/uploads\/2023\/12\/milei-deficit-scaled.jpg","contentUrl":"https:\/\/ecolatina.com\/wp-content\/uploads\/2023\/12\/milei-deficit-scaled.jpg","width":2560,"height":1709},{"@type":"BreadcrumbList","@id":"https:\/\/ecolatina.com\/2023\/12\/18\/no-todas-las-fuentes-para-ajustar-el-deficit-gozan-de-consenso-social\/#breadcrumb","itemListElement":[{"@type":"ListItem","position":1,"name":"Inicio","item":"https:\/\/ecolatina.com\/"},{"@type":"ListItem","position":2,"name":"No todas las fuentes para ajustar el d\u00e9ficit gozan de consenso social"}]},{"@type":"WebSite","@id":"https:\/\/ecolatina.com\/#website","url":"https:\/\/ecolatina.com\/","name":"Ecolatina","description":"Tu socio estrat\u00e9gico para la toma de decisiones","publisher":{"@id":"https:\/\/ecolatina.com\/#organization"},"potentialAction":[{"@type":"SearchAction","target":{"@type":"EntryPoint","urlTemplate":"https:\/\/ecolatina.com\/?s={search_term_string}"},"query-input":{"@type":"PropertyValueSpecification","valueRequired":true,"valueName":"search_term_string"}}],"inLanguage":"en-US"},{"@type":"Organization","@id":"https:\/\/ecolatina.com\/#organization","name":"Ecolatina","url":"https:\/\/ecolatina.com\/","logo":{"@type":"ImageObject","inLanguage":"en-US","@id":"https:\/\/ecolatina.com\/#\/schema\/logo\/image\/","url":"https:\/\/ecolatina.com\/wp-content\/uploads\/2023\/05\/Ecolatina_logo_01-verde-sin-tagline.png","contentUrl":"https:\/\/ecolatina.com\/wp-content\/uploads\/2023\/05\/Ecolatina_logo_01-verde-sin-tagline.png","width":1008,"height":260,"caption":"Ecolatina"},"image":{"@id":"https:\/\/ecolatina.com\/#\/schema\/logo\/image\/"},"sameAs":["https:\/\/x.com\/Ecolatina_Arg","https:\/\/www.linkedin.com\/company\/ecolatina\/?originalSubdomain=ar"]},{"@type":"Person","@id":"https:\/\/ecolatina.com\/#\/schema\/person\/ff70142206e33eb083069905ccc586b0","name":"AppVisor Blog Bot","url":"https:\/\/ecolatina.com\/en\/author\/appvisorblogbot\/"}]}},"_links":{"self":[{"href":"https:\/\/ecolatina.com\/en\/wp-json\/wp\/v2\/posts\/3427","targetHints":{"allow":["GET"]}}],"collection":[{"href":"https:\/\/ecolatina.com\/en\/wp-json\/wp\/v2\/posts"}],"about":[{"href":"https:\/\/ecolatina.com\/en\/wp-json\/wp\/v2\/types\/post"}],"author":[{"embeddable":true,"href":"https:\/\/ecolatina.com\/en\/wp-json\/wp\/v2\/users\/2"}],"replies":[{"embeddable":true,"href":"https:\/\/ecolatina.com\/en\/wp-json\/wp\/v2\/comments?post=3427"}],"version-history":[{"count":0,"href":"https:\/\/ecolatina.com\/en\/wp-json\/wp\/v2\/posts\/3427\/revisions"}],"wp:featuredmedia":[{"embeddable":true,"href":"https:\/\/ecolatina.com\/en\/wp-json\/wp\/v2\/media\/3428"}],"wp:attachment":[{"href":"https:\/\/ecolatina.com\/en\/wp-json\/wp\/v2\/media?parent=3427"}],"wp:term":[{"taxonomy":"category","embeddable":true,"href":"https:\/\/ecolatina.com\/en\/wp-json\/wp\/v2\/categories?post=3427"},{"taxonomy":"post_tag","embeddable":true,"href":"https:\/\/ecolatina.com\/en\/wp-json\/wp\/v2\/tags?post=3427"}],"curies":[{"name":"wp","href":"https:\/\/api.w.org\/{rel}","templated":true}]}}