{"id":3433,"date":"2023-12-20T17:09:59","date_gmt":"2023-12-20T20:09:59","guid":{"rendered":"https:\/\/ecolatina.com\/2023\/12\/20\/correccion-de-precios-relativos-y-aceleracion-inflacionaria-hasta-cuando\/"},"modified":"2023-12-20T17:29:50","modified_gmt":"2023-12-20T20:29:50","slug":"correccion-de-precios-relativos-y-aceleracion-inflacionaria-hasta-cuando","status":"publish","type":"post","link":"https:\/\/ecolatina.com\/en\/2023\/12\/20\/correccion-de-precios-relativos-y-aceleracion-inflacionaria-hasta-cuando\/","title":{"rendered":"Correcci\u00f3n de precios relativos y aceleraci\u00f3n inflacionaria: \u00bfhasta cu\u00e1ndo?"},"content":{"rendered":"<p><em>La necesaria correcci\u00f3n de precios relativos acentuar\u00e1 la aceleraci\u00f3n de la din\u00e1mica inflacionaria que se observa desde la segunda quincena de octubre, derivada de las expectativas de una pronta devaluaci\u00f3n y el desanclaje de los acuerdos de precios vigentes impuestos por un gobierno en salida que perd\u00eda poder de control y una futura administraci\u00f3n que promueve \u201cprecios libres\u201d.<\/em><\/p>\n<p><em>Dado el esquema planteado por el Gobierno, cabe preguntarse qu\u00e9 factores contribuir\u00edan a que se logren anclar expectativas y que la econom\u00eda pierda \u201cmemoria inflacionaria\u201d en la b\u00fasqueda por estabilizar la nominalidad una vez atravesada la aceleraci\u00f3n inflacionaria inicial.<\/em><\/p>\n<p><em>Adem\u00e1s de atacar los factores de inflaci\u00f3n subyacente a nivel macroecon\u00f3mico, la velocidad a la que se reduzca la inflaci\u00f3n depender\u00e1 asimismo de si la recesi\u00f3n econ\u00f3mica y la amenaza de un aumento en el desempleo logran contener los incrementos de precios y las demandas de recomposici\u00f3n de ingresos, algo que podr\u00eda estar influido adicionalmente por las reformas\/desregulaciones anunciadas y\/o cierta apertura comercial que busque generar mayor competencia en el mercado local.<\/em><\/p>\n<p>&nbsp;<\/p>\n<p>El <strong>IPC INDEC a nivel Nacional<\/strong> se aceler\u00f3 al 12,8% mensual en noviembre (desde 8,3% en octubre), resultado que estuvo en l\u00ednea con lo anticipado por nuestro IPC Ecolatina (12,7%) y que marc\u00f3 el mayor registro desde febrero de 1991 (27%). De este modo, el IPC trep\u00f3 160,9% i.a. y 148,2% en los primeros once meses del a\u00f1o.<\/p>\n<p><img fetchpriority=\"high\" decoding=\"async\" class=\"wp-image-16106 aligncenter\" src=\"http:\/\/ecolatina-2018.appspot.com.storage.googleapis.com\/Infla-i.a.jpg\" alt=\"\" width=\"697\" height=\"394\" \/><\/p>\n<p>El <strong>IPC N\u00facleo<\/strong> &#8211;<em>proxy<\/em> de la tendencia e inercia inflacionaria, al excluir precios regulados y estacionales- salt\u00f3 al 13,4%, nivel similar al de agosto y septiembre tras la devaluaci\u00f3n post-PASO, mientras que los <strong>Regulados <\/strong>(10,1%) volvieron a subir por debajo del promedio por cuarto mes consecutivo, siendo a\u00fan menor el incremento en los servicios p\u00fablicos (8,6%).<\/p>\n<p>Tras la moderaci\u00f3n registrada hasta la primera quincena de octubre, a partir de ah\u00ed la din\u00e1mica inflacionaria volvi\u00f3 r\u00e1pidamente a superar los dos d\u00edgitos mensuales en la segunda mitad de octubre. Esta aceleraci\u00f3n se acentu\u00f3 <strong>tras el <em>ballotage<\/em><\/strong> del 19 de noviembre, ante las <strong>expectativas de una pronta devaluaci\u00f3n<\/strong> y el <strong>desanclaje de los acuerdos de precios<\/strong> vigentes impuestos por un gobierno en salida que perd\u00eda poder de control y una futura administraci\u00f3n que promueve \u201cprecios libres\u201d, afectando a rubros como consumo masivo, combustibles y medicamentos, entre otros.<\/p>\n<p>Sin embargo, frente a la fase de correcci\u00f3n de precios relativos que ya se inici\u00f3, el dato de noviembre \u201cqueda viejo\u201d, previ\u00e9ndose <strong>una inflaci\u00f3n mucho mayor para los pr\u00f3ximos meses.<\/strong><\/p>\n<p>De hecho, ya en la primera quincena de diciembre, previo al impacto pleno de la devaluaci\u00f3n, nuestro<strong> IPC GBA Ecolatina registr\u00f3 un alza en los precios del 18,1% <\/strong>respecto al mismo lapso de noviembre, impulsada principalmente por los Bienes (+19,5%), que se ven m\u00e1s contagiados por el evento cambiario. Asimismo, estimamos una aceleraci\u00f3n adicional para la segunda mitad del mes, llevando la inflaci\u00f3n mensual a la zona del 25% y dejando un arrastre negativo de cara a enero.<\/p>\n<h3><strong>Antes de desacelerar, la inflaci\u00f3n tiene que trepar<\/strong><\/h3>\n<p>De cara a los pr\u00f3ximos meses, la b\u00fasqueda por <strong>corregir precios relativos<\/strong> sostendr\u00e1 la aceleraci\u00f3n de la din\u00e1mica inflacionaria.<\/p>\n<p>La aceleraci\u00f3n de la inflaci\u00f3n y la implementaci\u00f3n de distintos acuerdos y congelamientos de precios durante los \u00faltimos cuatro a\u00f1os trajeron aparejado una <strong>marcada distorsi\u00f3n de precios relativos: <\/strong>mientras que algunos rubros subieron bien por encima del Nivel General, otros lo hicieron forzadamente por debajo, incluyendo al precio m\u00e1s importante: el tipo de cambio oficial.<\/p>\n<p>Hablando siempre en t\u00e9rminos relativos, lo que se observa actualmente es la conjunci\u00f3n de <strong>servicios p\u00fablicos baratos<\/strong>, esencialmente aquellos regulados; importante disparidad de los precios de <strong>consumo masivo<\/strong> entre el canal tradicional y las grandes superficies; y <strong>bienes durables<\/strong> caros (indumentaria, electrodom\u00e9sticos, veh\u00edculos).<\/p>\n<p>La <strong>relevancia del realineamiento de los precios relativos<\/strong> reside en que <strong>(1) <\/strong>Son una pieza de informaci\u00f3n b\u00e1sica que le indica a los agentes econ\u00f3micos hacia d\u00f3nde dirigir sus decisiones de consumo y producci\u00f3n; y <strong>(2)<\/strong> Constituye necesariamente un paso previo a la instrumentaci\u00f3n de un programa de estabilizaci\u00f3n a fin de evitar presiones de precios por parte de sectores que busquen recomponer m\u00e1rgenes de rentabilidad.<\/p>\n<p><img decoding=\"async\" class=\"wp-image-16107 aligncenter\" src=\"http:\/\/ecolatina-2018.appspot.com.storage.googleapis.com\/Precios-relativos-2.jpg\" alt=\"\" width=\"785\" height=\"491\" \/><\/p>\n<h3><strong>Correcciones en marcha<\/strong><\/h3>\n<p>En consecuencia, la correcci\u00f3n de precios relativos implicar\u00e1 que los <strong>precios rezagados deban subir por encima del promedio<\/strong> en los pr\u00f3ximos meses. Tal es el caso de <strong>combustibles<\/strong>, que en lo que va de diciembre ya subieron cerca del 80%; las <strong>tarifas de servicios p\u00fablicos<\/strong>, componente crucial de la reducci\u00f3n del d\u00e9ficit fiscal v\u00eda la disminuci\u00f3n de los subsidios econ\u00f3micos (0,7% del PIB) propuesta por el Gobierno; la <strong>medicina prepaga<\/strong>, que en enero eliminar\u00e1 el congelamiento de cuotas que reg\u00eda para algunos afiliados, subiendo cerca del 40%; y servicios de <strong>telecomunicaciones<\/strong> que, a\u00fan sin precisiones, seguramente sufran una desregulaci\u00f3n.<\/p>\n<p>La nueva administraci\u00f3n inici\u00f3 el <strong>proceso de ajuste de precios relativos<\/strong>, comenzando por un <strong>salto discreto del tipo de cambio<\/strong> oficial de casi 120% (de $367 a $800), sumado al incremento en el Impuesto Pa\u00eds a las importaciones, generando un traslado a los precios (m\u00e1s visible en los bienes). Adem\u00e1s, ese movimiento fuerza a que ciertos precios regulados (como las tarifas de energ\u00eda) tengan que aumentar a\u00fan m\u00e1s que antes.<\/p>\n<p>Adem\u00e1s, al momento se han discontinuado los <strong>acuerdos de precios<\/strong>, lo cual tender\u00eda a generar un mayor incremento de precios en los supermercados (donde reg\u00eda mayormente el programa Precios Justos) que en los peque\u00f1os autoservicios.<\/p>\n<p>Como si esto fuese poco, en las \u00faltimas dos semanas <strong>se dispar\u00f3 el precio del ganado<\/strong> de pie en el Mercado Agroganadero de Ca\u00f1uelas, trepando en promedio <strong>m\u00e1s del 50%<\/strong> con relaci\u00f3n a finales de noviembre. Resta estimar el impacto que tendr\u00e1 esta suba en los mercados minoristas, donde cabe esperar que el traslado no sea total teniendo en cuenta la incidencia de la aceleraci\u00f3n inflacionaria sobre los ingresos.<\/p>\n<p>Por estos motivos, esperamos que para el <strong>trimestre diciembre-febrero<\/strong>, la inflaci\u00f3n mensual promedio se encuentre en la zona del 20-25%, acumulando en s\u00f3lo tres meses cerca del 80%, incremento similar al que hubo en el semestre junio-noviembre; con riesgos al alza sujetos al pasaje de precios de la devaluaci\u00f3n del tipo de cambio, la magnitud de los distintos ajustes en servicios regulados y la din\u00e1mica que pueda llegar a cobrar la inercia inflacionaria.<\/p>\n<h3><strong>\u00bfCu\u00e1n transitoria ser\u00e1 la aceleraci\u00f3n inflacionaria?<\/strong><\/h3>\n<p>Dado el esquema planteado por el Gobierno, cabe preguntarse qu\u00e9 factores contribuir\u00edan a que se logren <strong>anclar expectativas<\/strong> y que la econom\u00eda pierda <strong>\u201cmemoria inflacionaria\u201d<\/strong> en la b\u00fasqueda por estabilizar la nominalidad una vez atravesada la aceleraci\u00f3n inflacionaria derivada de la fase de mayores correcciones de precios relativos.<\/p>\n<p>Primeramente, vale destacar cu\u00e1l es el <strong>diagn\u00f3stico oficial sobre las principales causas del proceso inflacionario actual<\/strong>: el desequilibrio monetario acumulado, generado por un aumento constante en la oferta de dinero por encima de la demanda, que busc\u00f3 ser contenido con regulaciones de precios y atraso cambiario, causando crecientes distorsiones, expectativas de devaluaci\u00f3n e inflaci\u00f3n reprimida frente a un nivel de reservas internacionales en m\u00ednimos hist\u00f3ricos.<\/p>\n<p>En consecuencia, el mecanismo para desandar la <strong>din\u00e1mica inflacionaria a nivel macroecon\u00f3mico<\/strong> ser\u00eda apagar sus motores: <strong>corregir precios relativos<\/strong> (eliminando la inflaci\u00f3n reprimida) para evitar presiones de estos sectores a futuro; comunicar un <strong>equilibrio fiscal financiero<\/strong> para 2024, frenando la <strong>emisi\u00f3n para asistir al fisco<\/strong> (dominancia fiscal) y resolviendo el <strong>excedente de pesos<\/strong> en la econom\u00eda; y reducir las <strong>expectativas de devaluaci\u00f3n<\/strong> mediante la utilizaci\u00f3n del d\u00f3lar oficial como ancla y la recomposici\u00f3n del <strong><em>stock<\/em> de reservas<\/strong> v\u00eda incentivos a la liquidaci\u00f3n de exportaciones e importaciones m\u00e1s caras. Al mismo tiempo, logrando reducir sustancialmente la <strong>brecha cambiaria<\/strong>, la incertidumbre sobre los costos de reposici\u00f3n tiende a reducirse (el \u201cd\u00f3lar importador\u201d es casi id\u00e9ntico al paralelo).<\/p>\n<p>Una de las principales condiciones para un relativo \u00e9xito de esta estrategia es un <strong>manejo eficaz de las expectativas<\/strong>: lograr transmitir un cambio profundo en el<strong> r\u00e9gimen econ\u00f3mico<\/strong>, regenerando la <strong>credibilidad<\/strong> y la <strong>confianza<\/strong> en los hacedores de pol\u00edtica econ\u00f3mica y en el BCRA. Asimismo, dado que el Gobierno <strong>deja librado el mercado el ajuste de precios relativos<\/strong>, el riesgo asociado es que este ordenamiento no sea eficaz para evitar presiones de reacomodamientos a futuro.<\/p>\n<p>En este marco, medidas complementarias que apunten a frenar la <strong>inercia\/indexaci\u00f3n<\/strong> inflacionaria mediante elementos m\u00e1s <strong>heterodoxos<\/strong> (como la coordinaci\u00f3n de acuerdos de precios y salarios) o el establecimiento de un sendero\/referencia nominal que coordine expectativas no parecieran formar parte de la estrategia de estabilizaci\u00f3n. Esto podr\u00eda deberse a que <strong>(1)<\/strong> Implica un involucramiento activo del Estado en las relaciones econ\u00f3micas; <strong>(2)<\/strong> Se precisar\u00eda de una credibilidad que est\u00e1 en construcci\u00f3n; <strong>(3)<\/strong> La fuerza pol\u00edtica gobernante (La Libertad Avanza) no dispone de relaciones aceitadas con actores como el peronismo y los sindicatos.<\/p>\n<p>En su lugar, el Gobierno ha manifestado su vocaci\u00f3n por que haya <strong>\u201cparitarias libres\u201d<\/strong>, factor que conlleva un <strong>riesgo<\/strong> para el esquema propuesto: si la reapertura de paritarias se generalizara r\u00e1pidamente buscando \u201cindexarse\u201d a la inflaci\u00f3n, podr\u00eda complicar la r\u00e1pida desaceleraci\u00f3n inflacionaria y, en un extremo, favorecer una espiralizaci\u00f3n de los precios.<\/p>\n<p>Ahora bien, no vemos que esto sea lo m\u00e1s probable en el corto plazo. En su lugar, la <strong>ca\u00edda esperada en la demanda<\/strong> producto de la erosi\u00f3n del salario real y el menor ingreso disponible de las familias para el consumo, sumado al <strong>aumento del desempleo<\/strong> en el marco de una recesi\u00f3n econ\u00f3mica, acotar\u00edan los <strong>m\u00e1rgenes para los aumentos de precios<\/strong> (un consumidor que no convalida los incrementos) y contendr\u00edan las <strong>demandas salariales<\/strong>.<\/p>\n<p>En otras palabras, adem\u00e1s de atacar los <strong>factores de inflaci\u00f3n subyacente<\/strong> a nivel macroecon\u00f3mico, la velocidad a la que se reduzca la inflaci\u00f3n depender\u00e1 asimismo de si la <strong>recesi\u00f3n econ\u00f3mica<\/strong> y la amenaza de un<strong> aumento en el desempleo<\/strong> logran contener los incrementos de precios y las demandas de recomposici\u00f3n de ingresos, algo que podr\u00eda estar influido adicionalmente por las reformas\/desregulaciones anunciadas y\/o cierta apertura comercial que busque generar mayor competencia en el mercado local.<\/p>\n<p>Finalmente, cabe destacar que todo este proceso no terminar\u00e1 por resolverse por completo sino hasta la <strong>unificaci\u00f3n cambiaria<\/strong>, dependiente en buena medida del camino que recorra la <strong>acumulaci\u00f3n de reservas<\/strong>, la resoluci\u00f3n del <strong>desequilibrio monetario<\/strong> y la construcci\u00f3n de <strong>confianza<\/strong> y <strong>credibilidad<\/strong> para encarar definitivamente la estabilizaci\u00f3n.<\/p>","protected":false},"excerpt":{"rendered":"<p>La necesaria correcci\u00f3n de precios relativos acentuar\u00e1 la aceleraci\u00f3n de la din\u00e1mica inflacionaria que se observa desde la segunda quincena de octubre, derivada de las expectativas de una pronta devaluaci\u00f3n y el desanclaje de los acuerdos de precios vigentes impuestos por un gobierno en salida que perd\u00eda poder de control [&hellip;]<\/p>\n","protected":false},"author":2,"featured_media":3441,"comment_status":"closed","ping_status":"","sticky":false,"template":"","format":"standard","meta":{"author_name":"Ana Albin","image_url":"http:\/\/ecolatina-2018.appspot.com.storage.googleapis.com\/distorsion-750x375.jpg","_joinchat":[],"footnotes":""},"categories":[1],"tags":[],"class_list":["post-3433","post","type-post","status-publish","format-standard","has-post-thumbnail","hentry","category-sin-categoria"],"aioseo_notices":[],"yoast_head":"<!-- This site is optimized with the Yoast SEO plugin v27.5 - https:\/\/yoast.com\/product\/yoast-seo-wordpress\/ -->\n<title>Correcci\u00f3n de precios relativos y aceleraci\u00f3n inflacionaria: \u00bfhasta cu\u00e1ndo? - Ecolatina<\/title>\n<meta name=\"robots\" content=\"index, follow, max-snippet:-1, max-image-preview:large, max-video-preview:-1\" \/>\n<link rel=\"canonical\" href=\"https:\/\/ecolatina.com\/en\/2023\/12\/20\/correccion-de-precios-relativos-y-aceleracion-inflacionaria-hasta-cuando\/\" \/>\n<meta property=\"og:locale\" content=\"en_US\" \/>\n<meta property=\"og:type\" content=\"article\" \/>\n<meta property=\"og:title\" content=\"Correcci\u00f3n de precios relativos y aceleraci\u00f3n inflacionaria: \u00bfhasta cu\u00e1ndo? - Ecolatina\" \/>\n<meta property=\"og:description\" content=\"La necesaria correcci\u00f3n de precios relativos acentuar\u00e1 la aceleraci\u00f3n de la din\u00e1mica inflacionaria que se observa desde la segunda quincena de octubre, derivada de las expectativas de una pronta devaluaci\u00f3n y el desanclaje de los acuerdos de precios vigentes impuestos por un gobierno en salida que perd\u00eda poder de control [&hellip;]\" \/>\n<meta property=\"og:url\" content=\"https:\/\/ecolatina.com\/en\/2023\/12\/20\/correccion-de-precios-relativos-y-aceleracion-inflacionaria-hasta-cuando\/\" \/>\n<meta property=\"og:site_name\" content=\"Ecolatina\" \/>\n<meta property=\"article:published_time\" content=\"2023-12-20T20:09:59+00:00\" \/>\n<meta property=\"article:modified_time\" content=\"2023-12-20T20:29:50+00:00\" \/>\n<meta property=\"og:image\" content=\"https:\/\/ecolatina.com\/wp-content\/uploads\/2023\/12\/distorsion-750x375-4.jpg\" \/>\n\t<meta property=\"og:image:width\" content=\"750\" \/>\n\t<meta property=\"og:image:height\" content=\"375\" \/>\n\t<meta property=\"og:image:type\" content=\"image\/jpeg\" \/>\n<meta name=\"author\" content=\"AppVisor Blog Bot\" \/>\n<meta name=\"twitter:card\" content=\"summary_large_image\" \/>\n<meta name=\"twitter:creator\" content=\"@Ecolatina_Arg\" \/>\n<meta name=\"twitter:site\" content=\"@Ecolatina_Arg\" \/>\n<meta name=\"twitter:label1\" content=\"Written by\" \/>\n\t<meta name=\"twitter:data1\" content=\"AppVisor Blog Bot\" \/>\n\t<meta name=\"twitter:label2\" content=\"Est. reading time\" \/>\n\t<meta name=\"twitter:data2\" content=\"9 minutes\" \/>\n<script type=\"application\/ld+json\" class=\"yoast-schema-graph\">{\"@context\":\"https:\\\/\\\/schema.org\",\"@graph\":[{\"@type\":\"Article\",\"@id\":\"https:\\\/\\\/ecolatina.com\\\/2023\\\/12\\\/20\\\/correccion-de-precios-relativos-y-aceleracion-inflacionaria-hasta-cuando\\\/#article\",\"isPartOf\":{\"@id\":\"https:\\\/\\\/ecolatina.com\\\/2023\\\/12\\\/20\\\/correccion-de-precios-relativos-y-aceleracion-inflacionaria-hasta-cuando\\\/\"},\"author\":{\"name\":\"AppVisor Blog Bot\",\"@id\":\"https:\\\/\\\/ecolatina.com\\\/#\\\/schema\\\/person\\\/ff70142206e33eb083069905ccc586b0\"},\"headline\":\"Correcci\u00f3n de precios relativos y aceleraci\u00f3n inflacionaria: \u00bfhasta cu\u00e1ndo?\",\"datePublished\":\"2023-12-20T20:09:59+00:00\",\"dateModified\":\"2023-12-20T20:29:50+00:00\",\"mainEntityOfPage\":{\"@id\":\"https:\\\/\\\/ecolatina.com\\\/2023\\\/12\\\/20\\\/correccion-de-precios-relativos-y-aceleracion-inflacionaria-hasta-cuando\\\/\"},\"wordCount\":1821,\"publisher\":{\"@id\":\"https:\\\/\\\/ecolatina.com\\\/#organization\"},\"image\":{\"@id\":\"https:\\\/\\\/ecolatina.com\\\/2023\\\/12\\\/20\\\/correccion-de-precios-relativos-y-aceleracion-inflacionaria-hasta-cuando\\\/#primaryimage\"},\"thumbnailUrl\":\"https:\\\/\\\/ecolatina.com\\\/wp-content\\\/uploads\\\/2023\\\/12\\\/distorsion-750x375-5.jpg\",\"articleSection\":[\"Sin categor\u00eda\"],\"inLanguage\":\"en-US\"},{\"@type\":\"WebPage\",\"@id\":\"https:\\\/\\\/ecolatina.com\\\/2023\\\/12\\\/20\\\/correccion-de-precios-relativos-y-aceleracion-inflacionaria-hasta-cuando\\\/\",\"url\":\"https:\\\/\\\/ecolatina.com\\\/2023\\\/12\\\/20\\\/correccion-de-precios-relativos-y-aceleracion-inflacionaria-hasta-cuando\\\/\",\"name\":\"Correcci\u00f3n de precios relativos y aceleraci\u00f3n inflacionaria: \u00bfhasta cu\u00e1ndo? - Ecolatina\",\"isPartOf\":{\"@id\":\"https:\\\/\\\/ecolatina.com\\\/#website\"},\"primaryImageOfPage\":{\"@id\":\"https:\\\/\\\/ecolatina.com\\\/2023\\\/12\\\/20\\\/correccion-de-precios-relativos-y-aceleracion-inflacionaria-hasta-cuando\\\/#primaryimage\"},\"image\":{\"@id\":\"https:\\\/\\\/ecolatina.com\\\/2023\\\/12\\\/20\\\/correccion-de-precios-relativos-y-aceleracion-inflacionaria-hasta-cuando\\\/#primaryimage\"},\"thumbnailUrl\":\"https:\\\/\\\/ecolatina.com\\\/wp-content\\\/uploads\\\/2023\\\/12\\\/distorsion-750x375-5.jpg\",\"datePublished\":\"2023-12-20T20:09:59+00:00\",\"dateModified\":\"2023-12-20T20:29:50+00:00\",\"breadcrumb\":{\"@id\":\"https:\\\/\\\/ecolatina.com\\\/2023\\\/12\\\/20\\\/correccion-de-precios-relativos-y-aceleracion-inflacionaria-hasta-cuando\\\/#breadcrumb\"},\"inLanguage\":\"en-US\",\"potentialAction\":[{\"@type\":\"ReadAction\",\"target\":[\"https:\\\/\\\/ecolatina.com\\\/2023\\\/12\\\/20\\\/correccion-de-precios-relativos-y-aceleracion-inflacionaria-hasta-cuando\\\/\"]}]},{\"@type\":\"ImageObject\",\"inLanguage\":\"en-US\",\"@id\":\"https:\\\/\\\/ecolatina.com\\\/2023\\\/12\\\/20\\\/correccion-de-precios-relativos-y-aceleracion-inflacionaria-hasta-cuando\\\/#primaryimage\",\"url\":\"https:\\\/\\\/ecolatina.com\\\/wp-content\\\/uploads\\\/2023\\\/12\\\/distorsion-750x375-5.jpg\",\"contentUrl\":\"https:\\\/\\\/ecolatina.com\\\/wp-content\\\/uploads\\\/2023\\\/12\\\/distorsion-750x375-5.jpg\",\"width\":750,\"height\":375},{\"@type\":\"BreadcrumbList\",\"@id\":\"https:\\\/\\\/ecolatina.com\\\/2023\\\/12\\\/20\\\/correccion-de-precios-relativos-y-aceleracion-inflacionaria-hasta-cuando\\\/#breadcrumb\",\"itemListElement\":[{\"@type\":\"ListItem\",\"position\":1,\"name\":\"Inicio\",\"item\":\"https:\\\/\\\/ecolatina.com\\\/\"},{\"@type\":\"ListItem\",\"position\":2,\"name\":\"Correcci\u00f3n de precios relativos y aceleraci\u00f3n inflacionaria: \u00bfhasta cu\u00e1ndo?\"}]},{\"@type\":\"WebSite\",\"@id\":\"https:\\\/\\\/ecolatina.com\\\/#website\",\"url\":\"https:\\\/\\\/ecolatina.com\\\/\",\"name\":\"Ecolatina\",\"description\":\"Tu socio estrat\u00e9gico para la toma de decisiones \",\"publisher\":{\"@id\":\"https:\\\/\\\/ecolatina.com\\\/#organization\"},\"potentialAction\":[{\"@type\":\"SearchAction\",\"target\":{\"@type\":\"EntryPoint\",\"urlTemplate\":\"https:\\\/\\\/ecolatina.com\\\/?s={search_term_string}\"},\"query-input\":{\"@type\":\"PropertyValueSpecification\",\"valueRequired\":true,\"valueName\":\"search_term_string\"}}],\"inLanguage\":\"en-US\"},{\"@type\":\"Organization\",\"@id\":\"https:\\\/\\\/ecolatina.com\\\/#organization\",\"name\":\"Ecolatina\",\"url\":\"https:\\\/\\\/ecolatina.com\\\/\",\"logo\":{\"@type\":\"ImageObject\",\"inLanguage\":\"en-US\",\"@id\":\"https:\\\/\\\/ecolatina.com\\\/#\\\/schema\\\/logo\\\/image\\\/\",\"url\":\"https:\\\/\\\/ecolatina.com\\\/wp-content\\\/uploads\\\/2023\\\/05\\\/Ecolatina_logo_01-verde-sin-tagline.png\",\"contentUrl\":\"https:\\\/\\\/ecolatina.com\\\/wp-content\\\/uploads\\\/2023\\\/05\\\/Ecolatina_logo_01-verde-sin-tagline.png\",\"width\":1008,\"height\":260,\"caption\":\"Ecolatina\"},\"image\":{\"@id\":\"https:\\\/\\\/ecolatina.com\\\/#\\\/schema\\\/logo\\\/image\\\/\"},\"sameAs\":[\"https:\\\/\\\/x.com\\\/Ecolatina_Arg\",\"https:\\\/\\\/www.linkedin.com\\\/company\\\/ecolatina\\\/?originalSubdomain=ar\"]},{\"@type\":\"Person\",\"@id\":\"https:\\\/\\\/ecolatina.com\\\/#\\\/schema\\\/person\\\/ff70142206e33eb083069905ccc586b0\",\"name\":\"AppVisor Blog Bot\",\"url\":\"https:\\\/\\\/ecolatina.com\\\/en\\\/author\\\/appvisorblogbot\\\/\"}]}<\/script>\n<!-- \/ Yoast SEO plugin. -->","yoast_head_json":{"title":"Correcci\u00f3n de precios relativos y aceleraci\u00f3n inflacionaria: \u00bfhasta cu\u00e1ndo? - Ecolatina","robots":{"index":"index","follow":"follow","max-snippet":"max-snippet:-1","max-image-preview":"max-image-preview:large","max-video-preview":"max-video-preview:-1"},"canonical":"https:\/\/ecolatina.com\/en\/2023\/12\/20\/correccion-de-precios-relativos-y-aceleracion-inflacionaria-hasta-cuando\/","og_locale":"en_US","og_type":"article","og_title":"Correcci\u00f3n de precios relativos y aceleraci\u00f3n inflacionaria: \u00bfhasta cu\u00e1ndo? - Ecolatina","og_description":"La necesaria correcci\u00f3n de precios relativos acentuar\u00e1 la aceleraci\u00f3n de la din\u00e1mica inflacionaria que se observa desde la segunda quincena de octubre, derivada de las expectativas de una pronta devaluaci\u00f3n y el desanclaje de los acuerdos de precios vigentes impuestos por un gobierno en salida que perd\u00eda poder de control [&hellip;]","og_url":"https:\/\/ecolatina.com\/en\/2023\/12\/20\/correccion-de-precios-relativos-y-aceleracion-inflacionaria-hasta-cuando\/","og_site_name":"Ecolatina","article_published_time":"2023-12-20T20:09:59+00:00","article_modified_time":"2023-12-20T20:29:50+00:00","og_image":[{"width":750,"height":375,"url":"https:\/\/ecolatina.com\/wp-content\/uploads\/2023\/12\/distorsion-750x375-4.jpg","type":"image\/jpeg"}],"author":"AppVisor Blog Bot","twitter_card":"summary_large_image","twitter_creator":"@Ecolatina_Arg","twitter_site":"@Ecolatina_Arg","twitter_misc":{"Written by":"AppVisor Blog Bot","Est. reading time":"9 minutes"},"schema":{"@context":"https:\/\/schema.org","@graph":[{"@type":"Article","@id":"https:\/\/ecolatina.com\/2023\/12\/20\/correccion-de-precios-relativos-y-aceleracion-inflacionaria-hasta-cuando\/#article","isPartOf":{"@id":"https:\/\/ecolatina.com\/2023\/12\/20\/correccion-de-precios-relativos-y-aceleracion-inflacionaria-hasta-cuando\/"},"author":{"name":"AppVisor Blog Bot","@id":"https:\/\/ecolatina.com\/#\/schema\/person\/ff70142206e33eb083069905ccc586b0"},"headline":"Correcci\u00f3n de precios relativos y aceleraci\u00f3n inflacionaria: \u00bfhasta cu\u00e1ndo?","datePublished":"2023-12-20T20:09:59+00:00","dateModified":"2023-12-20T20:29:50+00:00","mainEntityOfPage":{"@id":"https:\/\/ecolatina.com\/2023\/12\/20\/correccion-de-precios-relativos-y-aceleracion-inflacionaria-hasta-cuando\/"},"wordCount":1821,"publisher":{"@id":"https:\/\/ecolatina.com\/#organization"},"image":{"@id":"https:\/\/ecolatina.com\/2023\/12\/20\/correccion-de-precios-relativos-y-aceleracion-inflacionaria-hasta-cuando\/#primaryimage"},"thumbnailUrl":"https:\/\/ecolatina.com\/wp-content\/uploads\/2023\/12\/distorsion-750x375-5.jpg","articleSection":["Sin categor\u00eda"],"inLanguage":"en-US"},{"@type":"WebPage","@id":"https:\/\/ecolatina.com\/2023\/12\/20\/correccion-de-precios-relativos-y-aceleracion-inflacionaria-hasta-cuando\/","url":"https:\/\/ecolatina.com\/2023\/12\/20\/correccion-de-precios-relativos-y-aceleracion-inflacionaria-hasta-cuando\/","name":"Correcci\u00f3n de precios relativos y aceleraci\u00f3n inflacionaria: \u00bfhasta cu\u00e1ndo? - Ecolatina","isPartOf":{"@id":"https:\/\/ecolatina.com\/#website"},"primaryImageOfPage":{"@id":"https:\/\/ecolatina.com\/2023\/12\/20\/correccion-de-precios-relativos-y-aceleracion-inflacionaria-hasta-cuando\/#primaryimage"},"image":{"@id":"https:\/\/ecolatina.com\/2023\/12\/20\/correccion-de-precios-relativos-y-aceleracion-inflacionaria-hasta-cuando\/#primaryimage"},"thumbnailUrl":"https:\/\/ecolatina.com\/wp-content\/uploads\/2023\/12\/distorsion-750x375-5.jpg","datePublished":"2023-12-20T20:09:59+00:00","dateModified":"2023-12-20T20:29:50+00:00","breadcrumb":{"@id":"https:\/\/ecolatina.com\/2023\/12\/20\/correccion-de-precios-relativos-y-aceleracion-inflacionaria-hasta-cuando\/#breadcrumb"},"inLanguage":"en-US","potentialAction":[{"@type":"ReadAction","target":["https:\/\/ecolatina.com\/2023\/12\/20\/correccion-de-precios-relativos-y-aceleracion-inflacionaria-hasta-cuando\/"]}]},{"@type":"ImageObject","inLanguage":"en-US","@id":"https:\/\/ecolatina.com\/2023\/12\/20\/correccion-de-precios-relativos-y-aceleracion-inflacionaria-hasta-cuando\/#primaryimage","url":"https:\/\/ecolatina.com\/wp-content\/uploads\/2023\/12\/distorsion-750x375-5.jpg","contentUrl":"https:\/\/ecolatina.com\/wp-content\/uploads\/2023\/12\/distorsion-750x375-5.jpg","width":750,"height":375},{"@type":"BreadcrumbList","@id":"https:\/\/ecolatina.com\/2023\/12\/20\/correccion-de-precios-relativos-y-aceleracion-inflacionaria-hasta-cuando\/#breadcrumb","itemListElement":[{"@type":"ListItem","position":1,"name":"Inicio","item":"https:\/\/ecolatina.com\/"},{"@type":"ListItem","position":2,"name":"Correcci\u00f3n de precios relativos y aceleraci\u00f3n inflacionaria: \u00bfhasta cu\u00e1ndo?"}]},{"@type":"WebSite","@id":"https:\/\/ecolatina.com\/#website","url":"https:\/\/ecolatina.com\/","name":"Ecolatina","description":"Tu socio estrat\u00e9gico para la toma de decisiones","publisher":{"@id":"https:\/\/ecolatina.com\/#organization"},"potentialAction":[{"@type":"SearchAction","target":{"@type":"EntryPoint","urlTemplate":"https:\/\/ecolatina.com\/?s={search_term_string}"},"query-input":{"@type":"PropertyValueSpecification","valueRequired":true,"valueName":"search_term_string"}}],"inLanguage":"en-US"},{"@type":"Organization","@id":"https:\/\/ecolatina.com\/#organization","name":"Ecolatina","url":"https:\/\/ecolatina.com\/","logo":{"@type":"ImageObject","inLanguage":"en-US","@id":"https:\/\/ecolatina.com\/#\/schema\/logo\/image\/","url":"https:\/\/ecolatina.com\/wp-content\/uploads\/2023\/05\/Ecolatina_logo_01-verde-sin-tagline.png","contentUrl":"https:\/\/ecolatina.com\/wp-content\/uploads\/2023\/05\/Ecolatina_logo_01-verde-sin-tagline.png","width":1008,"height":260,"caption":"Ecolatina"},"image":{"@id":"https:\/\/ecolatina.com\/#\/schema\/logo\/image\/"},"sameAs":["https:\/\/x.com\/Ecolatina_Arg","https:\/\/www.linkedin.com\/company\/ecolatina\/?originalSubdomain=ar"]},{"@type":"Person","@id":"https:\/\/ecolatina.com\/#\/schema\/person\/ff70142206e33eb083069905ccc586b0","name":"AppVisor Blog Bot","url":"https:\/\/ecolatina.com\/en\/author\/appvisorblogbot\/"}]}},"_links":{"self":[{"href":"https:\/\/ecolatina.com\/en\/wp-json\/wp\/v2\/posts\/3433","targetHints":{"allow":["GET"]}}],"collection":[{"href":"https:\/\/ecolatina.com\/en\/wp-json\/wp\/v2\/posts"}],"about":[{"href":"https:\/\/ecolatina.com\/en\/wp-json\/wp\/v2\/types\/post"}],"author":[{"embeddable":true,"href":"https:\/\/ecolatina.com\/en\/wp-json\/wp\/v2\/users\/2"}],"replies":[{"embeddable":true,"href":"https:\/\/ecolatina.com\/en\/wp-json\/wp\/v2\/comments?post=3433"}],"version-history":[{"count":4,"href":"https:\/\/ecolatina.com\/en\/wp-json\/wp\/v2\/posts\/3433\/revisions"}],"predecessor-version":[{"id":3442,"href":"https:\/\/ecolatina.com\/en\/wp-json\/wp\/v2\/posts\/3433\/revisions\/3442"}],"wp:featuredmedia":[{"embeddable":true,"href":"https:\/\/ecolatina.com\/en\/wp-json\/wp\/v2\/media\/3441"}],"wp:attachment":[{"href":"https:\/\/ecolatina.com\/en\/wp-json\/wp\/v2\/media?parent=3433"}],"wp:term":[{"taxonomy":"category","embeddable":true,"href":"https:\/\/ecolatina.com\/en\/wp-json\/wp\/v2\/categories?post=3433"},{"taxonomy":"post_tag","embeddable":true,"href":"https:\/\/ecolatina.com\/en\/wp-json\/wp\/v2\/tags?post=3433"}],"curies":[{"name":"wp","href":"https:\/\/api.w.org\/{rel}","templated":true}]}}