{"id":3475,"date":"2024-01-16T18:04:48","date_gmt":"2024-01-16T21:04:48","guid":{"rendered":"https:\/\/ecolatina.com\/2024\/01\/16\/opiniones-divididas-sobre-el-contenido-y-las-formas-de-las-decisiones-de-milei\/"},"modified":"2024-01-16T18:04:48","modified_gmt":"2024-01-16T21:04:48","slug":"opiniones-divididas-sobre-el-contenido-y-las-formas-de-las-decisiones-de-milei","status":"publish","type":"post","link":"https:\/\/ecolatina.com\/en\/2024\/01\/16\/opiniones-divididas-sobre-el-contenido-y-las-formas-de-las-decisiones-de-milei\/","title":{"rendered":"Opiniones divididas sobre el contenido y las formas de las decisiones de Milei"},"content":{"rendered":"<p><span style=\"font-weight: 400\">Sin lugar a dudas el inicio del ciclo de Javier Milei ha estado marcado por un decisionismo extremo. El flamante presidente ha puesto a consideraci\u00f3n del resto de los actores una catarata de decisiones, en m\u00faltiples \u00e1mbitos y utilizando diferentes herramientas decisionales que han provocado una discusi\u00f3n, no solo sobre el contenido de las decisiones, sino sobre si las formas son leg\u00edtimas y legales para la adopci\u00f3n de tales decisiones. En ese sentido, tambi\u00e9n aqu\u00ed observamos una opini\u00f3n p\u00fablica dividida entre el acuerdo o el desacuerdo, tanto con el contenido como con las formas. En relaci\u00f3n al contenido, y l\u00f3gicamente teniendo que forzar una \u00fanica percepci\u00f3n singular sobre una realidad muy compleja y variada de temas, <\/span><b>se observa una ligera mayor\u00eda (47,2%) que se muestra m\u00e1s en desacuerdo que de acuerdo con el contenido general del DNU y la Ley \u00d3mnibus. Y curiosamente se observa un tercio que est\u00e1 en desacuerdo con todo y casi un cuarto que est\u00e1 de acuerdo con todo. <\/b><span style=\"font-weight: 400\">Es decir, m\u00e1s del 50% de los consultados adopta las posiciones extremas.<\/span><\/p>\n<p><img fetchpriority=\"high\" decoding=\"async\" class=\"wp-image-16233 aligncenter\" src=\"http:\/\/ecolatina-2018.appspot.com.storage.googleapis.com\/opinion.jpg\" alt=\"\" width=\"614\" height=\"250\" \/><\/p>\n<p><span style=\"font-weight: 400\">Naturalmente, a la hora de verlo seg\u00fan la orientaci\u00f3n del voto en el balotaje 2023, se observa <\/span><b>una gran mayor\u00eda de acuerdo entre votantes de Milei y una gran mayor\u00eda en desacuerdo entre votantes de Massa<\/b><span style=\"font-weight: 400\">, lo que ayuda a explicar la polarizaci\u00f3n de posiciones que observamos en este comienzo de la era Milei.\u00a0<\/span><\/p>\n<p><span style=\"font-weight: 400\">Por otra parte, y ya en relaci\u00f3n a las formas de las decisiones,<strong> la utilizaci\u00f3n de un \u00fanico DNU para tomar una gran diversidad de decisiones, lo que le impide al Congreso de analizarlas una por una sino que lo somete a la situaci\u00f3n de tener que aprobar o rechazar todas juntas, es valorado negativamente por un 53,4%,<\/strong> que se manifest\u00f3 en desacuerdo con esa metodolog\u00eda. Solo el 40,6% se manifest\u00f3 total o bastante de acuerdo con que Milei adopte decisiones de esa forma. <strong>De hecho, casi un 20% de los propios votantes de Milei en el balotaje, manifestaron desacuerdo con esa metodolog\u00eda.<\/strong><\/span><\/p>\n<p><img decoding=\"async\" class=\"wp-image-16234 aligncenter\" src=\"http:\/\/ecolatina-2018.appspot.com.storage.googleapis.com\/opinion2.jpg\" alt=\"\" width=\"664\" height=\"262\" \/><\/p>\n<p><span style=\"font-weight: 400\">Finalmente, y en relaci\u00f3n a si el hecho de que Milei haya ganado la elecci\u00f3n en el balotaje sacando un 55,7% lo autoriza a decidir sin buscar acuerdos con el resto de los actores pol\u00edticos, un 48,2% se inclina por estar m\u00e1s de acuerdo con que Milei debe acordar todo o casi todo con el resto de los actores pol\u00edticos. <\/span><\/p>\n<p><span style=\"font-weight: 400\">Curioso que<\/span><b> entre los propios votantes de Javier Milei no pareciera haber convencimiento mayoritario de que el presidente debe decidir todo o casi todo solo.<\/b><span style=\"font-weight: 400\"> Lo que marca que el camino del di\u00e1logo y la b\u00fasqueda de los acuerdos pareciera ser el reclamado por la mayor\u00eda, a\u00fan en este contexto de crisis.<\/span><\/p>\n<p><img decoding=\"async\" class=\"wp-image-16235 aligncenter\" src=\"http:\/\/ecolatina-2018.appspot.com.storage.googleapis.com\/opinion-3.jpg\" alt=\"\" width=\"605\" height=\"246\" \/><\/p>\n<p><em><strong>La presente es una s\u00edntesis del Panorama de Opini\u00f3n P\u00fablica<\/strong><strong>, exclusivo para clientes Corporate.<\/strong><\/em><\/p>\n<div id=\"socialButtonOnPage\" class=\"leftSocialButtonOnPage\">\n<div class=\"csbwfs-sbutton-post\"><\/div>\n<\/div>\n<p>&nbsp;<\/p>","protected":false},"excerpt":{"rendered":"<p>Sin lugar a dudas el inicio del ciclo de Javier Milei ha estado marcado por un decisionismo extremo. El flamante presidente ha puesto a consideraci\u00f3n del resto de los actores una catarata de decisiones, en m\u00faltiples \u00e1mbitos y utilizando diferentes herramientas decisionales que han provocado una discusi\u00f3n, no solo sobre [&hellip;]<\/p>\n","protected":false},"author":2,"featured_media":3476,"comment_status":"","ping_status":"","sticky":false,"template":"","format":"standard","meta":{"author_name":"Dolores Branc\u00f3s","image_url":"http:\/\/ecolatina-2018.appspot.com.storage.googleapis.com\/milei-dnu.jpg","_joinchat":[],"footnotes":""},"categories":[1],"tags":[],"class_list":["post-3475","post","type-post","status-publish","format-standard","has-post-thumbnail","hentry","category-sin-categoria"],"aioseo_notices":[],"yoast_head":"<!-- This site is optimized with the Yoast SEO plugin v27.5 - https:\/\/yoast.com\/product\/yoast-seo-wordpress\/ -->\n<title>Opiniones divididas sobre el contenido y las formas de las decisiones de Milei - Ecolatina<\/title>\n<meta name=\"robots\" content=\"index, follow, max-snippet:-1, max-image-preview:large, max-video-preview:-1\" \/>\n<link rel=\"canonical\" href=\"https:\/\/ecolatina.com\/en\/2024\/01\/16\/opiniones-divididas-sobre-el-contenido-y-las-formas-de-las-decisiones-de-milei\/\" \/>\n<meta property=\"og:locale\" content=\"en_US\" \/>\n<meta property=\"og:type\" content=\"article\" \/>\n<meta property=\"og:title\" content=\"Opiniones divididas sobre el contenido y las formas de las decisiones de Milei - Ecolatina\" \/>\n<meta property=\"og:description\" content=\"Sin lugar a dudas el inicio del ciclo de Javier Milei ha estado marcado por un decisionismo extremo. El flamante presidente ha puesto a consideraci\u00f3n del resto de los actores una catarata de decisiones, en m\u00faltiples \u00e1mbitos y utilizando diferentes herramientas decisionales que han provocado una discusi\u00f3n, no solo sobre [&hellip;]\" \/>\n<meta property=\"og:url\" content=\"https:\/\/ecolatina.com\/en\/2024\/01\/16\/opiniones-divididas-sobre-el-contenido-y-las-formas-de-las-decisiones-de-milei\/\" \/>\n<meta property=\"og:site_name\" content=\"Ecolatina\" \/>\n<meta property=\"article:published_time\" content=\"2024-01-16T21:04:48+00:00\" \/>\n<meta property=\"og:image\" content=\"http:\/\/ecolatina-2018.appspot.com.storage.googleapis.com\/opinion.jpg\" \/>\n<meta name=\"author\" content=\"AppVisor Blog Bot\" \/>\n<meta name=\"twitter:card\" content=\"summary_large_image\" \/>\n<meta name=\"twitter:creator\" content=\"@Ecolatina_Arg\" \/>\n<meta name=\"twitter:site\" content=\"@Ecolatina_Arg\" \/>\n<meta name=\"twitter:label1\" content=\"Written by\" \/>\n\t<meta name=\"twitter:data1\" content=\"AppVisor Blog Bot\" \/>\n\t<meta name=\"twitter:label2\" content=\"Est. reading time\" \/>\n\t<meta name=\"twitter:data2\" content=\"2 minutes\" \/>\n<script type=\"application\/ld+json\" class=\"yoast-schema-graph\">{\"@context\":\"https:\\\/\\\/schema.org\",\"@graph\":[{\"@type\":\"Article\",\"@id\":\"https:\\\/\\\/ecolatina.com\\\/2024\\\/01\\\/16\\\/opiniones-divididas-sobre-el-contenido-y-las-formas-de-las-decisiones-de-milei\\\/#article\",\"isPartOf\":{\"@id\":\"https:\\\/\\\/ecolatina.com\\\/2024\\\/01\\\/16\\\/opiniones-divididas-sobre-el-contenido-y-las-formas-de-las-decisiones-de-milei\\\/\"},\"author\":{\"name\":\"AppVisor Blog Bot\",\"@id\":\"https:\\\/\\\/ecolatina.com\\\/#\\\/schema\\\/person\\\/ff70142206e33eb083069905ccc586b0\"},\"headline\":\"Opiniones divididas sobre el contenido y las formas de las decisiones de Milei\",\"datePublished\":\"2024-01-16T21:04:48+00:00\",\"mainEntityOfPage\":{\"@id\":\"https:\\\/\\\/ecolatina.com\\\/2024\\\/01\\\/16\\\/opiniones-divididas-sobre-el-contenido-y-las-formas-de-las-decisiones-de-milei\\\/\"},\"wordCount\":500,\"publisher\":{\"@id\":\"https:\\\/\\\/ecolatina.com\\\/#organization\"},\"image\":{\"@id\":\"https:\\\/\\\/ecolatina.com\\\/2024\\\/01\\\/16\\\/opiniones-divididas-sobre-el-contenido-y-las-formas-de-las-decisiones-de-milei\\\/#primaryimage\"},\"thumbnailUrl\":\"https:\\\/\\\/ecolatina.com\\\/wp-content\\\/uploads\\\/2024\\\/01\\\/milei-dnu.jpg\",\"articleSection\":[\"Sin categor\u00eda\"],\"inLanguage\":\"en-US\"},{\"@type\":\"WebPage\",\"@id\":\"https:\\\/\\\/ecolatina.com\\\/2024\\\/01\\\/16\\\/opiniones-divididas-sobre-el-contenido-y-las-formas-de-las-decisiones-de-milei\\\/\",\"url\":\"https:\\\/\\\/ecolatina.com\\\/2024\\\/01\\\/16\\\/opiniones-divididas-sobre-el-contenido-y-las-formas-de-las-decisiones-de-milei\\\/\",\"name\":\"Opiniones divididas sobre el contenido y las formas de las decisiones de Milei - Ecolatina\",\"isPartOf\":{\"@id\":\"https:\\\/\\\/ecolatina.com\\\/#website\"},\"primaryImageOfPage\":{\"@id\":\"https:\\\/\\\/ecolatina.com\\\/2024\\\/01\\\/16\\\/opiniones-divididas-sobre-el-contenido-y-las-formas-de-las-decisiones-de-milei\\\/#primaryimage\"},\"image\":{\"@id\":\"https:\\\/\\\/ecolatina.com\\\/2024\\\/01\\\/16\\\/opiniones-divididas-sobre-el-contenido-y-las-formas-de-las-decisiones-de-milei\\\/#primaryimage\"},\"thumbnailUrl\":\"https:\\\/\\\/ecolatina.com\\\/wp-content\\\/uploads\\\/2024\\\/01\\\/milei-dnu.jpg\",\"datePublished\":\"2024-01-16T21:04:48+00:00\",\"breadcrumb\":{\"@id\":\"https:\\\/\\\/ecolatina.com\\\/2024\\\/01\\\/16\\\/opiniones-divididas-sobre-el-contenido-y-las-formas-de-las-decisiones-de-milei\\\/#breadcrumb\"},\"inLanguage\":\"en-US\",\"potentialAction\":[{\"@type\":\"ReadAction\",\"target\":[\"https:\\\/\\\/ecolatina.com\\\/2024\\\/01\\\/16\\\/opiniones-divididas-sobre-el-contenido-y-las-formas-de-las-decisiones-de-milei\\\/\"]}]},{\"@type\":\"ImageObject\",\"inLanguage\":\"en-US\",\"@id\":\"https:\\\/\\\/ecolatina.com\\\/2024\\\/01\\\/16\\\/opiniones-divididas-sobre-el-contenido-y-las-formas-de-las-decisiones-de-milei\\\/#primaryimage\",\"url\":\"https:\\\/\\\/ecolatina.com\\\/wp-content\\\/uploads\\\/2024\\\/01\\\/milei-dnu.jpg\",\"contentUrl\":\"https:\\\/\\\/ecolatina.com\\\/wp-content\\\/uploads\\\/2024\\\/01\\\/milei-dnu.jpg\",\"width\":1280,\"height\":720},{\"@type\":\"BreadcrumbList\",\"@id\":\"https:\\\/\\\/ecolatina.com\\\/2024\\\/01\\\/16\\\/opiniones-divididas-sobre-el-contenido-y-las-formas-de-las-decisiones-de-milei\\\/#breadcrumb\",\"itemListElement\":[{\"@type\":\"ListItem\",\"position\":1,\"name\":\"Inicio\",\"item\":\"https:\\\/\\\/ecolatina.com\\\/\"},{\"@type\":\"ListItem\",\"position\":2,\"name\":\"Opiniones divididas sobre el contenido y las formas de las decisiones de Milei\"}]},{\"@type\":\"WebSite\",\"@id\":\"https:\\\/\\\/ecolatina.com\\\/#website\",\"url\":\"https:\\\/\\\/ecolatina.com\\\/\",\"name\":\"Ecolatina\",\"description\":\"Tu socio estrat\u00e9gico para la toma de decisiones \",\"publisher\":{\"@id\":\"https:\\\/\\\/ecolatina.com\\\/#organization\"},\"potentialAction\":[{\"@type\":\"SearchAction\",\"target\":{\"@type\":\"EntryPoint\",\"urlTemplate\":\"https:\\\/\\\/ecolatina.com\\\/?s={search_term_string}\"},\"query-input\":{\"@type\":\"PropertyValueSpecification\",\"valueRequired\":true,\"valueName\":\"search_term_string\"}}],\"inLanguage\":\"en-US\"},{\"@type\":\"Organization\",\"@id\":\"https:\\\/\\\/ecolatina.com\\\/#organization\",\"name\":\"Ecolatina\",\"url\":\"https:\\\/\\\/ecolatina.com\\\/\",\"logo\":{\"@type\":\"ImageObject\",\"inLanguage\":\"en-US\",\"@id\":\"https:\\\/\\\/ecolatina.com\\\/#\\\/schema\\\/logo\\\/image\\\/\",\"url\":\"https:\\\/\\\/ecolatina.com\\\/wp-content\\\/uploads\\\/2023\\\/05\\\/Ecolatina_logo_01-verde-sin-tagline.png\",\"contentUrl\":\"https:\\\/\\\/ecolatina.com\\\/wp-content\\\/uploads\\\/2023\\\/05\\\/Ecolatina_logo_01-verde-sin-tagline.png\",\"width\":1008,\"height\":260,\"caption\":\"Ecolatina\"},\"image\":{\"@id\":\"https:\\\/\\\/ecolatina.com\\\/#\\\/schema\\\/logo\\\/image\\\/\"},\"sameAs\":[\"https:\\\/\\\/x.com\\\/Ecolatina_Arg\",\"https:\\\/\\\/www.linkedin.com\\\/company\\\/ecolatina\\\/?originalSubdomain=ar\"]},{\"@type\":\"Person\",\"@id\":\"https:\\\/\\\/ecolatina.com\\\/#\\\/schema\\\/person\\\/ff70142206e33eb083069905ccc586b0\",\"name\":\"AppVisor Blog Bot\",\"url\":\"https:\\\/\\\/ecolatina.com\\\/en\\\/author\\\/appvisorblogbot\\\/\"}]}<\/script>\n<!-- \/ Yoast SEO plugin. -->","yoast_head_json":{"title":"Opiniones divididas sobre el contenido y las formas de las decisiones de Milei - Ecolatina","robots":{"index":"index","follow":"follow","max-snippet":"max-snippet:-1","max-image-preview":"max-image-preview:large","max-video-preview":"max-video-preview:-1"},"canonical":"https:\/\/ecolatina.com\/en\/2024\/01\/16\/opiniones-divididas-sobre-el-contenido-y-las-formas-de-las-decisiones-de-milei\/","og_locale":"en_US","og_type":"article","og_title":"Opiniones divididas sobre el contenido y las formas de las decisiones de Milei - Ecolatina","og_description":"Sin lugar a dudas el inicio del ciclo de Javier Milei ha estado marcado por un decisionismo extremo. El flamante presidente ha puesto a consideraci\u00f3n del resto de los actores una catarata de decisiones, en m\u00faltiples \u00e1mbitos y utilizando diferentes herramientas decisionales que han provocado una discusi\u00f3n, no solo sobre [&hellip;]","og_url":"https:\/\/ecolatina.com\/en\/2024\/01\/16\/opiniones-divididas-sobre-el-contenido-y-las-formas-de-las-decisiones-de-milei\/","og_site_name":"Ecolatina","article_published_time":"2024-01-16T21:04:48+00:00","og_image":[{"url":"http:\/\/ecolatina-2018.appspot.com.storage.googleapis.com\/opinion.jpg","type":"","width":"","height":""}],"author":"AppVisor Blog Bot","twitter_card":"summary_large_image","twitter_creator":"@Ecolatina_Arg","twitter_site":"@Ecolatina_Arg","twitter_misc":{"Written by":"AppVisor Blog Bot","Est. reading time":"2 minutes"},"schema":{"@context":"https:\/\/schema.org","@graph":[{"@type":"Article","@id":"https:\/\/ecolatina.com\/2024\/01\/16\/opiniones-divididas-sobre-el-contenido-y-las-formas-de-las-decisiones-de-milei\/#article","isPartOf":{"@id":"https:\/\/ecolatina.com\/2024\/01\/16\/opiniones-divididas-sobre-el-contenido-y-las-formas-de-las-decisiones-de-milei\/"},"author":{"name":"AppVisor Blog Bot","@id":"https:\/\/ecolatina.com\/#\/schema\/person\/ff70142206e33eb083069905ccc586b0"},"headline":"Opiniones divididas sobre el contenido y las formas de las decisiones de Milei","datePublished":"2024-01-16T21:04:48+00:00","mainEntityOfPage":{"@id":"https:\/\/ecolatina.com\/2024\/01\/16\/opiniones-divididas-sobre-el-contenido-y-las-formas-de-las-decisiones-de-milei\/"},"wordCount":500,"publisher":{"@id":"https:\/\/ecolatina.com\/#organization"},"image":{"@id":"https:\/\/ecolatina.com\/2024\/01\/16\/opiniones-divididas-sobre-el-contenido-y-las-formas-de-las-decisiones-de-milei\/#primaryimage"},"thumbnailUrl":"https:\/\/ecolatina.com\/wp-content\/uploads\/2024\/01\/milei-dnu.jpg","articleSection":["Sin categor\u00eda"],"inLanguage":"en-US"},{"@type":"WebPage","@id":"https:\/\/ecolatina.com\/2024\/01\/16\/opiniones-divididas-sobre-el-contenido-y-las-formas-de-las-decisiones-de-milei\/","url":"https:\/\/ecolatina.com\/2024\/01\/16\/opiniones-divididas-sobre-el-contenido-y-las-formas-de-las-decisiones-de-milei\/","name":"Opiniones divididas sobre el contenido y las formas de las decisiones de Milei - Ecolatina","isPartOf":{"@id":"https:\/\/ecolatina.com\/#website"},"primaryImageOfPage":{"@id":"https:\/\/ecolatina.com\/2024\/01\/16\/opiniones-divididas-sobre-el-contenido-y-las-formas-de-las-decisiones-de-milei\/#primaryimage"},"image":{"@id":"https:\/\/ecolatina.com\/2024\/01\/16\/opiniones-divididas-sobre-el-contenido-y-las-formas-de-las-decisiones-de-milei\/#primaryimage"},"thumbnailUrl":"https:\/\/ecolatina.com\/wp-content\/uploads\/2024\/01\/milei-dnu.jpg","datePublished":"2024-01-16T21:04:48+00:00","breadcrumb":{"@id":"https:\/\/ecolatina.com\/2024\/01\/16\/opiniones-divididas-sobre-el-contenido-y-las-formas-de-las-decisiones-de-milei\/#breadcrumb"},"inLanguage":"en-US","potentialAction":[{"@type":"ReadAction","target":["https:\/\/ecolatina.com\/2024\/01\/16\/opiniones-divididas-sobre-el-contenido-y-las-formas-de-las-decisiones-de-milei\/"]}]},{"@type":"ImageObject","inLanguage":"en-US","@id":"https:\/\/ecolatina.com\/2024\/01\/16\/opiniones-divididas-sobre-el-contenido-y-las-formas-de-las-decisiones-de-milei\/#primaryimage","url":"https:\/\/ecolatina.com\/wp-content\/uploads\/2024\/01\/milei-dnu.jpg","contentUrl":"https:\/\/ecolatina.com\/wp-content\/uploads\/2024\/01\/milei-dnu.jpg","width":1280,"height":720},{"@type":"BreadcrumbList","@id":"https:\/\/ecolatina.com\/2024\/01\/16\/opiniones-divididas-sobre-el-contenido-y-las-formas-de-las-decisiones-de-milei\/#breadcrumb","itemListElement":[{"@type":"ListItem","position":1,"name":"Inicio","item":"https:\/\/ecolatina.com\/"},{"@type":"ListItem","position":2,"name":"Opiniones divididas sobre el contenido y las formas de las decisiones de Milei"}]},{"@type":"WebSite","@id":"https:\/\/ecolatina.com\/#website","url":"https:\/\/ecolatina.com\/","name":"Ecolatina","description":"Tu socio estrat\u00e9gico para la toma de decisiones","publisher":{"@id":"https:\/\/ecolatina.com\/#organization"},"potentialAction":[{"@type":"SearchAction","target":{"@type":"EntryPoint","urlTemplate":"https:\/\/ecolatina.com\/?s={search_term_string}"},"query-input":{"@type":"PropertyValueSpecification","valueRequired":true,"valueName":"search_term_string"}}],"inLanguage":"en-US"},{"@type":"Organization","@id":"https:\/\/ecolatina.com\/#organization","name":"Ecolatina","url":"https:\/\/ecolatina.com\/","logo":{"@type":"ImageObject","inLanguage":"en-US","@id":"https:\/\/ecolatina.com\/#\/schema\/logo\/image\/","url":"https:\/\/ecolatina.com\/wp-content\/uploads\/2023\/05\/Ecolatina_logo_01-verde-sin-tagline.png","contentUrl":"https:\/\/ecolatina.com\/wp-content\/uploads\/2023\/05\/Ecolatina_logo_01-verde-sin-tagline.png","width":1008,"height":260,"caption":"Ecolatina"},"image":{"@id":"https:\/\/ecolatina.com\/#\/schema\/logo\/image\/"},"sameAs":["https:\/\/x.com\/Ecolatina_Arg","https:\/\/www.linkedin.com\/company\/ecolatina\/?originalSubdomain=ar"]},{"@type":"Person","@id":"https:\/\/ecolatina.com\/#\/schema\/person\/ff70142206e33eb083069905ccc586b0","name":"AppVisor Blog Bot","url":"https:\/\/ecolatina.com\/en\/author\/appvisorblogbot\/"}]}},"_links":{"self":[{"href":"https:\/\/ecolatina.com\/en\/wp-json\/wp\/v2\/posts\/3475","targetHints":{"allow":["GET"]}}],"collection":[{"href":"https:\/\/ecolatina.com\/en\/wp-json\/wp\/v2\/posts"}],"about":[{"href":"https:\/\/ecolatina.com\/en\/wp-json\/wp\/v2\/types\/post"}],"author":[{"embeddable":true,"href":"https:\/\/ecolatina.com\/en\/wp-json\/wp\/v2\/users\/2"}],"replies":[{"embeddable":true,"href":"https:\/\/ecolatina.com\/en\/wp-json\/wp\/v2\/comments?post=3475"}],"version-history":[{"count":0,"href":"https:\/\/ecolatina.com\/en\/wp-json\/wp\/v2\/posts\/3475\/revisions"}],"wp:featuredmedia":[{"embeddable":true,"href":"https:\/\/ecolatina.com\/en\/wp-json\/wp\/v2\/media\/3476"}],"wp:attachment":[{"href":"https:\/\/ecolatina.com\/en\/wp-json\/wp\/v2\/media?parent=3475"}],"wp:term":[{"taxonomy":"category","embeddable":true,"href":"https:\/\/ecolatina.com\/en\/wp-json\/wp\/v2\/categories?post=3475"},{"taxonomy":"post_tag","embeddable":true,"href":"https:\/\/ecolatina.com\/en\/wp-json\/wp\/v2\/tags?post=3475"}],"curies":[{"name":"wp","href":"https:\/\/api.w.org\/{rel}","templated":true}]}}