{"id":3477,"date":"2024-01-19T18:48:30","date_gmt":"2024-01-19T21:48:30","guid":{"rendered":"https:\/\/ecolatina.com\/2024\/01\/19\/se-desperto-la-brecha-cambiaria\/"},"modified":"2024-01-19T18:48:30","modified_gmt":"2024-01-19T21:48:30","slug":"se-desperto-la-brecha-cambiaria","status":"publish","type":"post","link":"https:\/\/ecolatina.com\/en\/2024\/01\/19\/se-desperto-la-brecha-cambiaria\/","title":{"rendered":"Se despert\u00f3 la brecha cambiaria"},"content":{"rendered":"<p><em>En medio de una semana cooptada por el viaje del Presidente Javier Milei a la cumbre internacional de Davos, sus repercusiones y las reuniones con autoridades del FMI, en el \u00e1mbito local mostraron una mayor presencia ciertos riesgos (esperables y anticipados) que desaf\u00edan la sostenibilidad del esquema cambiario-monetario vigente: el repunte en la brecha cambiaria y resultados opacos en la nueva licitaci\u00f3n del BOPREAL. No obstante, durante la \u00faltima semana el BCRA logr\u00f3 sostener las compras netas en el MULC y el Tesoro contin\u00fao captando financiamiento neto en sus licitaciones.<\/em><\/p>\n<p><em>\u00bfQu\u00e9 podr\u00eda explicar el reciente repunte en la brecha? 1) La percepci\u00f3n de un atraso real y una oportunidad de inversi\u00f3n en los USD alternativos ante la aceleraci\u00f3n inflacionaria; 2) La reversi\u00f3n estacional en la demanda de dinero, que se ir\u00e1 profundizando en los pr\u00f3ximos meses; 3) Las pr\u00e1cticamente nulas opciones de inversi\u00f3n para resguardarse frente a los mayores niveles de nominalidad junto con la vigencia de una tasa de inter\u00e9s sumamente negativa en t\u00e9rminos reales que quita incentivos a ahorrar en pesos; y 4) Las opacas licitaciones de BOPREAL no permiten descomprimir demanda de USD asociada a deuda comercial.<\/em><\/p>\n<p><em>El esquema cambiario-monetario instrumentado por el Gobierno es audaz e involucra riesgos no menores, tanto por cuestiones estacionales como por una demora en el impacto de las medidas implementadas: tanto la oferta excepcional de divisas como su acotada demanda tienen \u201cpatas cortas\u201d y dif\u00edcilmente logren sostenerse durante el verano sin instrumentar nuevas medidas.<\/em><\/p>\n<p><em>\u00a0<\/em><\/p>\n<p>En medio de una semana cooptada por el viaje del Presidente Javier Milei a la cumbre internacional de Davos, sus repercusiones y las reuniones con autoridades del FMI, <strong>en el \u00e1mbito local mostraron una mayor presencia ciertos riesgos <\/strong>(esperables y anticipados) <strong>que desaf\u00edan la sostenibilidad del esquema cambiario-monetario vigente: <\/strong>el repunte en la brecha cambiaria y resultados opacos en la nueva licitaci\u00f3n del BOPREAL. No obstante, durante la \u00faltima semana el BCRA logr\u00f3 sostener las compras netas en el MULC y el Tesoro contin\u00fao captando financiamiento neto en sus licitaciones.<\/p>\n<p><img fetchpriority=\"high\" decoding=\"async\" class=\"aligncenter wp-image-16256 size-full\" src=\"http:\/\/ecolatina-2018.appspot.com.storage.googleapis.com\/MULC-diario-y-brecha-3.png\" alt=\"\" width=\"1600\" height=\"900\" \/><\/p>\n<p>En primera instancia, durante las \u00faltimas ruedas<strong> los USD alternativos retomaron el sendero alcista y llevaron a la brecha cambiaria por encima del 50%.<\/strong> De esta manera, la brecha pas\u00f3 de un m\u00ednimo de 15% (el 27\/12) a casi 55% con subas semanales en los USD alternativos entre el 9% y el 18%.<\/p>\n<p><strong>\u00bfQu\u00e9 podr\u00eda explicar el reciente repunte en la brecha cambiaria?<\/strong> En nuestros \u00faltimos informes no descart\u00e1bamos un repunte en los USD alternativos producto de una serie de factores que podr\u00edan generar una mayor demanda de USD: <strong>1)<\/strong> La percepci\u00f3n de un atraso real y una oportunidad de inversi\u00f3n en los USD alternativos ante la aceleraci\u00f3n inflacionaria; <strong>2)<\/strong> La reversi\u00f3n estacional en la demanda de dinero que se ir\u00e1 profundizando en los pr\u00f3ximos meses; y <strong>3)<\/strong> Las pr\u00e1cticamente nulas opciones de inversi\u00f3n para resguardarse frente a los mayores niveles de nominalidad junto con la vigencia de una tasa de inter\u00e9s sumamente negativa en t\u00e9rminos reales que quita incentivos a ahorrar en pesos; y <strong>4)<\/strong> Las opacas licitaciones de BOPREAL no permiten descomprimir demanda de USD asociada a deuda comercial.<\/p>\n<p>Con respecto al tercer punto, con las recientes subas los USD financieros muestran rendimientos bastante por encima de la tasa de inter\u00e9s en pesos (desaparece el <em>carry trade<\/em> en USD). Dicho riesgo no es para nada menor (estar\u00eda al menos hasta la llegada de la cosecha gruesa), dado que el <strong>comportamiento de los USD alternativos es sumamente vol\u00e1til<\/strong> y puede llegar a sobrereaccionar, rompiendo as\u00ed la estabilidad cambiaria.<\/p>\n<p>M\u00e1s all\u00e1 de la brecha, la historia es distinta para el caso del MULC: <strong>el BCRA a\u00fan muestra un nivel de compras netas relativamente elevado<\/strong> gracias a una oferta de USD que se sostiene pese al ruido de fondo y una demanda de divisas que mostr\u00f3 un leve repunte, pero a\u00fan permanece restringida.<\/p>\n<p>Sin embargo, el <strong>esquema cambiario <\/strong>instrumentado por el Gobierno es <strong>audaz e involucra riesgos no menores<\/strong>, tanto por cuestiones estacionales como por una demora en el impacto de las medidas implementadas: tanto la oferta excepcional de divisas como su acotada demanda tienen \u201cpatas cortas\u201d y dif\u00edcilmente logren sostenerse durante el verano sin instrumentar nuevas medidas.<\/p>\n<p>Por un lado, frente a una inflaci\u00f3n corriendo a un ritmo del 20% mensual, el <em>crawling peg<\/em> del 2% mensual no es suficiente para evitar un importante <strong>atraso cambiario<\/strong> en las pr\u00f3ximas semanas, lo cual paulatinamente le quitar\u00e1 incentivos a los exportadores para liquidar divisas.<\/p>\n<p>A su vez, desde mediados de enero comenz\u00f3 a impactar con mayor fuerza <strong>los pagos por importaciones postergados<\/strong> con el cambio de sistema, lo cual podr\u00eda generar una especie de cuello de botella elevando abruptamente la demanda de divisas.<\/p>\n<p>Por su parte, los <strong>BOPREALES<\/strong> (t\u00edtulos de deuda del BCRA a suscribir voluntariamente en pesos y pagaderos en d\u00f3lares, \u00fanicamente disponible para importadores que registren deuda con sus proveedores del exterior) a\u00fan <strong>no logran seducir a los importadores pese al repunte en la brecha cambiaria <\/strong>(un mayor nivel del CCL deber\u00eda hacer m\u00e1s atractivo el TC impl\u00edcito en dichos instrumentos). Tras el resultado favorable de la semana pasada, el BCRA capt\u00f3 apenas unos USD 340 M en su cuarta licitaci\u00f3n. Con este resultado, el acumulado obtenido desde el inicio de estas operaciones alcanza los USD 1.644 M. <strong>\u00bfA qu\u00e9 podr\u00eda deberse dicha postura?<\/strong> Estimamos que los importadores adoptaron una estrategia un <strong><em>\u201cwait and see\u201d<\/em><\/strong> para tomar la decisi\u00f3n una vez que dichos bonos muestren una mayor liquidez en el mercado secundario.<\/p>\n<p>En paralelo a la din\u00e1mica cambiaria, <strong>el Gobierno continu\u00f3 implementando su estrategia monetaria <\/strong>para reducir los desequilibrios acumulados y administrar el excedente de pesos presente en la econom\u00eda. Concretamente, en la licitaci\u00f3n de la semana el Tesoro adjudic\u00f3 deuda en pesos indexada a la inflaci\u00f3n por casi $4 billones (proveniente mayormente de Pases) y recompr\u00f3 t\u00edtulos p\u00fablicos en cartera del BCRA (T5X4) por $ 875.000 M (reduciendo en esta magnitud la Base Monetaria).<\/p>\n<p>Recordemos que <strong>la estrategia oficial para la correcci\u00f3n de los desequilibrios monetarios heredados apela a una combinaci\u00f3n de: (1)<\/strong> Reducir las fuentes de emisi\u00f3n al cortar con el financiamiento monetario directo del d\u00e9ficit fiscal; <strong>(2)<\/strong> Una tasa de inter\u00e9s negativa del BCRA que permitir\u00eda \u201clicuar\u201d el <em>stock<\/em> de pasivos remunerados; y <strong>(3)<\/strong> Una migraci\u00f3n del <em>stock<\/em> de pesos hacia instrumentos de deuda del Tesoro.<\/p>\n<h3>El BCRA sostiene las compras en el MULC<\/h3>\n<p><strong>El BCRA compr\u00f3 casi USD 800 M esta semana, acumulando m\u00e1s de USD 5.100 M desde el cambio de mandato <\/strong>(28 ruedas de compras al hilo). De esta manera, la autoridad monetaria logr\u00f3 sostener el ritmo de compras diarias evidenciado desde principios de a\u00f1o (USD 160 M), aunque se ubica por debajo del visto durante diciembre luego de la devaluaci\u00f3n (USD 240 M). Con todo, las Reservas Netas (considerando los DEG pero excluyendo el resto de los pasivos del BCRA) mostraron una leve recuperaci\u00f3n, aunque persisten en m\u00ednimos hist\u00f3ricos en torno a los &#8211; USD 8.800 M.<\/p>\n<h3>Reacci\u00f3n al alza en USD alternativos<\/h3>\n<p><strong>Los d\u00f3lares alternativos mostraron un marcado repunte en la \u00faltima semana e impulsaron una (esperable) suba en la brecha<\/strong>, que alcanz\u00f3 m\u00e1ximos para la gesti\u00f3n Milei-Caputo. Puntualmente, mientras el blue se increment\u00f3 un 9% ($1.220), el MEP ($1.275), el CCL v\u00eda CEDEAR ($1.308) y el CCL v\u00eda GD30 ($1.256) mostraron subas semanales de entre el 14% y el 18%, frente a un d\u00f3lar oficial que avanz\u00f3 apenas un 0,5%. Como resultado, la brecha promedio mostr\u00f3 un repunte de 18,2 p.p., cerrando la semana rozando el 55%.<\/p>\n<h3>Idas y vueltas en los futuros del d\u00f3lar<\/h3>\n<p><strong>Los futuros del d\u00f3lar mostraron leve bajas a principios de semana que luego fueron m\u00e1s que compensadas con subas en las ruedas posteriores.<\/strong> Concretamente, si bien los contratos con vencimiento entre enero y abril cerraron la semana en niveles similares al cierre semanal previo, el resto de los contratos (con menor volumen) evidenciaron subas semanales entorno al 4%. M\u00e1s all\u00e1 de los movimientos semanales, el mercado contin\u00faa sin poner en precios la estrategia oficial de sostener el <em>crawling peg<\/em> al 2%, descontando que se abandonar\u00eda a partir de febrero (se espera un 4% para dicho mes).<\/p>","protected":false},"excerpt":{"rendered":"<p>En medio de una semana cooptada por el viaje del Presidente Javier Milei a la cumbre internacional de Davos, sus repercusiones y las reuniones con autoridades del FMI, en el \u00e1mbito local mostraron una mayor presencia ciertos riesgos (esperables y anticipados) que desaf\u00edan la sostenibilidad del esquema cambiario-monetario vigente: el [&hellip;]<\/p>\n","protected":false},"author":2,"featured_media":3478,"comment_status":"","ping_status":"","sticky":false,"template":"","format":"standard","meta":{"author_name":"Bruno Bonfanti","image_url":"http:\/\/ecolatina-2018.appspot.com.storage.googleapis.com\/Fondo-cambiario.jpeg","_joinchat":[],"footnotes":""},"categories":[1],"tags":[],"class_list":["post-3477","post","type-post","status-publish","format-standard","has-post-thumbnail","hentry","category-sin-categoria"],"aioseo_notices":[],"yoast_head":"<!-- This site is optimized with the Yoast SEO plugin v27.5 - https:\/\/yoast.com\/product\/yoast-seo-wordpress\/ -->\n<title>Se despert\u00f3 la brecha cambiaria - Ecolatina<\/title>\n<meta name=\"robots\" content=\"index, follow, max-snippet:-1, max-image-preview:large, max-video-preview:-1\" \/>\n<link rel=\"canonical\" href=\"https:\/\/ecolatina.com\/en\/2024\/01\/19\/se-desperto-la-brecha-cambiaria\/\" \/>\n<meta property=\"og:locale\" content=\"en_US\" \/>\n<meta property=\"og:type\" content=\"article\" \/>\n<meta property=\"og:title\" content=\"Se despert\u00f3 la brecha cambiaria - Ecolatina\" \/>\n<meta property=\"og:description\" content=\"En medio de una semana cooptada por el viaje del Presidente Javier Milei a la cumbre internacional de Davos, sus repercusiones y las reuniones con autoridades del FMI, en el \u00e1mbito local mostraron una mayor presencia ciertos riesgos (esperables y anticipados) que desaf\u00edan la sostenibilidad del esquema cambiario-monetario vigente: el [&hellip;]\" \/>\n<meta property=\"og:url\" content=\"https:\/\/ecolatina.com\/en\/2024\/01\/19\/se-desperto-la-brecha-cambiaria\/\" \/>\n<meta property=\"og:site_name\" content=\"Ecolatina\" \/>\n<meta property=\"article:published_time\" content=\"2024-01-19T21:48:30+00:00\" \/>\n<meta property=\"og:image\" content=\"http:\/\/ecolatina-2018.appspot.com.storage.googleapis.com\/MULC-diario-y-brecha-3.png\" \/>\n<meta name=\"author\" content=\"AppVisor Blog Bot\" \/>\n<meta name=\"twitter:card\" content=\"summary_large_image\" \/>\n<meta name=\"twitter:creator\" content=\"@Ecolatina_Arg\" \/>\n<meta name=\"twitter:site\" content=\"@Ecolatina_Arg\" \/>\n<meta name=\"twitter:label1\" content=\"Written by\" \/>\n\t<meta name=\"twitter:data1\" content=\"AppVisor Blog Bot\" \/>\n\t<meta name=\"twitter:label2\" content=\"Est. reading time\" \/>\n\t<meta name=\"twitter:data2\" content=\"7 minutes\" \/>\n<script type=\"application\/ld+json\" class=\"yoast-schema-graph\">{\"@context\":\"https:\\\/\\\/schema.org\",\"@graph\":[{\"@type\":\"Article\",\"@id\":\"https:\\\/\\\/ecolatina.com\\\/2024\\\/01\\\/19\\\/se-desperto-la-brecha-cambiaria\\\/#article\",\"isPartOf\":{\"@id\":\"https:\\\/\\\/ecolatina.com\\\/2024\\\/01\\\/19\\\/se-desperto-la-brecha-cambiaria\\\/\"},\"author\":{\"name\":\"AppVisor Blog Bot\",\"@id\":\"https:\\\/\\\/ecolatina.com\\\/#\\\/schema\\\/person\\\/ff70142206e33eb083069905ccc586b0\"},\"headline\":\"Se despert\u00f3 la brecha cambiaria\",\"datePublished\":\"2024-01-19T21:48:30+00:00\",\"mainEntityOfPage\":{\"@id\":\"https:\\\/\\\/ecolatina.com\\\/2024\\\/01\\\/19\\\/se-desperto-la-brecha-cambiaria\\\/\"},\"wordCount\":1388,\"publisher\":{\"@id\":\"https:\\\/\\\/ecolatina.com\\\/#organization\"},\"image\":{\"@id\":\"https:\\\/\\\/ecolatina.com\\\/2024\\\/01\\\/19\\\/se-desperto-la-brecha-cambiaria\\\/#primaryimage\"},\"thumbnailUrl\":\"https:\\\/\\\/ecolatina.com\\\/wp-content\\\/uploads\\\/2024\\\/01\\\/Fondo-cambiario-5.jpeg\",\"articleSection\":[\"Sin categor\u00eda\"],\"inLanguage\":\"en-US\"},{\"@type\":\"WebPage\",\"@id\":\"https:\\\/\\\/ecolatina.com\\\/2024\\\/01\\\/19\\\/se-desperto-la-brecha-cambiaria\\\/\",\"url\":\"https:\\\/\\\/ecolatina.com\\\/2024\\\/01\\\/19\\\/se-desperto-la-brecha-cambiaria\\\/\",\"name\":\"Se despert\u00f3 la brecha cambiaria - Ecolatina\",\"isPartOf\":{\"@id\":\"https:\\\/\\\/ecolatina.com\\\/#website\"},\"primaryImageOfPage\":{\"@id\":\"https:\\\/\\\/ecolatina.com\\\/2024\\\/01\\\/19\\\/se-desperto-la-brecha-cambiaria\\\/#primaryimage\"},\"image\":{\"@id\":\"https:\\\/\\\/ecolatina.com\\\/2024\\\/01\\\/19\\\/se-desperto-la-brecha-cambiaria\\\/#primaryimage\"},\"thumbnailUrl\":\"https:\\\/\\\/ecolatina.com\\\/wp-content\\\/uploads\\\/2024\\\/01\\\/Fondo-cambiario-5.jpeg\",\"datePublished\":\"2024-01-19T21:48:30+00:00\",\"breadcrumb\":{\"@id\":\"https:\\\/\\\/ecolatina.com\\\/2024\\\/01\\\/19\\\/se-desperto-la-brecha-cambiaria\\\/#breadcrumb\"},\"inLanguage\":\"en-US\",\"potentialAction\":[{\"@type\":\"ReadAction\",\"target\":[\"https:\\\/\\\/ecolatina.com\\\/2024\\\/01\\\/19\\\/se-desperto-la-brecha-cambiaria\\\/\"]}]},{\"@type\":\"ImageObject\",\"inLanguage\":\"en-US\",\"@id\":\"https:\\\/\\\/ecolatina.com\\\/2024\\\/01\\\/19\\\/se-desperto-la-brecha-cambiaria\\\/#primaryimage\",\"url\":\"https:\\\/\\\/ecolatina.com\\\/wp-content\\\/uploads\\\/2024\\\/01\\\/Fondo-cambiario-5.jpeg\",\"contentUrl\":\"https:\\\/\\\/ecolatina.com\\\/wp-content\\\/uploads\\\/2024\\\/01\\\/Fondo-cambiario-5.jpeg\",\"width\":1280,\"height\":842},{\"@type\":\"BreadcrumbList\",\"@id\":\"https:\\\/\\\/ecolatina.com\\\/2024\\\/01\\\/19\\\/se-desperto-la-brecha-cambiaria\\\/#breadcrumb\",\"itemListElement\":[{\"@type\":\"ListItem\",\"position\":1,\"name\":\"Inicio\",\"item\":\"https:\\\/\\\/ecolatina.com\\\/\"},{\"@type\":\"ListItem\",\"position\":2,\"name\":\"Se despert\u00f3 la brecha cambiaria\"}]},{\"@type\":\"WebSite\",\"@id\":\"https:\\\/\\\/ecolatina.com\\\/#website\",\"url\":\"https:\\\/\\\/ecolatina.com\\\/\",\"name\":\"Ecolatina\",\"description\":\"Tu socio estrat\u00e9gico para la toma de decisiones \",\"publisher\":{\"@id\":\"https:\\\/\\\/ecolatina.com\\\/#organization\"},\"potentialAction\":[{\"@type\":\"SearchAction\",\"target\":{\"@type\":\"EntryPoint\",\"urlTemplate\":\"https:\\\/\\\/ecolatina.com\\\/?s={search_term_string}\"},\"query-input\":{\"@type\":\"PropertyValueSpecification\",\"valueRequired\":true,\"valueName\":\"search_term_string\"}}],\"inLanguage\":\"en-US\"},{\"@type\":\"Organization\",\"@id\":\"https:\\\/\\\/ecolatina.com\\\/#organization\",\"name\":\"Ecolatina\",\"url\":\"https:\\\/\\\/ecolatina.com\\\/\",\"logo\":{\"@type\":\"ImageObject\",\"inLanguage\":\"en-US\",\"@id\":\"https:\\\/\\\/ecolatina.com\\\/#\\\/schema\\\/logo\\\/image\\\/\",\"url\":\"https:\\\/\\\/ecolatina.com\\\/wp-content\\\/uploads\\\/2023\\\/05\\\/Ecolatina_logo_01-verde-sin-tagline.png\",\"contentUrl\":\"https:\\\/\\\/ecolatina.com\\\/wp-content\\\/uploads\\\/2023\\\/05\\\/Ecolatina_logo_01-verde-sin-tagline.png\",\"width\":1008,\"height\":260,\"caption\":\"Ecolatina\"},\"image\":{\"@id\":\"https:\\\/\\\/ecolatina.com\\\/#\\\/schema\\\/logo\\\/image\\\/\"},\"sameAs\":[\"https:\\\/\\\/x.com\\\/Ecolatina_Arg\",\"https:\\\/\\\/www.linkedin.com\\\/company\\\/ecolatina\\\/?originalSubdomain=ar\"]},{\"@type\":\"Person\",\"@id\":\"https:\\\/\\\/ecolatina.com\\\/#\\\/schema\\\/person\\\/ff70142206e33eb083069905ccc586b0\",\"name\":\"AppVisor Blog Bot\",\"url\":\"https:\\\/\\\/ecolatina.com\\\/en\\\/author\\\/appvisorblogbot\\\/\"}]}<\/script>\n<!-- \/ Yoast SEO plugin. -->","yoast_head_json":{"title":"Se despert\u00f3 la brecha cambiaria - Ecolatina","robots":{"index":"index","follow":"follow","max-snippet":"max-snippet:-1","max-image-preview":"max-image-preview:large","max-video-preview":"max-video-preview:-1"},"canonical":"https:\/\/ecolatina.com\/en\/2024\/01\/19\/se-desperto-la-brecha-cambiaria\/","og_locale":"en_US","og_type":"article","og_title":"Se despert\u00f3 la brecha cambiaria - Ecolatina","og_description":"En medio de una semana cooptada por el viaje del Presidente Javier Milei a la cumbre internacional de Davos, sus repercusiones y las reuniones con autoridades del FMI, en el \u00e1mbito local mostraron una mayor presencia ciertos riesgos (esperables y anticipados) que desaf\u00edan la sostenibilidad del esquema cambiario-monetario vigente: el [&hellip;]","og_url":"https:\/\/ecolatina.com\/en\/2024\/01\/19\/se-desperto-la-brecha-cambiaria\/","og_site_name":"Ecolatina","article_published_time":"2024-01-19T21:48:30+00:00","og_image":[{"url":"http:\/\/ecolatina-2018.appspot.com.storage.googleapis.com\/MULC-diario-y-brecha-3.png","type":"","width":"","height":""}],"author":"AppVisor Blog Bot","twitter_card":"summary_large_image","twitter_creator":"@Ecolatina_Arg","twitter_site":"@Ecolatina_Arg","twitter_misc":{"Written by":"AppVisor Blog Bot","Est. reading time":"7 minutes"},"schema":{"@context":"https:\/\/schema.org","@graph":[{"@type":"Article","@id":"https:\/\/ecolatina.com\/2024\/01\/19\/se-desperto-la-brecha-cambiaria\/#article","isPartOf":{"@id":"https:\/\/ecolatina.com\/2024\/01\/19\/se-desperto-la-brecha-cambiaria\/"},"author":{"name":"AppVisor Blog Bot","@id":"https:\/\/ecolatina.com\/#\/schema\/person\/ff70142206e33eb083069905ccc586b0"},"headline":"Se despert\u00f3 la brecha cambiaria","datePublished":"2024-01-19T21:48:30+00:00","mainEntityOfPage":{"@id":"https:\/\/ecolatina.com\/2024\/01\/19\/se-desperto-la-brecha-cambiaria\/"},"wordCount":1388,"publisher":{"@id":"https:\/\/ecolatina.com\/#organization"},"image":{"@id":"https:\/\/ecolatina.com\/2024\/01\/19\/se-desperto-la-brecha-cambiaria\/#primaryimage"},"thumbnailUrl":"https:\/\/ecolatina.com\/wp-content\/uploads\/2024\/01\/Fondo-cambiario-5.jpeg","articleSection":["Sin categor\u00eda"],"inLanguage":"en-US"},{"@type":"WebPage","@id":"https:\/\/ecolatina.com\/2024\/01\/19\/se-desperto-la-brecha-cambiaria\/","url":"https:\/\/ecolatina.com\/2024\/01\/19\/se-desperto-la-brecha-cambiaria\/","name":"Se despert\u00f3 la brecha cambiaria - Ecolatina","isPartOf":{"@id":"https:\/\/ecolatina.com\/#website"},"primaryImageOfPage":{"@id":"https:\/\/ecolatina.com\/2024\/01\/19\/se-desperto-la-brecha-cambiaria\/#primaryimage"},"image":{"@id":"https:\/\/ecolatina.com\/2024\/01\/19\/se-desperto-la-brecha-cambiaria\/#primaryimage"},"thumbnailUrl":"https:\/\/ecolatina.com\/wp-content\/uploads\/2024\/01\/Fondo-cambiario-5.jpeg","datePublished":"2024-01-19T21:48:30+00:00","breadcrumb":{"@id":"https:\/\/ecolatina.com\/2024\/01\/19\/se-desperto-la-brecha-cambiaria\/#breadcrumb"},"inLanguage":"en-US","potentialAction":[{"@type":"ReadAction","target":["https:\/\/ecolatina.com\/2024\/01\/19\/se-desperto-la-brecha-cambiaria\/"]}]},{"@type":"ImageObject","inLanguage":"en-US","@id":"https:\/\/ecolatina.com\/2024\/01\/19\/se-desperto-la-brecha-cambiaria\/#primaryimage","url":"https:\/\/ecolatina.com\/wp-content\/uploads\/2024\/01\/Fondo-cambiario-5.jpeg","contentUrl":"https:\/\/ecolatina.com\/wp-content\/uploads\/2024\/01\/Fondo-cambiario-5.jpeg","width":1280,"height":842},{"@type":"BreadcrumbList","@id":"https:\/\/ecolatina.com\/2024\/01\/19\/se-desperto-la-brecha-cambiaria\/#breadcrumb","itemListElement":[{"@type":"ListItem","position":1,"name":"Inicio","item":"https:\/\/ecolatina.com\/"},{"@type":"ListItem","position":2,"name":"Se despert\u00f3 la brecha cambiaria"}]},{"@type":"WebSite","@id":"https:\/\/ecolatina.com\/#website","url":"https:\/\/ecolatina.com\/","name":"Ecolatina","description":"Tu socio estrat\u00e9gico para la toma de decisiones","publisher":{"@id":"https:\/\/ecolatina.com\/#organization"},"potentialAction":[{"@type":"SearchAction","target":{"@type":"EntryPoint","urlTemplate":"https:\/\/ecolatina.com\/?s={search_term_string}"},"query-input":{"@type":"PropertyValueSpecification","valueRequired":true,"valueName":"search_term_string"}}],"inLanguage":"en-US"},{"@type":"Organization","@id":"https:\/\/ecolatina.com\/#organization","name":"Ecolatina","url":"https:\/\/ecolatina.com\/","logo":{"@type":"ImageObject","inLanguage":"en-US","@id":"https:\/\/ecolatina.com\/#\/schema\/logo\/image\/","url":"https:\/\/ecolatina.com\/wp-content\/uploads\/2023\/05\/Ecolatina_logo_01-verde-sin-tagline.png","contentUrl":"https:\/\/ecolatina.com\/wp-content\/uploads\/2023\/05\/Ecolatina_logo_01-verde-sin-tagline.png","width":1008,"height":260,"caption":"Ecolatina"},"image":{"@id":"https:\/\/ecolatina.com\/#\/schema\/logo\/image\/"},"sameAs":["https:\/\/x.com\/Ecolatina_Arg","https:\/\/www.linkedin.com\/company\/ecolatina\/?originalSubdomain=ar"]},{"@type":"Person","@id":"https:\/\/ecolatina.com\/#\/schema\/person\/ff70142206e33eb083069905ccc586b0","name":"AppVisor Blog Bot","url":"https:\/\/ecolatina.com\/en\/author\/appvisorblogbot\/"}]}},"_links":{"self":[{"href":"https:\/\/ecolatina.com\/en\/wp-json\/wp\/v2\/posts\/3477","targetHints":{"allow":["GET"]}}],"collection":[{"href":"https:\/\/ecolatina.com\/en\/wp-json\/wp\/v2\/posts"}],"about":[{"href":"https:\/\/ecolatina.com\/en\/wp-json\/wp\/v2\/types\/post"}],"author":[{"embeddable":true,"href":"https:\/\/ecolatina.com\/en\/wp-json\/wp\/v2\/users\/2"}],"replies":[{"embeddable":true,"href":"https:\/\/ecolatina.com\/en\/wp-json\/wp\/v2\/comments?post=3477"}],"version-history":[{"count":0,"href":"https:\/\/ecolatina.com\/en\/wp-json\/wp\/v2\/posts\/3477\/revisions"}],"wp:featuredmedia":[{"embeddable":true,"href":"https:\/\/ecolatina.com\/en\/wp-json\/wp\/v2\/media\/3478"}],"wp:attachment":[{"href":"https:\/\/ecolatina.com\/en\/wp-json\/wp\/v2\/media?parent=3477"}],"wp:term":[{"taxonomy":"category","embeddable":true,"href":"https:\/\/ecolatina.com\/en\/wp-json\/wp\/v2\/categories?post=3477"},{"taxonomy":"post_tag","embeddable":true,"href":"https:\/\/ecolatina.com\/en\/wp-json\/wp\/v2\/tags?post=3477"}],"curies":[{"name":"wp","href":"https:\/\/api.w.org\/{rel}","templated":true}]}}