{"id":3487,"date":"2024-02-01T16:03:18","date_gmt":"2024-02-01T19:03:18","guid":{"rendered":"https:\/\/ecolatina.com\/2024\/02\/01\/el-escepticismo-desinflacionario\/"},"modified":"2024-02-01T16:03:18","modified_gmt":"2024-02-01T19:03:18","slug":"el-escepticismo-desinflacionario","status":"publish","type":"post","link":"https:\/\/ecolatina.com\/en\/2024\/02\/01\/el-escepticismo-desinflacionario\/","title":{"rendered":"El escepticismo (des)inflacionario"},"content":{"rendered":"<p><em>El atraso relativo del tipo de cambio y las tarifas son dos asuntos ineludibles para el gobierno en sus primeros meses de mandato. Sin embargo, este enfoque implica reconocer que otros precios est\u00e1n \u201cadelantados\u201d, como por ejemplo los salarios. Continuar el ajuste sobre el poder adquisitivo parece una tarea dif\u00edcil en un contexto socio-econ\u00f3mico tan complejo.<\/em><\/p>\n<p><em>La resistencia de un precio relativo a ajustar, en este caso los salarios, condicionar\u00e1 la desaceleraci\u00f3n de la inflaci\u00f3n buscada por el gobierno en ausencia de un plan de estabilizaci\u00f3n. Adem\u00e1s, considerando que el \u201csinceramiento de precios\u201d que dio lugar al shock inicial se va diluyendo y algunos precios vuelven a atrasarse, la expectativa de una inestabilidad nominal es creciente.<\/em><\/p>\n<p><em>Incluso con la depuraci\u00f3n de los pasivos remunerados del BCRA como tel\u00f3n de fondo, la menor demanda de dinero, un recalentamiento de la brecha y un inminente atraso del tipo de cambio real ser\u00e1n factores m\u00e1s relevantes a la hora de determinar la din\u00e1mica inflacionaria. En este sentido, el principal desaf\u00edo del Gobierno durante el semestre ser\u00e1 que la ausencia de un plan de estabilizaci\u00f3n en el arranque de la gesti\u00f3n termine minando la creencia de que pueda ser capaz de llevarlo a cabo en forma efectiva.<\/em><\/p>\n<h3>Corrigiendo precios atrasados<\/h3>\n<p>La <strong>correcci\u00f3n de precios relativos<\/strong> iniciada con el cambio de gobierno tuvo como primer disparador el aumento de casi 120% del <strong>tipo de cambio<\/strong>. El argumento, con total sentido, era que el tipo de cambio real estaba <strong>atrasado<\/strong>. De hecho, no s\u00f3lo el nivel del tipo de cambio real multilateral previo a la devaluaci\u00f3n era similar al promedio de 2015, sino que tambi\u00e9n la brecha cambiaria hab\u00eda llegado a rozar el 190%.<\/p>\n<p>Adicionalmente, el atraso estaba presente en muchos precios <strong>Regulados<\/strong>, especialmente en las <strong>tarifas de los servicios p\u00fablicos<\/strong>. Si bien el gobierno anterior t\u00edmidamente intent\u00f3 llevarlos al ritmo de la inflaci\u00f3n (entre diciembre 2021 y julio 2023 los servicios p\u00fablicos subieron levemente por encima del Nivel General), este esquema se interrumpi\u00f3 tras las PASO de agosto, momento a partir del cual la inflaci\u00f3n acumul\u00f3 m\u00e1s de 90% hasta fin de a\u00f1o.<\/p>\n<p>En cualquier caso, si bien la situaci\u00f3n dista de ser la de finales de 2015 y comienzos de 2016, <strong>el atraso a corregir es significativo<\/strong>. Con una inflaci\u00f3n mensual que se encuentra c\u00f3modamente en los dos d\u00edgitos, cada mes que pasa hace necesario un ajuste futuro mayor para corregir dicho rezago.<\/p>\n<p>Sin embargo, solamente desde el cambio de mandato tuvieron lugar aumentos de <strong>combustibles, prepagas<\/strong> y recientemente (de forma acotada) del <strong>transporte p\u00fablico<\/strong>, restando todav\u00eda precisiones sobre la <strong>magnitud<\/strong> y <strong><em>timing<\/em><\/strong> de los incrementos del resto de los servicios. No obstante, se prev\u00e9n <strong>aumentos importantes<\/strong> en los primeros meses del a\u00f1o y la b\u00fasqueda de alguna forma de indexarlos para evitar un nuevo atraso que condicione el ambicioso objetivo fiscal del Gobierno para este a\u00f1o.<\/p>\n<p>En tercer lugar, los controles de precios en bienes de <strong>consumo masivo<\/strong> (a los que se recurri\u00f3 continuamente durante la administraci\u00f3n previa) tambi\u00e9n provocaron que estos subieran menos que la inflaci\u00f3n. Consecuentemente, la eliminaci\u00f3n de los controles provoc\u00f3 ya en diciembre un importante incremento en este grupo (incluso ya hab\u00edan comenzado a despegar semanas atr\u00e1s), que r\u00e1pidamente buscaron corregir su atraso.<\/p>\n<h3><em>Precios \u00bfadelantados?<\/em><\/h3>\n<p>En resumen, tenemos tres precios relevantes dentro de la econom\u00eda que intentan corregir su atraso relativo. Detr\u00e1s de esta l\u00f3gica subyace la noci\u00f3n de que hay precios que est\u00e1n \u201cadelantados\u201d respecto a los primeros. Los candidatos de este grupo son <strong>(1)<\/strong> los <strong>bienes importados<\/strong> -y sus sustitutos dom\u00e9sticos-; <strong>(2)<\/strong> los <strong>salarios<\/strong> que, en el lenguaje del IPC son, a grandes rasgos, los bienes no alimentarios (electrodom\u00e9sticos, indumentaria, herramientas, art\u00edculos de tocador y limpieza, autos, juguetes, etc.); y los servicios privados.<\/p>\n<p>&nbsp;<\/p>\n<p>No es ninguna novedad que los precios de los <strong>bienes importados<\/strong> han aumentado bastante el \u00faltimo tiempo. La p\u00e9rdida de relevancia del tipo de cambio oficial y la menor competencia externa propici\u00f3 su encarecimiento a lo largo del \u00faltimo tiempo. Si bien vendedores con <em>stock<\/em> podr\u00e1n mostrar una moderaci\u00f3n en los precios si la p\u00e9rdida del poder adquisitivo desploma la demanda -algo de eso se ve en enero-, no hay elementos para creer que estos precios no continuar\u00e1n aumentando m\u00e1s o menos al ritmo del resto de los precios hasta que, al menos, se permita una mayor oferta v\u00eda mayores importaciones, una decisi\u00f3n que tiene sus propios desaf\u00edos macroecon\u00f3micos, especialmente en un contexto de escasez de d\u00f3lares. En resumen, los precios de los bienes que estaban valuados a un tipo de cambio m\u00e1s alto que el oficial -antes de la devaluaci\u00f3n- estar\u00e1n caros en d\u00f3lares.<\/p>\n<p>Esto nos lleva al otro punto: <strong>\u00bfqu\u00e9 pasar\u00e1 con los salarios?<\/strong> Siguiendo la l\u00f3gica de lo expuesto, en este esquema ser\u00edan la <strong>variable de ajuste<\/strong>, tal como explor\u00e1bamos en este <a href=\"https:\/\/blog.appvisor.com.ar\/sinceramiento-de-precios-al-salario-le-mintieron\/\">informe<\/a>. Sin embargo, el hecho de que el salario real se encuentre m\u00e1s de 20% por debajo del promedio de 2017 y que el sector sindical ahora se presenta m\u00e1s combativo son cuestiones que marcan que este precio relativo tendr\u00e1 cierta <strong>resistencia<\/strong> a continuar siendo ajustado.<\/p>\n<p>Por lo tanto, si un <em>shock<\/em> inicial que busca corregir precios relativos atrasados termina desencadenando aumentos en otros precios que quieren evitar ser la variable del ajuste, tenemos el <strong>primer problema<\/strong>: la inflaci\u00f3n demora en desacelerar su marcha. Adem\u00e1s, el \u201csinceramiento de precios\u201d que inici\u00f3 la secuencia se va diluyendo y algunos precios vuelven a atrasarse, elevando la expectativa de nuevos ajustes que reinicien el proceso, dej\u00e1ndonos en la puerta del <strong>segundo problema<\/strong>: los riesgos de una espiralizaci\u00f3n nominal.<\/p>\n<p>Por \u00faltimo, vale mencionar que bajo la discusi\u00f3n que est\u00e1 ocurriendo en el Congreso acerca de la Ley Omnibus enviada por el oficialismo, <strong>lo que suceda con la inflaci\u00f3n puede condicionar <\/strong>el objetivo fiscal propuesto por el gobierno. Por caso, no es lo mismo una f\u00f3rmula de movilidad jubilatoria que ajuste en base a la nominalidad del mes o trimestre previo, ya que una lenta desaceleraci\u00f3n de la inflaci\u00f3n favorecer\u00eda m\u00e1s el ajuste fiscal (inicialmente) en el segundo caso.<\/p>\n<h3><em>\u00bfQu\u00e9 esperamos para los pr\u00f3ximos meses?<\/em><\/h3>\n<p>Considerando que apenas se ha comenzado a desandar el camino de correcci\u00f3n de precios relativos -como mencionamos todav\u00eda restan definiciones acerca de las tarifas-, prevemos que durante el primer semestre la inflaci\u00f3n ir\u00e1 desacelerando de los niveles actuales, aunque sin alcanzar a ser de un d\u00edgito en este periodo.<\/p>\n<p>De hecho, esta din\u00e1mica tendr\u00e1 lugar incluso con la depuraci\u00f3n de los pasivos remunerados del BCRA como tel\u00f3n de fondo, proceso en el cual el Gobierno busca reducir los pesos en circulaci\u00f3n y moderar la expectativa de crecimiento de los agregados monetarios con una tasa real negativa. Justamente, dado que prevemos que esta estrategia se mantenga a lo largo del semestre, la contrapartida ser\u00eda una alica\u00edda demanda de dinero y una brecha que al menos se estacionar\u00eda en la zona del 50%, condicionando la liquidaci\u00f3n del <em>agro<\/em> y la acumulaci\u00f3n de reservas. Un riesgo latente es que estos factores podr\u00edan ser m\u00e1s determinantes para la din\u00e1mica inflacionaria en el corto plazo que lo que ocurra con la hoja de balance del BCRA.<\/p>\n<p>Por otro lado, en los pr\u00f3ximos meses, e incluso abandonando el <em>crawling peg<\/em> cercano al 2% mensual, el tipo de cambio real se ir\u00e1 apreciando considerablemente, incrementando la expectativa de una nueva devaluaci\u00f3n y sumando ruido acerca de la sostenibilidad de la estrategia del gobierno.<\/p>\n<p>Quiz\u00e1s este ser\u00e1 el <strong>principal desaf\u00edo<\/strong> del Gobierno durante el semestre: frente a los riesgos se\u00f1alados, que la ausencia de un plan de estabilizaci\u00f3n en el arranque de la gesti\u00f3n termine minando la creencia de que pueda ser capaz de llevarlo a cabo en forma efectiva.<\/p>","protected":false},"excerpt":{"rendered":"<p>El atraso relativo del tipo de cambio y las tarifas son dos asuntos ineludibles para el gobierno en sus primeros meses de mandato. Sin embargo, este enfoque implica reconocer que otros precios est\u00e1n \u201cadelantados\u201d, como por ejemplo los salarios. Continuar el ajuste sobre el poder adquisitivo parece una tarea dif\u00edcil [&hellip;]<\/p>\n","protected":false},"author":2,"featured_media":3488,"comment_status":"","ping_status":"","sticky":false,"template":"","format":"standard","meta":{"author_name":"Ignacio Ruiz","image_url":"http:\/\/ecolatina-2018.appspot.com.storage.googleapis.com\/Rodin_El_Pensador-2-990x556-1.jpeg","_joinchat":[],"footnotes":""},"categories":[1],"tags":[],"class_list":["post-3487","post","type-post","status-publish","format-standard","has-post-thumbnail","hentry","category-sin-categoria"],"aioseo_notices":[],"yoast_head":"<!-- This site is optimized with the Yoast SEO plugin v27.5 - https:\/\/yoast.com\/product\/yoast-seo-wordpress\/ -->\n<title>El escepticismo (des)inflacionario - Ecolatina<\/title>\n<meta name=\"robots\" content=\"index, follow, max-snippet:-1, max-image-preview:large, max-video-preview:-1\" \/>\n<link rel=\"canonical\" href=\"https:\/\/ecolatina.com\/en\/2024\/02\/01\/el-escepticismo-desinflacionario\/\" \/>\n<meta property=\"og:locale\" content=\"en_US\" \/>\n<meta property=\"og:type\" content=\"article\" \/>\n<meta property=\"og:title\" content=\"El escepticismo (des)inflacionario - Ecolatina\" \/>\n<meta property=\"og:description\" content=\"El atraso relativo del tipo de cambio y las tarifas son dos asuntos ineludibles para el gobierno en sus primeros meses de mandato. Sin embargo, este enfoque implica reconocer que otros precios est\u00e1n \u201cadelantados\u201d, como por ejemplo los salarios. Continuar el ajuste sobre el poder adquisitivo parece una tarea dif\u00edcil [&hellip;]\" \/>\n<meta property=\"og:url\" content=\"https:\/\/ecolatina.com\/en\/2024\/02\/01\/el-escepticismo-desinflacionario\/\" \/>\n<meta property=\"og:site_name\" content=\"Ecolatina\" \/>\n<meta property=\"article:published_time\" content=\"2024-02-01T19:03:18+00:00\" \/>\n<meta name=\"author\" content=\"AppVisor Blog Bot\" \/>\n<meta name=\"twitter:card\" content=\"summary_large_image\" \/>\n<meta name=\"twitter:creator\" content=\"@Ecolatina_Arg\" \/>\n<meta name=\"twitter:site\" content=\"@Ecolatina_Arg\" \/>\n<meta name=\"twitter:label1\" content=\"Written by\" \/>\n\t<meta name=\"twitter:data1\" content=\"AppVisor Blog Bot\" \/>\n\t<meta name=\"twitter:label2\" content=\"Est. reading time\" \/>\n\t<meta name=\"twitter:data2\" content=\"7 minutes\" \/>\n<script type=\"application\/ld+json\" class=\"yoast-schema-graph\">{\"@context\":\"https:\\\/\\\/schema.org\",\"@graph\":[{\"@type\":\"Article\",\"@id\":\"https:\\\/\\\/ecolatina.com\\\/2024\\\/02\\\/01\\\/el-escepticismo-desinflacionario\\\/#article\",\"isPartOf\":{\"@id\":\"https:\\\/\\\/ecolatina.com\\\/2024\\\/02\\\/01\\\/el-escepticismo-desinflacionario\\\/\"},\"author\":{\"name\":\"AppVisor Blog Bot\",\"@id\":\"https:\\\/\\\/ecolatina.com\\\/#\\\/schema\\\/person\\\/ff70142206e33eb083069905ccc586b0\"},\"headline\":\"El escepticismo (des)inflacionario\",\"datePublished\":\"2024-02-01T19:03:18+00:00\",\"mainEntityOfPage\":{\"@id\":\"https:\\\/\\\/ecolatina.com\\\/2024\\\/02\\\/01\\\/el-escepticismo-desinflacionario\\\/\"},\"wordCount\":1361,\"publisher\":{\"@id\":\"https:\\\/\\\/ecolatina.com\\\/#organization\"},\"image\":{\"@id\":\"https:\\\/\\\/ecolatina.com\\\/2024\\\/02\\\/01\\\/el-escepticismo-desinflacionario\\\/#primaryimage\"},\"thumbnailUrl\":\"https:\\\/\\\/ecolatina.com\\\/wp-content\\\/uploads\\\/2024\\\/02\\\/Rodin_El_Pensador-2-990x556-1.jpeg\",\"articleSection\":[\"Sin categor\u00eda\"],\"inLanguage\":\"en-US\"},{\"@type\":\"WebPage\",\"@id\":\"https:\\\/\\\/ecolatina.com\\\/2024\\\/02\\\/01\\\/el-escepticismo-desinflacionario\\\/\",\"url\":\"https:\\\/\\\/ecolatina.com\\\/2024\\\/02\\\/01\\\/el-escepticismo-desinflacionario\\\/\",\"name\":\"El escepticismo (des)inflacionario - Ecolatina\",\"isPartOf\":{\"@id\":\"https:\\\/\\\/ecolatina.com\\\/#website\"},\"primaryImageOfPage\":{\"@id\":\"https:\\\/\\\/ecolatina.com\\\/2024\\\/02\\\/01\\\/el-escepticismo-desinflacionario\\\/#primaryimage\"},\"image\":{\"@id\":\"https:\\\/\\\/ecolatina.com\\\/2024\\\/02\\\/01\\\/el-escepticismo-desinflacionario\\\/#primaryimage\"},\"thumbnailUrl\":\"https:\\\/\\\/ecolatina.com\\\/wp-content\\\/uploads\\\/2024\\\/02\\\/Rodin_El_Pensador-2-990x556-1.jpeg\",\"datePublished\":\"2024-02-01T19:03:18+00:00\",\"breadcrumb\":{\"@id\":\"https:\\\/\\\/ecolatina.com\\\/2024\\\/02\\\/01\\\/el-escepticismo-desinflacionario\\\/#breadcrumb\"},\"inLanguage\":\"en-US\",\"potentialAction\":[{\"@type\":\"ReadAction\",\"target\":[\"https:\\\/\\\/ecolatina.com\\\/2024\\\/02\\\/01\\\/el-escepticismo-desinflacionario\\\/\"]}]},{\"@type\":\"ImageObject\",\"inLanguage\":\"en-US\",\"@id\":\"https:\\\/\\\/ecolatina.com\\\/2024\\\/02\\\/01\\\/el-escepticismo-desinflacionario\\\/#primaryimage\",\"url\":\"https:\\\/\\\/ecolatina.com\\\/wp-content\\\/uploads\\\/2024\\\/02\\\/Rodin_El_Pensador-2-990x556-1.jpeg\",\"contentUrl\":\"https:\\\/\\\/ecolatina.com\\\/wp-content\\\/uploads\\\/2024\\\/02\\\/Rodin_El_Pensador-2-990x556-1.jpeg\",\"width\":990,\"height\":556},{\"@type\":\"BreadcrumbList\",\"@id\":\"https:\\\/\\\/ecolatina.com\\\/2024\\\/02\\\/01\\\/el-escepticismo-desinflacionario\\\/#breadcrumb\",\"itemListElement\":[{\"@type\":\"ListItem\",\"position\":1,\"name\":\"Inicio\",\"item\":\"https:\\\/\\\/ecolatina.com\\\/\"},{\"@type\":\"ListItem\",\"position\":2,\"name\":\"El escepticismo (des)inflacionario\"}]},{\"@type\":\"WebSite\",\"@id\":\"https:\\\/\\\/ecolatina.com\\\/#website\",\"url\":\"https:\\\/\\\/ecolatina.com\\\/\",\"name\":\"Ecolatina\",\"description\":\"Tu socio estrat\u00e9gico para la toma de decisiones \",\"publisher\":{\"@id\":\"https:\\\/\\\/ecolatina.com\\\/#organization\"},\"potentialAction\":[{\"@type\":\"SearchAction\",\"target\":{\"@type\":\"EntryPoint\",\"urlTemplate\":\"https:\\\/\\\/ecolatina.com\\\/?s={search_term_string}\"},\"query-input\":{\"@type\":\"PropertyValueSpecification\",\"valueRequired\":true,\"valueName\":\"search_term_string\"}}],\"inLanguage\":\"en-US\"},{\"@type\":\"Organization\",\"@id\":\"https:\\\/\\\/ecolatina.com\\\/#organization\",\"name\":\"Ecolatina\",\"url\":\"https:\\\/\\\/ecolatina.com\\\/\",\"logo\":{\"@type\":\"ImageObject\",\"inLanguage\":\"en-US\",\"@id\":\"https:\\\/\\\/ecolatina.com\\\/#\\\/schema\\\/logo\\\/image\\\/\",\"url\":\"https:\\\/\\\/ecolatina.com\\\/wp-content\\\/uploads\\\/2023\\\/05\\\/Ecolatina_logo_01-verde-sin-tagline.png\",\"contentUrl\":\"https:\\\/\\\/ecolatina.com\\\/wp-content\\\/uploads\\\/2023\\\/05\\\/Ecolatina_logo_01-verde-sin-tagline.png\",\"width\":1008,\"height\":260,\"caption\":\"Ecolatina\"},\"image\":{\"@id\":\"https:\\\/\\\/ecolatina.com\\\/#\\\/schema\\\/logo\\\/image\\\/\"},\"sameAs\":[\"https:\\\/\\\/x.com\\\/Ecolatina_Arg\",\"https:\\\/\\\/www.linkedin.com\\\/company\\\/ecolatina\\\/?originalSubdomain=ar\"]},{\"@type\":\"Person\",\"@id\":\"https:\\\/\\\/ecolatina.com\\\/#\\\/schema\\\/person\\\/ff70142206e33eb083069905ccc586b0\",\"name\":\"AppVisor Blog Bot\",\"url\":\"https:\\\/\\\/ecolatina.com\\\/en\\\/author\\\/appvisorblogbot\\\/\"}]}<\/script>\n<!-- \/ Yoast SEO plugin. -->","yoast_head_json":{"title":"El escepticismo (des)inflacionario - Ecolatina","robots":{"index":"index","follow":"follow","max-snippet":"max-snippet:-1","max-image-preview":"max-image-preview:large","max-video-preview":"max-video-preview:-1"},"canonical":"https:\/\/ecolatina.com\/en\/2024\/02\/01\/el-escepticismo-desinflacionario\/","og_locale":"en_US","og_type":"article","og_title":"El escepticismo (des)inflacionario - Ecolatina","og_description":"El atraso relativo del tipo de cambio y las tarifas son dos asuntos ineludibles para el gobierno en sus primeros meses de mandato. Sin embargo, este enfoque implica reconocer que otros precios est\u00e1n \u201cadelantados\u201d, como por ejemplo los salarios. Continuar el ajuste sobre el poder adquisitivo parece una tarea dif\u00edcil [&hellip;]","og_url":"https:\/\/ecolatina.com\/en\/2024\/02\/01\/el-escepticismo-desinflacionario\/","og_site_name":"Ecolatina","article_published_time":"2024-02-01T19:03:18+00:00","author":"AppVisor Blog Bot","twitter_card":"summary_large_image","twitter_creator":"@Ecolatina_Arg","twitter_site":"@Ecolatina_Arg","twitter_misc":{"Written by":"AppVisor Blog Bot","Est. reading time":"7 minutes"},"schema":{"@context":"https:\/\/schema.org","@graph":[{"@type":"Article","@id":"https:\/\/ecolatina.com\/2024\/02\/01\/el-escepticismo-desinflacionario\/#article","isPartOf":{"@id":"https:\/\/ecolatina.com\/2024\/02\/01\/el-escepticismo-desinflacionario\/"},"author":{"name":"AppVisor Blog Bot","@id":"https:\/\/ecolatina.com\/#\/schema\/person\/ff70142206e33eb083069905ccc586b0"},"headline":"El escepticismo (des)inflacionario","datePublished":"2024-02-01T19:03:18+00:00","mainEntityOfPage":{"@id":"https:\/\/ecolatina.com\/2024\/02\/01\/el-escepticismo-desinflacionario\/"},"wordCount":1361,"publisher":{"@id":"https:\/\/ecolatina.com\/#organization"},"image":{"@id":"https:\/\/ecolatina.com\/2024\/02\/01\/el-escepticismo-desinflacionario\/#primaryimage"},"thumbnailUrl":"https:\/\/ecolatina.com\/wp-content\/uploads\/2024\/02\/Rodin_El_Pensador-2-990x556-1.jpeg","articleSection":["Sin categor\u00eda"],"inLanguage":"en-US"},{"@type":"WebPage","@id":"https:\/\/ecolatina.com\/2024\/02\/01\/el-escepticismo-desinflacionario\/","url":"https:\/\/ecolatina.com\/2024\/02\/01\/el-escepticismo-desinflacionario\/","name":"El escepticismo (des)inflacionario - Ecolatina","isPartOf":{"@id":"https:\/\/ecolatina.com\/#website"},"primaryImageOfPage":{"@id":"https:\/\/ecolatina.com\/2024\/02\/01\/el-escepticismo-desinflacionario\/#primaryimage"},"image":{"@id":"https:\/\/ecolatina.com\/2024\/02\/01\/el-escepticismo-desinflacionario\/#primaryimage"},"thumbnailUrl":"https:\/\/ecolatina.com\/wp-content\/uploads\/2024\/02\/Rodin_El_Pensador-2-990x556-1.jpeg","datePublished":"2024-02-01T19:03:18+00:00","breadcrumb":{"@id":"https:\/\/ecolatina.com\/2024\/02\/01\/el-escepticismo-desinflacionario\/#breadcrumb"},"inLanguage":"en-US","potentialAction":[{"@type":"ReadAction","target":["https:\/\/ecolatina.com\/2024\/02\/01\/el-escepticismo-desinflacionario\/"]}]},{"@type":"ImageObject","inLanguage":"en-US","@id":"https:\/\/ecolatina.com\/2024\/02\/01\/el-escepticismo-desinflacionario\/#primaryimage","url":"https:\/\/ecolatina.com\/wp-content\/uploads\/2024\/02\/Rodin_El_Pensador-2-990x556-1.jpeg","contentUrl":"https:\/\/ecolatina.com\/wp-content\/uploads\/2024\/02\/Rodin_El_Pensador-2-990x556-1.jpeg","width":990,"height":556},{"@type":"BreadcrumbList","@id":"https:\/\/ecolatina.com\/2024\/02\/01\/el-escepticismo-desinflacionario\/#breadcrumb","itemListElement":[{"@type":"ListItem","position":1,"name":"Inicio","item":"https:\/\/ecolatina.com\/"},{"@type":"ListItem","position":2,"name":"El escepticismo (des)inflacionario"}]},{"@type":"WebSite","@id":"https:\/\/ecolatina.com\/#website","url":"https:\/\/ecolatina.com\/","name":"Ecolatina","description":"Tu socio estrat\u00e9gico para la toma de decisiones","publisher":{"@id":"https:\/\/ecolatina.com\/#organization"},"potentialAction":[{"@type":"SearchAction","target":{"@type":"EntryPoint","urlTemplate":"https:\/\/ecolatina.com\/?s={search_term_string}"},"query-input":{"@type":"PropertyValueSpecification","valueRequired":true,"valueName":"search_term_string"}}],"inLanguage":"en-US"},{"@type":"Organization","@id":"https:\/\/ecolatina.com\/#organization","name":"Ecolatina","url":"https:\/\/ecolatina.com\/","logo":{"@type":"ImageObject","inLanguage":"en-US","@id":"https:\/\/ecolatina.com\/#\/schema\/logo\/image\/","url":"https:\/\/ecolatina.com\/wp-content\/uploads\/2023\/05\/Ecolatina_logo_01-verde-sin-tagline.png","contentUrl":"https:\/\/ecolatina.com\/wp-content\/uploads\/2023\/05\/Ecolatina_logo_01-verde-sin-tagline.png","width":1008,"height":260,"caption":"Ecolatina"},"image":{"@id":"https:\/\/ecolatina.com\/#\/schema\/logo\/image\/"},"sameAs":["https:\/\/x.com\/Ecolatina_Arg","https:\/\/www.linkedin.com\/company\/ecolatina\/?originalSubdomain=ar"]},{"@type":"Person","@id":"https:\/\/ecolatina.com\/#\/schema\/person\/ff70142206e33eb083069905ccc586b0","name":"AppVisor Blog Bot","url":"https:\/\/ecolatina.com\/en\/author\/appvisorblogbot\/"}]}},"_links":{"self":[{"href":"https:\/\/ecolatina.com\/en\/wp-json\/wp\/v2\/posts\/3487","targetHints":{"allow":["GET"]}}],"collection":[{"href":"https:\/\/ecolatina.com\/en\/wp-json\/wp\/v2\/posts"}],"about":[{"href":"https:\/\/ecolatina.com\/en\/wp-json\/wp\/v2\/types\/post"}],"author":[{"embeddable":true,"href":"https:\/\/ecolatina.com\/en\/wp-json\/wp\/v2\/users\/2"}],"replies":[{"embeddable":true,"href":"https:\/\/ecolatina.com\/en\/wp-json\/wp\/v2\/comments?post=3487"}],"version-history":[{"count":0,"href":"https:\/\/ecolatina.com\/en\/wp-json\/wp\/v2\/posts\/3487\/revisions"}],"wp:featuredmedia":[{"embeddable":true,"href":"https:\/\/ecolatina.com\/en\/wp-json\/wp\/v2\/media\/3488"}],"wp:attachment":[{"href":"https:\/\/ecolatina.com\/en\/wp-json\/wp\/v2\/media?parent=3487"}],"wp:term":[{"taxonomy":"category","embeddable":true,"href":"https:\/\/ecolatina.com\/en\/wp-json\/wp\/v2\/categories?post=3487"},{"taxonomy":"post_tag","embeddable":true,"href":"https:\/\/ecolatina.com\/en\/wp-json\/wp\/v2\/tags?post=3487"}],"curies":[{"name":"wp","href":"https:\/\/api.w.org\/{rel}","templated":true}]}}