{"id":3489,"date":"2024-02-01T16:56:13","date_gmt":"2024-02-01T19:56:13","guid":{"rendered":"https:\/\/ecolatina.com\/2024\/02\/01\/luego-del-paro-milei-escala-el-conflicto-con-la-cgt-smvm-y-obras-sociales\/"},"modified":"2024-02-01T16:56:13","modified_gmt":"2024-02-01T19:56:13","slug":"luego-del-paro-milei-escala-el-conflicto-con-la-cgt-smvm-y-obras-sociales","status":"publish","type":"post","link":"https:\/\/ecolatina.com\/en\/2024\/02\/01\/luego-del-paro-milei-escala-el-conflicto-con-la-cgt-smvm-y-obras-sociales\/","title":{"rendered":"Luego del paro, Milei escala el conflicto con la CGT: SMVM y obras sociales"},"content":{"rendered":"<p><span style=\"font-weight: 400\">Sin di\u00e1logo y ante la ausencia de interlocutores leg\u00edtimos con el Gobierno, la Confederaci\u00f3n General del Trabajo (CGT) llev\u00f3 a cabo el primer paro general contra el Gobierno de Javier Milei en rechazo al DNU 70\/2023 y la ley \u00f3mnibus, medida que ten\u00eda como principal objetivo la movilizaci\u00f3n al Congreso Nacional. Esta ausencia total de di\u00e1logo se da c\u00f3mo consecuencia de la reforma laboral que intenta llevar a cabo el Gobierno v\u00eda DNU sin sentar a los sindicalistas en la mesa para discutir y consensuar las modificaciones.\u00a0 <\/span><\/p>\n<p><img fetchpriority=\"high\" decoding=\"async\" class=\"wp-image-16324 aligncenter\" src=\"http:\/\/ecolatina-2018.appspot.com.storage.googleapis.com\/paros.jpg\" alt=\"\" width=\"671\" height=\"250\" \/><\/p>\n<p><span style=\"font-weight: 400\"><strong>Milei-CGT: una relaci\u00f3n que comenz\u00f3 regida por la confrontaci\u00f3n.<\/strong> La relaci\u00f3n entre el nuevo oficialismo y la CGT naci\u00f3 a la luz de la confrontaci\u00f3n. Ya resulta evidente que Javier Milei pareciera querer administrar su relaci\u00f3n con el sindicalismo desde la confrontaci\u00f3n, algo que no desentona de su estilo pol\u00edtico general.<\/span><\/p>\n<p><span style=\"font-weight: 400\">Est\u00e1 claro que el DNU con reformas laborales sin acordarlas con el sector sindical fue la primera piedra de confrontaci\u00f3n con el sindicalismo, pero se sucedieron otras que resaltan la conflictividad entre estos dos actores:<\/span><\/p>\n<p><img decoding=\"async\" class=\"wp-image-16325 aligncenter\" src=\"http:\/\/ecolatina-2018.appspot.com.storage.googleapis.com\/milei-sindicatos.jpg\" alt=\"\" width=\"665\" height=\"468\" \/><\/p>\n<p><em><strong>La presente es una s\u00edntesis del Panorama Sindical<\/strong><strong>, exclusivo para clientes Corporate.<\/strong><\/em><\/p>\n<div id=\"socialButtonOnPage\" class=\"leftSocialButtonOnPage\">\n<div class=\"csbwfs-sbutton-post\"><\/div>\n<\/div>","protected":false},"excerpt":{"rendered":"<p>Sin di\u00e1logo y ante la ausencia de interlocutores leg\u00edtimos con el Gobierno, la Confederaci\u00f3n General del Trabajo (CGT) llev\u00f3 a cabo el primer paro general contra el Gobierno de Javier Milei en rechazo al DNU 70\/2023 y la ley \u00f3mnibus, medida que ten\u00eda como principal objetivo la movilizaci\u00f3n al Congreso [&hellip;]<\/p>\n","protected":false},"author":2,"featured_media":3490,"comment_status":"","ping_status":"","sticky":false,"template":"","format":"standard","meta":{"author_name":"Dolores Branc\u00f3s","image_url":"http:\/\/ecolatina-2018.appspot.com.storage.googleapis.com\/CGT-3.jpg","_joinchat":[],"footnotes":""},"categories":[1],"tags":[],"class_list":["post-3489","post","type-post","status-publish","format-standard","has-post-thumbnail","hentry","category-sin-categoria"],"aioseo_notices":[],"yoast_head":"<!-- This site is optimized with the Yoast SEO plugin v27.5 - https:\/\/yoast.com\/product\/yoast-seo-wordpress\/ -->\n<title>Luego del paro, Milei escala el conflicto con la CGT: SMVM y obras sociales - Ecolatina<\/title>\n<meta name=\"robots\" content=\"index, follow, max-snippet:-1, max-image-preview:large, max-video-preview:-1\" \/>\n<link rel=\"canonical\" href=\"https:\/\/ecolatina.com\/en\/2024\/02\/01\/luego-del-paro-milei-escala-el-conflicto-con-la-cgt-smvm-y-obras-sociales\/\" \/>\n<meta property=\"og:locale\" content=\"en_US\" \/>\n<meta property=\"og:type\" content=\"article\" \/>\n<meta property=\"og:title\" content=\"Luego del paro, Milei escala el conflicto con la CGT: SMVM y obras sociales - Ecolatina\" \/>\n<meta property=\"og:description\" content=\"Sin di\u00e1logo y ante la ausencia de interlocutores leg\u00edtimos con el Gobierno, la Confederaci\u00f3n General del Trabajo (CGT) llev\u00f3 a cabo el primer paro general contra el Gobierno de Javier Milei en rechazo al DNU 70\/2023 y la ley \u00f3mnibus, medida que ten\u00eda como principal objetivo la movilizaci\u00f3n al Congreso [&hellip;]\" \/>\n<meta property=\"og:url\" content=\"https:\/\/ecolatina.com\/en\/2024\/02\/01\/luego-del-paro-milei-escala-el-conflicto-con-la-cgt-smvm-y-obras-sociales\/\" \/>\n<meta property=\"og:site_name\" content=\"Ecolatina\" \/>\n<meta property=\"article:published_time\" content=\"2024-02-01T19:56:13+00:00\" \/>\n<meta property=\"og:image\" content=\"http:\/\/ecolatina-2018.appspot.com.storage.googleapis.com\/paros.jpg\" \/>\n<meta name=\"author\" content=\"AppVisor Blog Bot\" \/>\n<meta name=\"twitter:card\" content=\"summary_large_image\" \/>\n<meta name=\"twitter:creator\" content=\"@Ecolatina_Arg\" \/>\n<meta name=\"twitter:site\" content=\"@Ecolatina_Arg\" \/>\n<meta name=\"twitter:label1\" content=\"Written by\" \/>\n\t<meta name=\"twitter:data1\" content=\"AppVisor Blog Bot\" \/>\n\t<meta name=\"twitter:label2\" content=\"Est. reading time\" \/>\n\t<meta name=\"twitter:data2\" content=\"1 minute\" \/>\n<script type=\"application\/ld+json\" class=\"yoast-schema-graph\">{\"@context\":\"https:\\\/\\\/schema.org\",\"@graph\":[{\"@type\":\"Article\",\"@id\":\"https:\\\/\\\/ecolatina.com\\\/2024\\\/02\\\/01\\\/luego-del-paro-milei-escala-el-conflicto-con-la-cgt-smvm-y-obras-sociales\\\/#article\",\"isPartOf\":{\"@id\":\"https:\\\/\\\/ecolatina.com\\\/2024\\\/02\\\/01\\\/luego-del-paro-milei-escala-el-conflicto-con-la-cgt-smvm-y-obras-sociales\\\/\"},\"author\":{\"name\":\"AppVisor Blog Bot\",\"@id\":\"https:\\\/\\\/ecolatina.com\\\/#\\\/schema\\\/person\\\/ff70142206e33eb083069905ccc586b0\"},\"headline\":\"Luego del paro, Milei escala el conflicto con la CGT: SMVM y obras sociales\",\"datePublished\":\"2024-02-01T19:56:13+00:00\",\"mainEntityOfPage\":{\"@id\":\"https:\\\/\\\/ecolatina.com\\\/2024\\\/02\\\/01\\\/luego-del-paro-milei-escala-el-conflicto-con-la-cgt-smvm-y-obras-sociales\\\/\"},\"wordCount\":215,\"publisher\":{\"@id\":\"https:\\\/\\\/ecolatina.com\\\/#organization\"},\"image\":{\"@id\":\"https:\\\/\\\/ecolatina.com\\\/2024\\\/02\\\/01\\\/luego-del-paro-milei-escala-el-conflicto-con-la-cgt-smvm-y-obras-sociales\\\/#primaryimage\"},\"thumbnailUrl\":\"https:\\\/\\\/ecolatina.com\\\/wp-content\\\/uploads\\\/2024\\\/02\\\/CGT-3.jpg\",\"articleSection\":[\"Sin categor\u00eda\"],\"inLanguage\":\"en-US\"},{\"@type\":\"WebPage\",\"@id\":\"https:\\\/\\\/ecolatina.com\\\/2024\\\/02\\\/01\\\/luego-del-paro-milei-escala-el-conflicto-con-la-cgt-smvm-y-obras-sociales\\\/\",\"url\":\"https:\\\/\\\/ecolatina.com\\\/2024\\\/02\\\/01\\\/luego-del-paro-milei-escala-el-conflicto-con-la-cgt-smvm-y-obras-sociales\\\/\",\"name\":\"Luego del paro, Milei escala el conflicto con la CGT: SMVM y obras sociales - Ecolatina\",\"isPartOf\":{\"@id\":\"https:\\\/\\\/ecolatina.com\\\/#website\"},\"primaryImageOfPage\":{\"@id\":\"https:\\\/\\\/ecolatina.com\\\/2024\\\/02\\\/01\\\/luego-del-paro-milei-escala-el-conflicto-con-la-cgt-smvm-y-obras-sociales\\\/#primaryimage\"},\"image\":{\"@id\":\"https:\\\/\\\/ecolatina.com\\\/2024\\\/02\\\/01\\\/luego-del-paro-milei-escala-el-conflicto-con-la-cgt-smvm-y-obras-sociales\\\/#primaryimage\"},\"thumbnailUrl\":\"https:\\\/\\\/ecolatina.com\\\/wp-content\\\/uploads\\\/2024\\\/02\\\/CGT-3.jpg\",\"datePublished\":\"2024-02-01T19:56:13+00:00\",\"breadcrumb\":{\"@id\":\"https:\\\/\\\/ecolatina.com\\\/2024\\\/02\\\/01\\\/luego-del-paro-milei-escala-el-conflicto-con-la-cgt-smvm-y-obras-sociales\\\/#breadcrumb\"},\"inLanguage\":\"en-US\",\"potentialAction\":[{\"@type\":\"ReadAction\",\"target\":[\"https:\\\/\\\/ecolatina.com\\\/2024\\\/02\\\/01\\\/luego-del-paro-milei-escala-el-conflicto-con-la-cgt-smvm-y-obras-sociales\\\/\"]}]},{\"@type\":\"ImageObject\",\"inLanguage\":\"en-US\",\"@id\":\"https:\\\/\\\/ecolatina.com\\\/2024\\\/02\\\/01\\\/luego-del-paro-milei-escala-el-conflicto-con-la-cgt-smvm-y-obras-sociales\\\/#primaryimage\",\"url\":\"https:\\\/\\\/ecolatina.com\\\/wp-content\\\/uploads\\\/2024\\\/02\\\/CGT-3.jpg\",\"contentUrl\":\"https:\\\/\\\/ecolatina.com\\\/wp-content\\\/uploads\\\/2024\\\/02\\\/CGT-3.jpg\",\"width\":854,\"height\":477},{\"@type\":\"BreadcrumbList\",\"@id\":\"https:\\\/\\\/ecolatina.com\\\/2024\\\/02\\\/01\\\/luego-del-paro-milei-escala-el-conflicto-con-la-cgt-smvm-y-obras-sociales\\\/#breadcrumb\",\"itemListElement\":[{\"@type\":\"ListItem\",\"position\":1,\"name\":\"Inicio\",\"item\":\"https:\\\/\\\/ecolatina.com\\\/\"},{\"@type\":\"ListItem\",\"position\":2,\"name\":\"Luego del paro, Milei escala el conflicto con la CGT: SMVM y obras sociales\"}]},{\"@type\":\"WebSite\",\"@id\":\"https:\\\/\\\/ecolatina.com\\\/#website\",\"url\":\"https:\\\/\\\/ecolatina.com\\\/\",\"name\":\"Ecolatina\",\"description\":\"Tu socio estrat\u00e9gico para la toma de decisiones \",\"publisher\":{\"@id\":\"https:\\\/\\\/ecolatina.com\\\/#organization\"},\"potentialAction\":[{\"@type\":\"SearchAction\",\"target\":{\"@type\":\"EntryPoint\",\"urlTemplate\":\"https:\\\/\\\/ecolatina.com\\\/?s={search_term_string}\"},\"query-input\":{\"@type\":\"PropertyValueSpecification\",\"valueRequired\":true,\"valueName\":\"search_term_string\"}}],\"inLanguage\":\"en-US\"},{\"@type\":\"Organization\",\"@id\":\"https:\\\/\\\/ecolatina.com\\\/#organization\",\"name\":\"Ecolatina\",\"url\":\"https:\\\/\\\/ecolatina.com\\\/\",\"logo\":{\"@type\":\"ImageObject\",\"inLanguage\":\"en-US\",\"@id\":\"https:\\\/\\\/ecolatina.com\\\/#\\\/schema\\\/logo\\\/image\\\/\",\"url\":\"https:\\\/\\\/ecolatina.com\\\/wp-content\\\/uploads\\\/2023\\\/05\\\/Ecolatina_logo_01-verde-sin-tagline.png\",\"contentUrl\":\"https:\\\/\\\/ecolatina.com\\\/wp-content\\\/uploads\\\/2023\\\/05\\\/Ecolatina_logo_01-verde-sin-tagline.png\",\"width\":1008,\"height\":260,\"caption\":\"Ecolatina\"},\"image\":{\"@id\":\"https:\\\/\\\/ecolatina.com\\\/#\\\/schema\\\/logo\\\/image\\\/\"},\"sameAs\":[\"https:\\\/\\\/x.com\\\/Ecolatina_Arg\",\"https:\\\/\\\/www.linkedin.com\\\/company\\\/ecolatina\\\/?originalSubdomain=ar\"]},{\"@type\":\"Person\",\"@id\":\"https:\\\/\\\/ecolatina.com\\\/#\\\/schema\\\/person\\\/ff70142206e33eb083069905ccc586b0\",\"name\":\"AppVisor Blog Bot\",\"url\":\"https:\\\/\\\/ecolatina.com\\\/en\\\/author\\\/appvisorblogbot\\\/\"}]}<\/script>\n<!-- \/ Yoast SEO plugin. -->","yoast_head_json":{"title":"Luego del paro, Milei escala el conflicto con la CGT: SMVM y obras sociales - Ecolatina","robots":{"index":"index","follow":"follow","max-snippet":"max-snippet:-1","max-image-preview":"max-image-preview:large","max-video-preview":"max-video-preview:-1"},"canonical":"https:\/\/ecolatina.com\/en\/2024\/02\/01\/luego-del-paro-milei-escala-el-conflicto-con-la-cgt-smvm-y-obras-sociales\/","og_locale":"en_US","og_type":"article","og_title":"Luego del paro, Milei escala el conflicto con la CGT: SMVM y obras sociales - Ecolatina","og_description":"Sin di\u00e1logo y ante la ausencia de interlocutores leg\u00edtimos con el Gobierno, la Confederaci\u00f3n General del Trabajo (CGT) llev\u00f3 a cabo el primer paro general contra el Gobierno de Javier Milei en rechazo al DNU 70\/2023 y la ley \u00f3mnibus, medida que ten\u00eda como principal objetivo la movilizaci\u00f3n al Congreso [&hellip;]","og_url":"https:\/\/ecolatina.com\/en\/2024\/02\/01\/luego-del-paro-milei-escala-el-conflicto-con-la-cgt-smvm-y-obras-sociales\/","og_site_name":"Ecolatina","article_published_time":"2024-02-01T19:56:13+00:00","og_image":[{"url":"http:\/\/ecolatina-2018.appspot.com.storage.googleapis.com\/paros.jpg","type":"","width":"","height":""}],"author":"AppVisor Blog Bot","twitter_card":"summary_large_image","twitter_creator":"@Ecolatina_Arg","twitter_site":"@Ecolatina_Arg","twitter_misc":{"Written by":"AppVisor Blog Bot","Est. reading time":"1 minute"},"schema":{"@context":"https:\/\/schema.org","@graph":[{"@type":"Article","@id":"https:\/\/ecolatina.com\/2024\/02\/01\/luego-del-paro-milei-escala-el-conflicto-con-la-cgt-smvm-y-obras-sociales\/#article","isPartOf":{"@id":"https:\/\/ecolatina.com\/2024\/02\/01\/luego-del-paro-milei-escala-el-conflicto-con-la-cgt-smvm-y-obras-sociales\/"},"author":{"name":"AppVisor Blog Bot","@id":"https:\/\/ecolatina.com\/#\/schema\/person\/ff70142206e33eb083069905ccc586b0"},"headline":"Luego del paro, Milei escala el conflicto con la CGT: SMVM y obras sociales","datePublished":"2024-02-01T19:56:13+00:00","mainEntityOfPage":{"@id":"https:\/\/ecolatina.com\/2024\/02\/01\/luego-del-paro-milei-escala-el-conflicto-con-la-cgt-smvm-y-obras-sociales\/"},"wordCount":215,"publisher":{"@id":"https:\/\/ecolatina.com\/#organization"},"image":{"@id":"https:\/\/ecolatina.com\/2024\/02\/01\/luego-del-paro-milei-escala-el-conflicto-con-la-cgt-smvm-y-obras-sociales\/#primaryimage"},"thumbnailUrl":"https:\/\/ecolatina.com\/wp-content\/uploads\/2024\/02\/CGT-3.jpg","articleSection":["Sin categor\u00eda"],"inLanguage":"en-US"},{"@type":"WebPage","@id":"https:\/\/ecolatina.com\/2024\/02\/01\/luego-del-paro-milei-escala-el-conflicto-con-la-cgt-smvm-y-obras-sociales\/","url":"https:\/\/ecolatina.com\/2024\/02\/01\/luego-del-paro-milei-escala-el-conflicto-con-la-cgt-smvm-y-obras-sociales\/","name":"Luego del paro, Milei escala el conflicto con la CGT: SMVM y obras sociales - Ecolatina","isPartOf":{"@id":"https:\/\/ecolatina.com\/#website"},"primaryImageOfPage":{"@id":"https:\/\/ecolatina.com\/2024\/02\/01\/luego-del-paro-milei-escala-el-conflicto-con-la-cgt-smvm-y-obras-sociales\/#primaryimage"},"image":{"@id":"https:\/\/ecolatina.com\/2024\/02\/01\/luego-del-paro-milei-escala-el-conflicto-con-la-cgt-smvm-y-obras-sociales\/#primaryimage"},"thumbnailUrl":"https:\/\/ecolatina.com\/wp-content\/uploads\/2024\/02\/CGT-3.jpg","datePublished":"2024-02-01T19:56:13+00:00","breadcrumb":{"@id":"https:\/\/ecolatina.com\/2024\/02\/01\/luego-del-paro-milei-escala-el-conflicto-con-la-cgt-smvm-y-obras-sociales\/#breadcrumb"},"inLanguage":"en-US","potentialAction":[{"@type":"ReadAction","target":["https:\/\/ecolatina.com\/2024\/02\/01\/luego-del-paro-milei-escala-el-conflicto-con-la-cgt-smvm-y-obras-sociales\/"]}]},{"@type":"ImageObject","inLanguage":"en-US","@id":"https:\/\/ecolatina.com\/2024\/02\/01\/luego-del-paro-milei-escala-el-conflicto-con-la-cgt-smvm-y-obras-sociales\/#primaryimage","url":"https:\/\/ecolatina.com\/wp-content\/uploads\/2024\/02\/CGT-3.jpg","contentUrl":"https:\/\/ecolatina.com\/wp-content\/uploads\/2024\/02\/CGT-3.jpg","width":854,"height":477},{"@type":"BreadcrumbList","@id":"https:\/\/ecolatina.com\/2024\/02\/01\/luego-del-paro-milei-escala-el-conflicto-con-la-cgt-smvm-y-obras-sociales\/#breadcrumb","itemListElement":[{"@type":"ListItem","position":1,"name":"Inicio","item":"https:\/\/ecolatina.com\/"},{"@type":"ListItem","position":2,"name":"Luego del paro, Milei escala el conflicto con la CGT: SMVM y obras sociales"}]},{"@type":"WebSite","@id":"https:\/\/ecolatina.com\/#website","url":"https:\/\/ecolatina.com\/","name":"Ecolatina","description":"Tu socio estrat\u00e9gico para la toma de decisiones","publisher":{"@id":"https:\/\/ecolatina.com\/#organization"},"potentialAction":[{"@type":"SearchAction","target":{"@type":"EntryPoint","urlTemplate":"https:\/\/ecolatina.com\/?s={search_term_string}"},"query-input":{"@type":"PropertyValueSpecification","valueRequired":true,"valueName":"search_term_string"}}],"inLanguage":"en-US"},{"@type":"Organization","@id":"https:\/\/ecolatina.com\/#organization","name":"Ecolatina","url":"https:\/\/ecolatina.com\/","logo":{"@type":"ImageObject","inLanguage":"en-US","@id":"https:\/\/ecolatina.com\/#\/schema\/logo\/image\/","url":"https:\/\/ecolatina.com\/wp-content\/uploads\/2023\/05\/Ecolatina_logo_01-verde-sin-tagline.png","contentUrl":"https:\/\/ecolatina.com\/wp-content\/uploads\/2023\/05\/Ecolatina_logo_01-verde-sin-tagline.png","width":1008,"height":260,"caption":"Ecolatina"},"image":{"@id":"https:\/\/ecolatina.com\/#\/schema\/logo\/image\/"},"sameAs":["https:\/\/x.com\/Ecolatina_Arg","https:\/\/www.linkedin.com\/company\/ecolatina\/?originalSubdomain=ar"]},{"@type":"Person","@id":"https:\/\/ecolatina.com\/#\/schema\/person\/ff70142206e33eb083069905ccc586b0","name":"AppVisor Blog Bot","url":"https:\/\/ecolatina.com\/en\/author\/appvisorblogbot\/"}]}},"_links":{"self":[{"href":"https:\/\/ecolatina.com\/en\/wp-json\/wp\/v2\/posts\/3489","targetHints":{"allow":["GET"]}}],"collection":[{"href":"https:\/\/ecolatina.com\/en\/wp-json\/wp\/v2\/posts"}],"about":[{"href":"https:\/\/ecolatina.com\/en\/wp-json\/wp\/v2\/types\/post"}],"author":[{"embeddable":true,"href":"https:\/\/ecolatina.com\/en\/wp-json\/wp\/v2\/users\/2"}],"replies":[{"embeddable":true,"href":"https:\/\/ecolatina.com\/en\/wp-json\/wp\/v2\/comments?post=3489"}],"version-history":[{"count":0,"href":"https:\/\/ecolatina.com\/en\/wp-json\/wp\/v2\/posts\/3489\/revisions"}],"wp:featuredmedia":[{"embeddable":true,"href":"https:\/\/ecolatina.com\/en\/wp-json\/wp\/v2\/media\/3490"}],"wp:attachment":[{"href":"https:\/\/ecolatina.com\/en\/wp-json\/wp\/v2\/media?parent=3489"}],"wp:term":[{"taxonomy":"category","embeddable":true,"href":"https:\/\/ecolatina.com\/en\/wp-json\/wp\/v2\/categories?post=3489"},{"taxonomy":"post_tag","embeddable":true,"href":"https:\/\/ecolatina.com\/en\/wp-json\/wp\/v2\/tags?post=3489"}],"curies":[{"name":"wp","href":"https:\/\/api.w.org\/{rel}","templated":true}]}}