{"id":3520,"date":"2024-03-07T17:24:53","date_gmt":"2024-03-07T20:24:53","guid":{"rendered":"https:\/\/ecolatina.com\/2024\/03\/07\/la-cgt-abandona-la-idea-de-paros-generales-y-apunta-a-muchos-micro-conflictos\/"},"modified":"2024-03-07T17:24:53","modified_gmt":"2024-03-07T20:24:53","slug":"la-cgt-abandona-la-idea-de-paros-generales-y-apunta-a-muchos-micro-conflictos","status":"publish","type":"post","link":"https:\/\/ecolatina.com\/en\/2024\/03\/07\/la-cgt-abandona-la-idea-de-paros-generales-y-apunta-a-muchos-micro-conflictos\/","title":{"rendered":"La CGT abandona la idea de paros generales y apunta a muchos micro conflictos"},"content":{"rendered":"<p>La relaci\u00f3n entre el Gobierno y la dirigencia sindical se ha deteriorado vertiginosamente. La dirigencia sindical se siente agredida por el gobierno y por sus iniciativas, lo que la ha llevado a adoptar una actitud combativa. Parte de eso explic\u00f3 el Paro General que decidi\u00f3 la CGT realizar, una decisi\u00f3n que recogi\u00f3 muchas cr\u00edticas por lo temprana de la medida con un gobierno reci\u00e9n comenzado. Por este motivo, para evitar esa cr\u00edtica, la CGT ha decidido mantener su actitud combativa y adoptar una estrategia menos visible de confrontaci\u00f3n: acompa\u00f1ar todos los conflictos y las medidas de fuerza que se resuelvan en los diferentes gremios que integran la CGT. Y algo de eso ya se vio a lo largo de los \u00faltimos 30 d\u00edas con el triunvirato acompa\u00f1ando los diferentes conflictos.<\/p>\n<p><img fetchpriority=\"high\" decoding=\"async\" class=\"wp-image-16470 aligncenter\" src=\"http:\/\/ecolatina-2018.appspot.com.storage.googleapis.com\/Captura-de-pantalla-2024-03-07-170434.png\" alt=\"\" width=\"697\" height=\"268\" \/><\/p>\n<p>Y los conflictos se han multiplicado, al punto que hemos tenido muchos de ellos que derivaron en medidas de fuerza. Estos conflictos son los que la CGT est\u00e1 decidida a apoyar en su puja contra el Gobierno de Javier Milei.<\/p>\n<p><img decoding=\"async\" class=\"wp-image-16480 aligncenter\" src=\"http:\/\/ecolatina-2018.appspot.com.storage.googleapis.com\/Captura-de-pantalla-2024-03-07-171855-1.png\" alt=\"\" width=\"642\" height=\"829\" \/><\/p>","protected":false},"excerpt":{"rendered":"<p>La relaci\u00f3n entre el Gobierno y la dirigencia sindical se ha deteriorado vertiginosamente. La dirigencia sindical se siente agredida por el gobierno y por sus iniciativas, lo que la ha llevado a adoptar una actitud combativa. Parte de eso explic\u00f3 el Paro General que decidi\u00f3 la CGT realizar, una decisi\u00f3n [&hellip;]<\/p>\n","protected":false},"author":2,"featured_media":3521,"comment_status":"","ping_status":"","sticky":false,"template":"","format":"standard","meta":{"author_name":"Ana Albin","image_url":"http:\/\/ecolatina-2018.appspot.com.storage.googleapis.com\/CGT-3.jpg","_joinchat":[],"footnotes":""},"categories":[1],"tags":[],"class_list":["post-3520","post","type-post","status-publish","format-standard","has-post-thumbnail","hentry","category-sin-categoria"],"aioseo_notices":[],"yoast_head":"<!-- This site is optimized with the Yoast SEO plugin v27.5 - https:\/\/yoast.com\/product\/yoast-seo-wordpress\/ -->\n<title>La CGT abandona la idea de paros generales y apunta a muchos micro conflictos - Ecolatina<\/title>\n<meta name=\"robots\" content=\"index, follow, max-snippet:-1, max-image-preview:large, max-video-preview:-1\" \/>\n<link rel=\"canonical\" href=\"https:\/\/ecolatina.com\/en\/2024\/03\/07\/la-cgt-abandona-la-idea-de-paros-generales-y-apunta-a-muchos-micro-conflictos\/\" \/>\n<meta property=\"og:locale\" content=\"en_US\" \/>\n<meta property=\"og:type\" content=\"article\" \/>\n<meta property=\"og:title\" content=\"La CGT abandona la idea de paros generales y apunta a muchos micro conflictos - Ecolatina\" \/>\n<meta property=\"og:description\" content=\"La relaci\u00f3n entre el Gobierno y la dirigencia sindical se ha deteriorado vertiginosamente. La dirigencia sindical se siente agredida por el gobierno y por sus iniciativas, lo que la ha llevado a adoptar una actitud combativa. Parte de eso explic\u00f3 el Paro General que decidi\u00f3 la CGT realizar, una decisi\u00f3n [&hellip;]\" \/>\n<meta property=\"og:url\" content=\"https:\/\/ecolatina.com\/en\/2024\/03\/07\/la-cgt-abandona-la-idea-de-paros-generales-y-apunta-a-muchos-micro-conflictos\/\" \/>\n<meta property=\"og:site_name\" content=\"Ecolatina\" \/>\n<meta property=\"article:published_time\" content=\"2024-03-07T20:24:53+00:00\" \/>\n<meta property=\"og:image\" content=\"http:\/\/ecolatina-2018.appspot.com.storage.googleapis.com\/Captura-de-pantalla-2024-03-07-170434.png\" \/>\n<meta name=\"author\" content=\"AppVisor Blog Bot\" \/>\n<meta name=\"twitter:card\" content=\"summary_large_image\" \/>\n<meta name=\"twitter:creator\" content=\"@Ecolatina_Arg\" \/>\n<meta name=\"twitter:site\" content=\"@Ecolatina_Arg\" \/>\n<meta name=\"twitter:label1\" content=\"Written by\" \/>\n\t<meta name=\"twitter:data1\" content=\"AppVisor Blog Bot\" \/>\n\t<meta name=\"twitter:label2\" content=\"Est. reading time\" \/>\n\t<meta name=\"twitter:data2\" content=\"1 minute\" \/>\n<script type=\"application\/ld+json\" class=\"yoast-schema-graph\">{\"@context\":\"https:\\\/\\\/schema.org\",\"@graph\":[{\"@type\":\"Article\",\"@id\":\"https:\\\/\\\/ecolatina.com\\\/2024\\\/03\\\/07\\\/la-cgt-abandona-la-idea-de-paros-generales-y-apunta-a-muchos-micro-conflictos\\\/#article\",\"isPartOf\":{\"@id\":\"https:\\\/\\\/ecolatina.com\\\/2024\\\/03\\\/07\\\/la-cgt-abandona-la-idea-de-paros-generales-y-apunta-a-muchos-micro-conflictos\\\/\"},\"author\":{\"name\":\"AppVisor Blog Bot\",\"@id\":\"https:\\\/\\\/ecolatina.com\\\/#\\\/schema\\\/person\\\/ff70142206e33eb083069905ccc586b0\"},\"headline\":\"La CGT abandona la idea de paros generales y apunta a muchos micro conflictos\",\"datePublished\":\"2024-03-07T20:24:53+00:00\",\"mainEntityOfPage\":{\"@id\":\"https:\\\/\\\/ecolatina.com\\\/2024\\\/03\\\/07\\\/la-cgt-abandona-la-idea-de-paros-generales-y-apunta-a-muchos-micro-conflictos\\\/\"},\"wordCount\":192,\"publisher\":{\"@id\":\"https:\\\/\\\/ecolatina.com\\\/#organization\"},\"image\":{\"@id\":\"https:\\\/\\\/ecolatina.com\\\/2024\\\/03\\\/07\\\/la-cgt-abandona-la-idea-de-paros-generales-y-apunta-a-muchos-micro-conflictos\\\/#primaryimage\"},\"thumbnailUrl\":\"https:\\\/\\\/ecolatina.com\\\/wp-content\\\/uploads\\\/2024\\\/03\\\/CGT-3.jpg\",\"articleSection\":[\"Sin categor\u00eda\"],\"inLanguage\":\"en-US\"},{\"@type\":\"WebPage\",\"@id\":\"https:\\\/\\\/ecolatina.com\\\/2024\\\/03\\\/07\\\/la-cgt-abandona-la-idea-de-paros-generales-y-apunta-a-muchos-micro-conflictos\\\/\",\"url\":\"https:\\\/\\\/ecolatina.com\\\/2024\\\/03\\\/07\\\/la-cgt-abandona-la-idea-de-paros-generales-y-apunta-a-muchos-micro-conflictos\\\/\",\"name\":\"La CGT abandona la idea de paros generales y apunta a muchos micro conflictos - Ecolatina\",\"isPartOf\":{\"@id\":\"https:\\\/\\\/ecolatina.com\\\/#website\"},\"primaryImageOfPage\":{\"@id\":\"https:\\\/\\\/ecolatina.com\\\/2024\\\/03\\\/07\\\/la-cgt-abandona-la-idea-de-paros-generales-y-apunta-a-muchos-micro-conflictos\\\/#primaryimage\"},\"image\":{\"@id\":\"https:\\\/\\\/ecolatina.com\\\/2024\\\/03\\\/07\\\/la-cgt-abandona-la-idea-de-paros-generales-y-apunta-a-muchos-micro-conflictos\\\/#primaryimage\"},\"thumbnailUrl\":\"https:\\\/\\\/ecolatina.com\\\/wp-content\\\/uploads\\\/2024\\\/03\\\/CGT-3.jpg\",\"datePublished\":\"2024-03-07T20:24:53+00:00\",\"breadcrumb\":{\"@id\":\"https:\\\/\\\/ecolatina.com\\\/2024\\\/03\\\/07\\\/la-cgt-abandona-la-idea-de-paros-generales-y-apunta-a-muchos-micro-conflictos\\\/#breadcrumb\"},\"inLanguage\":\"en-US\",\"potentialAction\":[{\"@type\":\"ReadAction\",\"target\":[\"https:\\\/\\\/ecolatina.com\\\/2024\\\/03\\\/07\\\/la-cgt-abandona-la-idea-de-paros-generales-y-apunta-a-muchos-micro-conflictos\\\/\"]}]},{\"@type\":\"ImageObject\",\"inLanguage\":\"en-US\",\"@id\":\"https:\\\/\\\/ecolatina.com\\\/2024\\\/03\\\/07\\\/la-cgt-abandona-la-idea-de-paros-generales-y-apunta-a-muchos-micro-conflictos\\\/#primaryimage\",\"url\":\"https:\\\/\\\/ecolatina.com\\\/wp-content\\\/uploads\\\/2024\\\/03\\\/CGT-3.jpg\",\"contentUrl\":\"https:\\\/\\\/ecolatina.com\\\/wp-content\\\/uploads\\\/2024\\\/03\\\/CGT-3.jpg\",\"width\":854,\"height\":477},{\"@type\":\"BreadcrumbList\",\"@id\":\"https:\\\/\\\/ecolatina.com\\\/2024\\\/03\\\/07\\\/la-cgt-abandona-la-idea-de-paros-generales-y-apunta-a-muchos-micro-conflictos\\\/#breadcrumb\",\"itemListElement\":[{\"@type\":\"ListItem\",\"position\":1,\"name\":\"Inicio\",\"item\":\"https:\\\/\\\/ecolatina.com\\\/\"},{\"@type\":\"ListItem\",\"position\":2,\"name\":\"La CGT abandona la idea de paros generales y apunta a muchos micro conflictos\"}]},{\"@type\":\"WebSite\",\"@id\":\"https:\\\/\\\/ecolatina.com\\\/#website\",\"url\":\"https:\\\/\\\/ecolatina.com\\\/\",\"name\":\"Ecolatina\",\"description\":\"Tu socio estrat\u00e9gico para la toma de decisiones \",\"publisher\":{\"@id\":\"https:\\\/\\\/ecolatina.com\\\/#organization\"},\"potentialAction\":[{\"@type\":\"SearchAction\",\"target\":{\"@type\":\"EntryPoint\",\"urlTemplate\":\"https:\\\/\\\/ecolatina.com\\\/?s={search_term_string}\"},\"query-input\":{\"@type\":\"PropertyValueSpecification\",\"valueRequired\":true,\"valueName\":\"search_term_string\"}}],\"inLanguage\":\"en-US\"},{\"@type\":\"Organization\",\"@id\":\"https:\\\/\\\/ecolatina.com\\\/#organization\",\"name\":\"Ecolatina\",\"url\":\"https:\\\/\\\/ecolatina.com\\\/\",\"logo\":{\"@type\":\"ImageObject\",\"inLanguage\":\"en-US\",\"@id\":\"https:\\\/\\\/ecolatina.com\\\/#\\\/schema\\\/logo\\\/image\\\/\",\"url\":\"https:\\\/\\\/ecolatina.com\\\/wp-content\\\/uploads\\\/2023\\\/05\\\/Ecolatina_logo_01-verde-sin-tagline.png\",\"contentUrl\":\"https:\\\/\\\/ecolatina.com\\\/wp-content\\\/uploads\\\/2023\\\/05\\\/Ecolatina_logo_01-verde-sin-tagline.png\",\"width\":1008,\"height\":260,\"caption\":\"Ecolatina\"},\"image\":{\"@id\":\"https:\\\/\\\/ecolatina.com\\\/#\\\/schema\\\/logo\\\/image\\\/\"},\"sameAs\":[\"https:\\\/\\\/x.com\\\/Ecolatina_Arg\",\"https:\\\/\\\/www.linkedin.com\\\/company\\\/ecolatina\\\/?originalSubdomain=ar\"]},{\"@type\":\"Person\",\"@id\":\"https:\\\/\\\/ecolatina.com\\\/#\\\/schema\\\/person\\\/ff70142206e33eb083069905ccc586b0\",\"name\":\"AppVisor Blog Bot\",\"url\":\"https:\\\/\\\/ecolatina.com\\\/en\\\/author\\\/appvisorblogbot\\\/\"}]}<\/script>\n<!-- \/ Yoast SEO plugin. -->","yoast_head_json":{"title":"La CGT abandona la idea de paros generales y apunta a muchos micro conflictos - Ecolatina","robots":{"index":"index","follow":"follow","max-snippet":"max-snippet:-1","max-image-preview":"max-image-preview:large","max-video-preview":"max-video-preview:-1"},"canonical":"https:\/\/ecolatina.com\/en\/2024\/03\/07\/la-cgt-abandona-la-idea-de-paros-generales-y-apunta-a-muchos-micro-conflictos\/","og_locale":"en_US","og_type":"article","og_title":"La CGT abandona la idea de paros generales y apunta a muchos micro conflictos - Ecolatina","og_description":"La relaci\u00f3n entre el Gobierno y la dirigencia sindical se ha deteriorado vertiginosamente. La dirigencia sindical se siente agredida por el gobierno y por sus iniciativas, lo que la ha llevado a adoptar una actitud combativa. Parte de eso explic\u00f3 el Paro General que decidi\u00f3 la CGT realizar, una decisi\u00f3n [&hellip;]","og_url":"https:\/\/ecolatina.com\/en\/2024\/03\/07\/la-cgt-abandona-la-idea-de-paros-generales-y-apunta-a-muchos-micro-conflictos\/","og_site_name":"Ecolatina","article_published_time":"2024-03-07T20:24:53+00:00","og_image":[{"url":"http:\/\/ecolatina-2018.appspot.com.storage.googleapis.com\/Captura-de-pantalla-2024-03-07-170434.png","type":"","width":"","height":""}],"author":"AppVisor Blog Bot","twitter_card":"summary_large_image","twitter_creator":"@Ecolatina_Arg","twitter_site":"@Ecolatina_Arg","twitter_misc":{"Written by":"AppVisor Blog Bot","Est. reading time":"1 minute"},"schema":{"@context":"https:\/\/schema.org","@graph":[{"@type":"Article","@id":"https:\/\/ecolatina.com\/2024\/03\/07\/la-cgt-abandona-la-idea-de-paros-generales-y-apunta-a-muchos-micro-conflictos\/#article","isPartOf":{"@id":"https:\/\/ecolatina.com\/2024\/03\/07\/la-cgt-abandona-la-idea-de-paros-generales-y-apunta-a-muchos-micro-conflictos\/"},"author":{"name":"AppVisor Blog Bot","@id":"https:\/\/ecolatina.com\/#\/schema\/person\/ff70142206e33eb083069905ccc586b0"},"headline":"La CGT abandona la idea de paros generales y apunta a muchos micro conflictos","datePublished":"2024-03-07T20:24:53+00:00","mainEntityOfPage":{"@id":"https:\/\/ecolatina.com\/2024\/03\/07\/la-cgt-abandona-la-idea-de-paros-generales-y-apunta-a-muchos-micro-conflictos\/"},"wordCount":192,"publisher":{"@id":"https:\/\/ecolatina.com\/#organization"},"image":{"@id":"https:\/\/ecolatina.com\/2024\/03\/07\/la-cgt-abandona-la-idea-de-paros-generales-y-apunta-a-muchos-micro-conflictos\/#primaryimage"},"thumbnailUrl":"https:\/\/ecolatina.com\/wp-content\/uploads\/2024\/03\/CGT-3.jpg","articleSection":["Sin categor\u00eda"],"inLanguage":"en-US"},{"@type":"WebPage","@id":"https:\/\/ecolatina.com\/2024\/03\/07\/la-cgt-abandona-la-idea-de-paros-generales-y-apunta-a-muchos-micro-conflictos\/","url":"https:\/\/ecolatina.com\/2024\/03\/07\/la-cgt-abandona-la-idea-de-paros-generales-y-apunta-a-muchos-micro-conflictos\/","name":"La CGT abandona la idea de paros generales y apunta a muchos micro conflictos - Ecolatina","isPartOf":{"@id":"https:\/\/ecolatina.com\/#website"},"primaryImageOfPage":{"@id":"https:\/\/ecolatina.com\/2024\/03\/07\/la-cgt-abandona-la-idea-de-paros-generales-y-apunta-a-muchos-micro-conflictos\/#primaryimage"},"image":{"@id":"https:\/\/ecolatina.com\/2024\/03\/07\/la-cgt-abandona-la-idea-de-paros-generales-y-apunta-a-muchos-micro-conflictos\/#primaryimage"},"thumbnailUrl":"https:\/\/ecolatina.com\/wp-content\/uploads\/2024\/03\/CGT-3.jpg","datePublished":"2024-03-07T20:24:53+00:00","breadcrumb":{"@id":"https:\/\/ecolatina.com\/2024\/03\/07\/la-cgt-abandona-la-idea-de-paros-generales-y-apunta-a-muchos-micro-conflictos\/#breadcrumb"},"inLanguage":"en-US","potentialAction":[{"@type":"ReadAction","target":["https:\/\/ecolatina.com\/2024\/03\/07\/la-cgt-abandona-la-idea-de-paros-generales-y-apunta-a-muchos-micro-conflictos\/"]}]},{"@type":"ImageObject","inLanguage":"en-US","@id":"https:\/\/ecolatina.com\/2024\/03\/07\/la-cgt-abandona-la-idea-de-paros-generales-y-apunta-a-muchos-micro-conflictos\/#primaryimage","url":"https:\/\/ecolatina.com\/wp-content\/uploads\/2024\/03\/CGT-3.jpg","contentUrl":"https:\/\/ecolatina.com\/wp-content\/uploads\/2024\/03\/CGT-3.jpg","width":854,"height":477},{"@type":"BreadcrumbList","@id":"https:\/\/ecolatina.com\/2024\/03\/07\/la-cgt-abandona-la-idea-de-paros-generales-y-apunta-a-muchos-micro-conflictos\/#breadcrumb","itemListElement":[{"@type":"ListItem","position":1,"name":"Inicio","item":"https:\/\/ecolatina.com\/"},{"@type":"ListItem","position":2,"name":"La CGT abandona la idea de paros generales y apunta a muchos micro conflictos"}]},{"@type":"WebSite","@id":"https:\/\/ecolatina.com\/#website","url":"https:\/\/ecolatina.com\/","name":"Ecolatina","description":"Tu socio estrat\u00e9gico para la toma de decisiones","publisher":{"@id":"https:\/\/ecolatina.com\/#organization"},"potentialAction":[{"@type":"SearchAction","target":{"@type":"EntryPoint","urlTemplate":"https:\/\/ecolatina.com\/?s={search_term_string}"},"query-input":{"@type":"PropertyValueSpecification","valueRequired":true,"valueName":"search_term_string"}}],"inLanguage":"en-US"},{"@type":"Organization","@id":"https:\/\/ecolatina.com\/#organization","name":"Ecolatina","url":"https:\/\/ecolatina.com\/","logo":{"@type":"ImageObject","inLanguage":"en-US","@id":"https:\/\/ecolatina.com\/#\/schema\/logo\/image\/","url":"https:\/\/ecolatina.com\/wp-content\/uploads\/2023\/05\/Ecolatina_logo_01-verde-sin-tagline.png","contentUrl":"https:\/\/ecolatina.com\/wp-content\/uploads\/2023\/05\/Ecolatina_logo_01-verde-sin-tagline.png","width":1008,"height":260,"caption":"Ecolatina"},"image":{"@id":"https:\/\/ecolatina.com\/#\/schema\/logo\/image\/"},"sameAs":["https:\/\/x.com\/Ecolatina_Arg","https:\/\/www.linkedin.com\/company\/ecolatina\/?originalSubdomain=ar"]},{"@type":"Person","@id":"https:\/\/ecolatina.com\/#\/schema\/person\/ff70142206e33eb083069905ccc586b0","name":"AppVisor Blog Bot","url":"https:\/\/ecolatina.com\/en\/author\/appvisorblogbot\/"}]}},"_links":{"self":[{"href":"https:\/\/ecolatina.com\/en\/wp-json\/wp\/v2\/posts\/3520","targetHints":{"allow":["GET"]}}],"collection":[{"href":"https:\/\/ecolatina.com\/en\/wp-json\/wp\/v2\/posts"}],"about":[{"href":"https:\/\/ecolatina.com\/en\/wp-json\/wp\/v2\/types\/post"}],"author":[{"embeddable":true,"href":"https:\/\/ecolatina.com\/en\/wp-json\/wp\/v2\/users\/2"}],"replies":[{"embeddable":true,"href":"https:\/\/ecolatina.com\/en\/wp-json\/wp\/v2\/comments?post=3520"}],"version-history":[{"count":0,"href":"https:\/\/ecolatina.com\/en\/wp-json\/wp\/v2\/posts\/3520\/revisions"}],"wp:featuredmedia":[{"embeddable":true,"href":"https:\/\/ecolatina.com\/en\/wp-json\/wp\/v2\/media\/3521"}],"wp:attachment":[{"href":"https:\/\/ecolatina.com\/en\/wp-json\/wp\/v2\/media?parent=3520"}],"wp:term":[{"taxonomy":"category","embeddable":true,"href":"https:\/\/ecolatina.com\/en\/wp-json\/wp\/v2\/categories?post=3520"},{"taxonomy":"post_tag","embeddable":true,"href":"https:\/\/ecolatina.com\/en\/wp-json\/wp\/v2\/tags?post=3520"}],"curies":[{"name":"wp","href":"https:\/\/api.w.org\/{rel}","templated":true}]}}