{"id":3526,"date":"2024-03-11T15:36:57","date_gmt":"2024-03-11T18:36:57","guid":{"rendered":"https:\/\/ecolatina.com\/2024\/03\/11\/milei-retoma-la-via-del-dialogo-y-ofrece-intercambiar-ley-bases-por-alivio-fiscal\/"},"modified":"2024-03-11T15:41:25","modified_gmt":"2024-03-11T18:41:25","slug":"milei-retoma-la-via-del-dialogo-y-ofrece-intercambiar-ley-bases-por-alivio-fiscal","status":"publish","type":"post","link":"https:\/\/ecolatina.com\/en\/2024\/03\/11\/milei-retoma-la-via-del-dialogo-y-ofrece-intercambiar-ley-bases-por-alivio-fiscal\/","title":{"rendered":"Milei retoma la v\u00eda del di\u00e1logo y ofrece intercambiar Ley Bases por alivio fiscal"},"content":{"rendered":"<p>Javier Milei aprovech\u00f3 su discurso de inauguraci\u00f3n de sesiones ordinarias para retomar la senda del di\u00e1logo y volver a explorar la posibilidad de sacar la Ley Bases y el paquete fiscal que ha intentado sacar del Congreso en sus primeros meses de mandato. La pelea con el gobernador de Chubut hab\u00eda provocado una reacci\u00f3n en cadena en contra del presidente de parte de la mayor\u00eda de los gobernadores, lo que oblig\u00f3 al presidente a retomar la posibilidad de un entendimiento con Gobernadores, sobre todo porque el FMI lo est\u00e1 presionando para que logre acuerdos pol\u00edticos que le den sustento al programa de ajuste fiscal. As\u00ed surgi\u00f3 la propuesta de Pacto de Mayo y el preacuerdo previo que permita avanzar con la Ley Bases a cambio de dar alivio fiscal a las provincias.<\/p>\n<p><img fetchpriority=\"high\" decoding=\"async\" class=\"wp-image-16497 aligncenter\" src=\"http:\/\/ecolatina-2018.appspot.com.storage.googleapis.com\/Captura-de-pantalla-2024-03-11-151528.png\" alt=\"\" width=\"666\" height=\"260\" \/><\/p>\n<p>La estrategia del oficialismo pareciera esta vez estar focalizada en seducir a los gobernadores con un intercambio de necesidades: 1) apoyar la aprobaci\u00f3n de una versi\u00f3n de Ley Bases que incluya la declaraci\u00f3n de emergencias, el otorgamiento de facultades delegadas, y los cap\u00edtulos orientados a desregular los mercados de energ\u00eda y miner\u00eda y a establecer incentivos para grandes inversiones, con la inclusi\u00f3n de la nueva ley de movilidad jubilatoria; a cambio de 2) ofrecer alivio fiscal a las provincias a trav\u00e9s de la aprobaci\u00f3n de un paquete fiscal que contemple la reposici\u00f3n del Impuesto a las Ganancias, a la que se sumar\u00edan el cap\u00edtulo fiscal de la Ley Bases (r\u00e9gimen de blanqueo, moratoria y el adelanto de bienes personales, sin la suba de retenciones que generaba complicaciones en provincias agropecuarias).<\/p>\n<p>En principio, esta propuesta no tendr\u00eda pleno consenso entre los gobernadores, y los mandatarios insistir\u00e1n con coparticipar el impuesto PAIS y reclamar\u00e1n una propuesta de alivio fiscal que contemple revertir los recortes efectuados por Naci\u00f3n en materia de transporte y fondos para el salario docente.<\/p>\n<p>Si este preacuerdo se logra (Ley Bases a cambio de alivio fiscal), entonces Milei ofrecer\u00e1 rediscutir los t\u00e9rminos de su propuesta de Pacto de Mayo, que contempla el compromiso para acordar 10 puntos que constituir\u00edan un nuevo r\u00e9gimen econ\u00f3mico, que estar\u00eda acompa\u00f1ado de reformas estructurales que le den una plataforma s\u00f3lida a la recuperaci\u00f3n de la econom\u00eda argentina y que ser\u00eda firmado el 25 de mayo pr\u00f3ximo.<\/p>\n<p><img decoding=\"async\" class=\"wp-image-16499 aligncenter\" src=\"http:\/\/ecolatina-2018.appspot.com.storage.googleapis.com\/Captura-de-pantalla-2024-03-11-151933.png\" alt=\"\" width=\"627\" height=\"495\" \/><\/p>\n<p>De esta negociaci\u00f3n depender\u00e1 de la capacidad que tenga el oficialismo de sacar la Ley Bases del Congreso. Da la sensaci\u00f3n que va a ser dif\u00edcil que haya consenso pleno entre todos los gobernadores, sobre todo porque los gobernadores del peronismo parecieran querer sostener una posici\u00f3n maximalista en la negociaci\u00f3n. Pero depender\u00e1 de qu\u00e9 consensos se logren entre los otros mandatarios para saber si los incentivos de la negociaci\u00f3n arrastraran a todos a alg\u00fan consenso. Esto es lo que se inici\u00f3 luego de que el presidente rehabilitara la v\u00eda del di\u00e1logo nuevamente en b\u00fasqueda del consenso pol\u00edtico que ayude a darle consistencia al programa econ\u00f3mico.<\/p>\n<p>&nbsp;<\/p>","protected":false},"excerpt":{"rendered":"<p>Javier Milei aprovech\u00f3 su discurso de inauguraci\u00f3n de sesiones ordinarias para retomar la senda del di\u00e1logo y volver a explorar la posibilidad de sacar la Ley Bases y el paquete fiscal que ha intentado sacar del Congreso en sus primeros meses de mandato. La pelea con el gobernador de Chubut [&hellip;]<\/p>\n","protected":false},"author":2,"featured_media":3530,"comment_status":"closed","ping_status":"","sticky":false,"template":"","format":"standard","meta":{"author_name":"Ana Albin","image_url":"http:\/\/ecolatina-2018.appspot.com.storage.googleapis.com\/Captura-de-pantalla-2024-03-11-153506.png","_joinchat":[],"footnotes":""},"categories":[1],"tags":[],"class_list":["post-3526","post","type-post","status-publish","format-standard","has-post-thumbnail","hentry","category-sin-categoria"],"aioseo_notices":[],"yoast_head":"<!-- This site is optimized with the Yoast SEO plugin v27.5 - https:\/\/yoast.com\/product\/yoast-seo-wordpress\/ -->\n<title>Milei retoma la v\u00eda del di\u00e1logo y ofrece intercambiar Ley Bases por alivio fiscal - Ecolatina<\/title>\n<meta name=\"robots\" content=\"index, follow, max-snippet:-1, max-image-preview:large, max-video-preview:-1\" \/>\n<link rel=\"canonical\" href=\"https:\/\/ecolatina.com\/en\/2024\/03\/11\/milei-retoma-la-via-del-dialogo-y-ofrece-intercambiar-ley-bases-por-alivio-fiscal\/\" \/>\n<meta property=\"og:locale\" content=\"en_US\" \/>\n<meta property=\"og:type\" content=\"article\" \/>\n<meta property=\"og:title\" content=\"Milei retoma la v\u00eda del di\u00e1logo y ofrece intercambiar Ley Bases por alivio fiscal - Ecolatina\" \/>\n<meta property=\"og:description\" content=\"Javier Milei aprovech\u00f3 su discurso de inauguraci\u00f3n de sesiones ordinarias para retomar la senda del di\u00e1logo y volver a explorar la posibilidad de sacar la Ley Bases y el paquete fiscal que ha intentado sacar del Congreso en sus primeros meses de mandato. La pelea con el gobernador de Chubut [&hellip;]\" \/>\n<meta property=\"og:url\" content=\"https:\/\/ecolatina.com\/en\/2024\/03\/11\/milei-retoma-la-via-del-dialogo-y-ofrece-intercambiar-ley-bases-por-alivio-fiscal\/\" \/>\n<meta property=\"og:site_name\" content=\"Ecolatina\" \/>\n<meta property=\"article:published_time\" content=\"2024-03-11T18:36:57+00:00\" \/>\n<meta property=\"article:modified_time\" content=\"2024-03-11T18:41:25+00:00\" \/>\n<meta property=\"og:image\" content=\"https:\/\/ecolatina.com\/wp-content\/uploads\/2024\/03\/Captura-de-pantalla-2024-03-11-153506-1.png\" \/>\n\t<meta property=\"og:image:width\" content=\"1458\" \/>\n\t<meta property=\"og:image:height\" content=\"818\" \/>\n\t<meta property=\"og:image:type\" content=\"image\/png\" \/>\n<meta name=\"author\" content=\"AppVisor Blog Bot\" \/>\n<meta name=\"twitter:card\" content=\"summary_large_image\" \/>\n<meta name=\"twitter:creator\" content=\"@Ecolatina_Arg\" \/>\n<meta name=\"twitter:site\" content=\"@Ecolatina_Arg\" \/>\n<meta name=\"twitter:label1\" content=\"Written by\" \/>\n\t<meta name=\"twitter:data1\" content=\"AppVisor Blog Bot\" \/>\n\t<meta name=\"twitter:label2\" content=\"Est. reading time\" \/>\n\t<meta name=\"twitter:data2\" content=\"3 minutes\" \/>\n<script type=\"application\/ld+json\" class=\"yoast-schema-graph\">{\"@context\":\"https:\\\/\\\/schema.org\",\"@graph\":[{\"@type\":\"Article\",\"@id\":\"https:\\\/\\\/ecolatina.com\\\/2024\\\/03\\\/11\\\/milei-retoma-la-via-del-dialogo-y-ofrece-intercambiar-ley-bases-por-alivio-fiscal\\\/#article\",\"isPartOf\":{\"@id\":\"https:\\\/\\\/ecolatina.com\\\/2024\\\/03\\\/11\\\/milei-retoma-la-via-del-dialogo-y-ofrece-intercambiar-ley-bases-por-alivio-fiscal\\\/\"},\"author\":{\"name\":\"AppVisor Blog Bot\",\"@id\":\"https:\\\/\\\/ecolatina.com\\\/#\\\/schema\\\/person\\\/ff70142206e33eb083069905ccc586b0\"},\"headline\":\"Milei retoma la v\u00eda del di\u00e1logo y ofrece intercambiar Ley Bases por alivio fiscal\",\"datePublished\":\"2024-03-11T18:36:57+00:00\",\"dateModified\":\"2024-03-11T18:41:25+00:00\",\"mainEntityOfPage\":{\"@id\":\"https:\\\/\\\/ecolatina.com\\\/2024\\\/03\\\/11\\\/milei-retoma-la-via-del-dialogo-y-ofrece-intercambiar-ley-bases-por-alivio-fiscal\\\/\"},\"wordCount\":538,\"publisher\":{\"@id\":\"https:\\\/\\\/ecolatina.com\\\/#organization\"},\"image\":{\"@id\":\"https:\\\/\\\/ecolatina.com\\\/2024\\\/03\\\/11\\\/milei-retoma-la-via-del-dialogo-y-ofrece-intercambiar-ley-bases-por-alivio-fiscal\\\/#primaryimage\"},\"thumbnailUrl\":\"https:\\\/\\\/ecolatina.com\\\/wp-content\\\/uploads\\\/2024\\\/03\\\/Captura-de-pantalla-2024-03-11-153506-2.png\",\"articleSection\":[\"Sin categor\u00eda\"],\"inLanguage\":\"en-US\"},{\"@type\":\"WebPage\",\"@id\":\"https:\\\/\\\/ecolatina.com\\\/2024\\\/03\\\/11\\\/milei-retoma-la-via-del-dialogo-y-ofrece-intercambiar-ley-bases-por-alivio-fiscal\\\/\",\"url\":\"https:\\\/\\\/ecolatina.com\\\/2024\\\/03\\\/11\\\/milei-retoma-la-via-del-dialogo-y-ofrece-intercambiar-ley-bases-por-alivio-fiscal\\\/\",\"name\":\"Milei retoma la v\u00eda del di\u00e1logo y ofrece intercambiar Ley Bases por alivio fiscal - Ecolatina\",\"isPartOf\":{\"@id\":\"https:\\\/\\\/ecolatina.com\\\/#website\"},\"primaryImageOfPage\":{\"@id\":\"https:\\\/\\\/ecolatina.com\\\/2024\\\/03\\\/11\\\/milei-retoma-la-via-del-dialogo-y-ofrece-intercambiar-ley-bases-por-alivio-fiscal\\\/#primaryimage\"},\"image\":{\"@id\":\"https:\\\/\\\/ecolatina.com\\\/2024\\\/03\\\/11\\\/milei-retoma-la-via-del-dialogo-y-ofrece-intercambiar-ley-bases-por-alivio-fiscal\\\/#primaryimage\"},\"thumbnailUrl\":\"https:\\\/\\\/ecolatina.com\\\/wp-content\\\/uploads\\\/2024\\\/03\\\/Captura-de-pantalla-2024-03-11-153506-2.png\",\"datePublished\":\"2024-03-11T18:36:57+00:00\",\"dateModified\":\"2024-03-11T18:41:25+00:00\",\"breadcrumb\":{\"@id\":\"https:\\\/\\\/ecolatina.com\\\/2024\\\/03\\\/11\\\/milei-retoma-la-via-del-dialogo-y-ofrece-intercambiar-ley-bases-por-alivio-fiscal\\\/#breadcrumb\"},\"inLanguage\":\"en-US\",\"potentialAction\":[{\"@type\":\"ReadAction\",\"target\":[\"https:\\\/\\\/ecolatina.com\\\/2024\\\/03\\\/11\\\/milei-retoma-la-via-del-dialogo-y-ofrece-intercambiar-ley-bases-por-alivio-fiscal\\\/\"]}]},{\"@type\":\"ImageObject\",\"inLanguage\":\"en-US\",\"@id\":\"https:\\\/\\\/ecolatina.com\\\/2024\\\/03\\\/11\\\/milei-retoma-la-via-del-dialogo-y-ofrece-intercambiar-ley-bases-por-alivio-fiscal\\\/#primaryimage\",\"url\":\"https:\\\/\\\/ecolatina.com\\\/wp-content\\\/uploads\\\/2024\\\/03\\\/Captura-de-pantalla-2024-03-11-153506-2.png\",\"contentUrl\":\"https:\\\/\\\/ecolatina.com\\\/wp-content\\\/uploads\\\/2024\\\/03\\\/Captura-de-pantalla-2024-03-11-153506-2.png\",\"width\":1458,\"height\":818},{\"@type\":\"BreadcrumbList\",\"@id\":\"https:\\\/\\\/ecolatina.com\\\/2024\\\/03\\\/11\\\/milei-retoma-la-via-del-dialogo-y-ofrece-intercambiar-ley-bases-por-alivio-fiscal\\\/#breadcrumb\",\"itemListElement\":[{\"@type\":\"ListItem\",\"position\":1,\"name\":\"Inicio\",\"item\":\"https:\\\/\\\/ecolatina.com\\\/\"},{\"@type\":\"ListItem\",\"position\":2,\"name\":\"Milei retoma la v\u00eda del di\u00e1logo y ofrece intercambiar Ley Bases por alivio fiscal\"}]},{\"@type\":\"WebSite\",\"@id\":\"https:\\\/\\\/ecolatina.com\\\/#website\",\"url\":\"https:\\\/\\\/ecolatina.com\\\/\",\"name\":\"Ecolatina\",\"description\":\"Tu socio estrat\u00e9gico para la toma de decisiones \",\"publisher\":{\"@id\":\"https:\\\/\\\/ecolatina.com\\\/#organization\"},\"potentialAction\":[{\"@type\":\"SearchAction\",\"target\":{\"@type\":\"EntryPoint\",\"urlTemplate\":\"https:\\\/\\\/ecolatina.com\\\/?s={search_term_string}\"},\"query-input\":{\"@type\":\"PropertyValueSpecification\",\"valueRequired\":true,\"valueName\":\"search_term_string\"}}],\"inLanguage\":\"en-US\"},{\"@type\":\"Organization\",\"@id\":\"https:\\\/\\\/ecolatina.com\\\/#organization\",\"name\":\"Ecolatina\",\"url\":\"https:\\\/\\\/ecolatina.com\\\/\",\"logo\":{\"@type\":\"ImageObject\",\"inLanguage\":\"en-US\",\"@id\":\"https:\\\/\\\/ecolatina.com\\\/#\\\/schema\\\/logo\\\/image\\\/\",\"url\":\"https:\\\/\\\/ecolatina.com\\\/wp-content\\\/uploads\\\/2023\\\/05\\\/Ecolatina_logo_01-verde-sin-tagline.png\",\"contentUrl\":\"https:\\\/\\\/ecolatina.com\\\/wp-content\\\/uploads\\\/2023\\\/05\\\/Ecolatina_logo_01-verde-sin-tagline.png\",\"width\":1008,\"height\":260,\"caption\":\"Ecolatina\"},\"image\":{\"@id\":\"https:\\\/\\\/ecolatina.com\\\/#\\\/schema\\\/logo\\\/image\\\/\"},\"sameAs\":[\"https:\\\/\\\/x.com\\\/Ecolatina_Arg\",\"https:\\\/\\\/www.linkedin.com\\\/company\\\/ecolatina\\\/?originalSubdomain=ar\"]},{\"@type\":\"Person\",\"@id\":\"https:\\\/\\\/ecolatina.com\\\/#\\\/schema\\\/person\\\/ff70142206e33eb083069905ccc586b0\",\"name\":\"AppVisor Blog Bot\",\"url\":\"https:\\\/\\\/ecolatina.com\\\/en\\\/author\\\/appvisorblogbot\\\/\"}]}<\/script>\n<!-- \/ Yoast SEO plugin. -->","yoast_head_json":{"title":"Milei retoma la v\u00eda del di\u00e1logo y ofrece intercambiar Ley Bases por alivio fiscal - Ecolatina","robots":{"index":"index","follow":"follow","max-snippet":"max-snippet:-1","max-image-preview":"max-image-preview:large","max-video-preview":"max-video-preview:-1"},"canonical":"https:\/\/ecolatina.com\/en\/2024\/03\/11\/milei-retoma-la-via-del-dialogo-y-ofrece-intercambiar-ley-bases-por-alivio-fiscal\/","og_locale":"en_US","og_type":"article","og_title":"Milei retoma la v\u00eda del di\u00e1logo y ofrece intercambiar Ley Bases por alivio fiscal - Ecolatina","og_description":"Javier Milei aprovech\u00f3 su discurso de inauguraci\u00f3n de sesiones ordinarias para retomar la senda del di\u00e1logo y volver a explorar la posibilidad de sacar la Ley Bases y el paquete fiscal que ha intentado sacar del Congreso en sus primeros meses de mandato. La pelea con el gobernador de Chubut [&hellip;]","og_url":"https:\/\/ecolatina.com\/en\/2024\/03\/11\/milei-retoma-la-via-del-dialogo-y-ofrece-intercambiar-ley-bases-por-alivio-fiscal\/","og_site_name":"Ecolatina","article_published_time":"2024-03-11T18:36:57+00:00","article_modified_time":"2024-03-11T18:41:25+00:00","og_image":[{"width":1458,"height":818,"url":"https:\/\/ecolatina.com\/wp-content\/uploads\/2024\/03\/Captura-de-pantalla-2024-03-11-153506-1.png","type":"image\/png"}],"author":"AppVisor Blog Bot","twitter_card":"summary_large_image","twitter_creator":"@Ecolatina_Arg","twitter_site":"@Ecolatina_Arg","twitter_misc":{"Written by":"AppVisor Blog Bot","Est. reading time":"3 minutes"},"schema":{"@context":"https:\/\/schema.org","@graph":[{"@type":"Article","@id":"https:\/\/ecolatina.com\/2024\/03\/11\/milei-retoma-la-via-del-dialogo-y-ofrece-intercambiar-ley-bases-por-alivio-fiscal\/#article","isPartOf":{"@id":"https:\/\/ecolatina.com\/2024\/03\/11\/milei-retoma-la-via-del-dialogo-y-ofrece-intercambiar-ley-bases-por-alivio-fiscal\/"},"author":{"name":"AppVisor Blog Bot","@id":"https:\/\/ecolatina.com\/#\/schema\/person\/ff70142206e33eb083069905ccc586b0"},"headline":"Milei retoma la v\u00eda del di\u00e1logo y ofrece intercambiar Ley Bases por alivio fiscal","datePublished":"2024-03-11T18:36:57+00:00","dateModified":"2024-03-11T18:41:25+00:00","mainEntityOfPage":{"@id":"https:\/\/ecolatina.com\/2024\/03\/11\/milei-retoma-la-via-del-dialogo-y-ofrece-intercambiar-ley-bases-por-alivio-fiscal\/"},"wordCount":538,"publisher":{"@id":"https:\/\/ecolatina.com\/#organization"},"image":{"@id":"https:\/\/ecolatina.com\/2024\/03\/11\/milei-retoma-la-via-del-dialogo-y-ofrece-intercambiar-ley-bases-por-alivio-fiscal\/#primaryimage"},"thumbnailUrl":"https:\/\/ecolatina.com\/wp-content\/uploads\/2024\/03\/Captura-de-pantalla-2024-03-11-153506-2.png","articleSection":["Sin categor\u00eda"],"inLanguage":"en-US"},{"@type":"WebPage","@id":"https:\/\/ecolatina.com\/2024\/03\/11\/milei-retoma-la-via-del-dialogo-y-ofrece-intercambiar-ley-bases-por-alivio-fiscal\/","url":"https:\/\/ecolatina.com\/2024\/03\/11\/milei-retoma-la-via-del-dialogo-y-ofrece-intercambiar-ley-bases-por-alivio-fiscal\/","name":"Milei retoma la v\u00eda del di\u00e1logo y ofrece intercambiar Ley Bases por alivio fiscal - Ecolatina","isPartOf":{"@id":"https:\/\/ecolatina.com\/#website"},"primaryImageOfPage":{"@id":"https:\/\/ecolatina.com\/2024\/03\/11\/milei-retoma-la-via-del-dialogo-y-ofrece-intercambiar-ley-bases-por-alivio-fiscal\/#primaryimage"},"image":{"@id":"https:\/\/ecolatina.com\/2024\/03\/11\/milei-retoma-la-via-del-dialogo-y-ofrece-intercambiar-ley-bases-por-alivio-fiscal\/#primaryimage"},"thumbnailUrl":"https:\/\/ecolatina.com\/wp-content\/uploads\/2024\/03\/Captura-de-pantalla-2024-03-11-153506-2.png","datePublished":"2024-03-11T18:36:57+00:00","dateModified":"2024-03-11T18:41:25+00:00","breadcrumb":{"@id":"https:\/\/ecolatina.com\/2024\/03\/11\/milei-retoma-la-via-del-dialogo-y-ofrece-intercambiar-ley-bases-por-alivio-fiscal\/#breadcrumb"},"inLanguage":"en-US","potentialAction":[{"@type":"ReadAction","target":["https:\/\/ecolatina.com\/2024\/03\/11\/milei-retoma-la-via-del-dialogo-y-ofrece-intercambiar-ley-bases-por-alivio-fiscal\/"]}]},{"@type":"ImageObject","inLanguage":"en-US","@id":"https:\/\/ecolatina.com\/2024\/03\/11\/milei-retoma-la-via-del-dialogo-y-ofrece-intercambiar-ley-bases-por-alivio-fiscal\/#primaryimage","url":"https:\/\/ecolatina.com\/wp-content\/uploads\/2024\/03\/Captura-de-pantalla-2024-03-11-153506-2.png","contentUrl":"https:\/\/ecolatina.com\/wp-content\/uploads\/2024\/03\/Captura-de-pantalla-2024-03-11-153506-2.png","width":1458,"height":818},{"@type":"BreadcrumbList","@id":"https:\/\/ecolatina.com\/2024\/03\/11\/milei-retoma-la-via-del-dialogo-y-ofrece-intercambiar-ley-bases-por-alivio-fiscal\/#breadcrumb","itemListElement":[{"@type":"ListItem","position":1,"name":"Inicio","item":"https:\/\/ecolatina.com\/"},{"@type":"ListItem","position":2,"name":"Milei retoma la v\u00eda del di\u00e1logo y ofrece intercambiar Ley Bases por alivio fiscal"}]},{"@type":"WebSite","@id":"https:\/\/ecolatina.com\/#website","url":"https:\/\/ecolatina.com\/","name":"Ecolatina","description":"Tu socio estrat\u00e9gico para la toma de decisiones","publisher":{"@id":"https:\/\/ecolatina.com\/#organization"},"potentialAction":[{"@type":"SearchAction","target":{"@type":"EntryPoint","urlTemplate":"https:\/\/ecolatina.com\/?s={search_term_string}"},"query-input":{"@type":"PropertyValueSpecification","valueRequired":true,"valueName":"search_term_string"}}],"inLanguage":"en-US"},{"@type":"Organization","@id":"https:\/\/ecolatina.com\/#organization","name":"Ecolatina","url":"https:\/\/ecolatina.com\/","logo":{"@type":"ImageObject","inLanguage":"en-US","@id":"https:\/\/ecolatina.com\/#\/schema\/logo\/image\/","url":"https:\/\/ecolatina.com\/wp-content\/uploads\/2023\/05\/Ecolatina_logo_01-verde-sin-tagline.png","contentUrl":"https:\/\/ecolatina.com\/wp-content\/uploads\/2023\/05\/Ecolatina_logo_01-verde-sin-tagline.png","width":1008,"height":260,"caption":"Ecolatina"},"image":{"@id":"https:\/\/ecolatina.com\/#\/schema\/logo\/image\/"},"sameAs":["https:\/\/x.com\/Ecolatina_Arg","https:\/\/www.linkedin.com\/company\/ecolatina\/?originalSubdomain=ar"]},{"@type":"Person","@id":"https:\/\/ecolatina.com\/#\/schema\/person\/ff70142206e33eb083069905ccc586b0","name":"AppVisor Blog Bot","url":"https:\/\/ecolatina.com\/en\/author\/appvisorblogbot\/"}]}},"_links":{"self":[{"href":"https:\/\/ecolatina.com\/en\/wp-json\/wp\/v2\/posts\/3526","targetHints":{"allow":["GET"]}}],"collection":[{"href":"https:\/\/ecolatina.com\/en\/wp-json\/wp\/v2\/posts"}],"about":[{"href":"https:\/\/ecolatina.com\/en\/wp-json\/wp\/v2\/types\/post"}],"author":[{"embeddable":true,"href":"https:\/\/ecolatina.com\/en\/wp-json\/wp\/v2\/users\/2"}],"replies":[{"embeddable":true,"href":"https:\/\/ecolatina.com\/en\/wp-json\/wp\/v2\/comments?post=3526"}],"version-history":[{"count":1,"href":"https:\/\/ecolatina.com\/en\/wp-json\/wp\/v2\/posts\/3526\/revisions"}],"predecessor-version":[{"id":3529,"href":"https:\/\/ecolatina.com\/en\/wp-json\/wp\/v2\/posts\/3526\/revisions\/3529"}],"wp:featuredmedia":[{"embeddable":true,"href":"https:\/\/ecolatina.com\/en\/wp-json\/wp\/v2\/media\/3530"}],"wp:attachment":[{"href":"https:\/\/ecolatina.com\/en\/wp-json\/wp\/v2\/media?parent=3526"}],"wp:term":[{"taxonomy":"category","embeddable":true,"href":"https:\/\/ecolatina.com\/en\/wp-json\/wp\/v2\/categories?post=3526"},{"taxonomy":"post_tag","embeddable":true,"href":"https:\/\/ecolatina.com\/en\/wp-json\/wp\/v2\/tags?post=3526"}],"curies":[{"name":"wp","href":"https:\/\/api.w.org\/{rel}","templated":true}]}}