{"id":3541,"date":"2024-04-09T12:18:38","date_gmt":"2024-04-09T15:18:38","guid":{"rendered":"https:\/\/ecolatina.com\/2024\/04\/09\/las-huellas-de-las-correcciones-y-lo-que-vendra\/"},"modified":"2024-04-09T12:18:38","modified_gmt":"2024-04-09T15:18:38","slug":"las-huellas-de-las-correcciones-y-lo-que-vendra","status":"publish","type":"post","link":"https:\/\/ecolatina.com\/en\/2024\/04\/09\/las-huellas-de-las-correcciones-y-lo-que-vendra\/","title":{"rendered":"Las huellas de las correcciones y lo que vendr\u00e1"},"content":{"rendered":"<p><em>El frente externo dej\u00f3 atr\u00e1s un 2023 at\u00edpico: la utilizaci\u00f3n de Reservas Internacionales y la acumulaci\u00f3n de deuda comercial le permitieron al Gobierno postergar las correcciones cambiarias y sostener el nivel de importaciones pese al severo impacto de la sequ\u00eda en el ingreso de divisas.<\/em><\/p>\n<p><em>Como consecuencia del salto cambiario y las diversas las medidas implementadas por la nueva gesti\u00f3n, el saldo comercial revirti\u00f3 una racha de nueve meses en d\u00e9ficit y acumul\u00f3 un resultado positivo por USD 3.241 M entre diciembre y febrero. M\u00e1s all\u00e1 del efecto precio, la mejora en el saldo estar\u00eda explicada principalmente por una marcada ca\u00edda en las cantidades importadas y un esperable incremento en las cantidades exportadas gracias a la recuperaci\u00f3n de la cosecha fina.<\/em><\/p>\n<p><em>Hacia adelante, la elecci\u00f3n del tipo de cambio como ancla nominal para reducir la inflaci\u00f3n ir\u00e1 aminorando las consecuencias mencionadas, dando paso a otras razones para explicar el devenir del frente externo: 1) Las importaciones se ver\u00e1n afectadas por una demanda interna desplom\u00e1ndose; y 2) las exportaciones depender\u00e1n de los resultados de la campa\u00f1a agr\u00edcola, la demanda internacional y el impulso de sectores estrat\u00e9gicos (energ\u00eda y miner\u00eda).<\/em><\/p>\n<p>&nbsp;<\/p>\n<p>El frente externo dej\u00f3 atr\u00e1s un 2023 at\u00edpico, caracterizado por una <strong>abrupta sequ\u00eda <\/strong>que fue determinante a la hora de explicar un saldo comercial deficitario de USD 6.928 M, el mayor desde 2017. Para dimensionar la misma, si s\u00f3lo se cuentan los principales cultivos de exportaci\u00f3n (trigo, soja y ma\u00edz), las inclemencias clim\u00e1ticas rondaron en p\u00e9rdidas pr\u00f3ximas a los USD 15.500 M (cerca de tres meses de importaciones).<\/p>\n<p>A pesar de ello, <strong>las cantidades importadas relacionadas a la producci\u00f3n\u00a0<\/strong>(Bienes Intermedios y Bienes y Piezas de Capital)<strong> se sostuvieron en niveles hist\u00f3ricamente altos. <\/strong>De hecho, mostraron el segundo mayor registro de la serie (2004-23), en l\u00ednea con el nivel del 2017 (pico de actividad econ\u00f3mica) y por debajo de 2022<strong>.<\/strong> En particular, las cantidades importadas de <strong><em>Piezas y accesorios de bienes<\/em><\/strong> <strong><em>de capital<\/em><\/strong> crecieron 3% i.a., seguido por <strong><em>Bienes Intermedios<\/em><\/strong> (+2% i.a.). Por su parte, se observ\u00f3 una contracci\u00f3n de 12% i.a. para <strong><em>Bienes de Capital<\/em><\/strong>.<\/p>\n<p>Ahora bien, <strong>\u00bfc\u00f3mo se mantuvo este nivel de compras externas y cu\u00e1les fueron sus costos? \u00bfera sostenible en el tiempo? <\/strong><\/p>\n<p>En un contexto de escasez de divisas, el <strong>tipo de cambio no ajust\u00f3<\/strong> y el Gobierno anterior, con la premisa de sostener la actividad econ\u00f3mica para no perder competitividad electoral, <strong>posterg\u00f3 las correcciones necesarias<\/strong>. Como consecuencia, el 2023 estuvo signado por una fuerte <strong>apreciaci\u00f3n cambiaria<\/strong>, una <strong>acentuada brecha<\/strong> y <strong>volatilidad en los d\u00f3lares paralelos <\/strong>que reforzaron los desequilibrios al incentivar mayores compras externas y desincentivar las (reducidas) liquidaciones de divisas.<\/p>\n<p>La ausencia de correcciones en los <strong><em>flujos <\/em><\/strong>se afront\u00f3 mediante el <strong>consumo de<\/strong>\u00a0<strong><em>stocks <\/em>presentes y futuros<\/strong>. Ante la <strong>falta de financiamiento internacional\u00a0<\/strong>para cubrir el d\u00e9ficit comercial de bienes y servicios, el grueso de las necesidades fue cubierto mediante: <strong>1)<\/strong> El uso de <strong>Reservas Internacionales<\/strong>, que terminaron el a\u00f1o en m\u00ednimos hist\u00f3ricos al caer cerca de USD 14.100 M (sin DEG) hasta el 7\/12; y <strong>2)<\/strong> Un <strong>aumento exponencial de la deuda comercial por importaciones de bienes,<\/strong> que se ubic\u00f3 +USD 13.600 M por encima del nivel normal de operaciones (seg\u00fan estimaciones oficiales).<\/p>\n<h3>La inevitable correcci\u00f3n y sus consecuencias<\/h3>\n<p>Apenas asumi\u00f3, la actual administraci\u00f3n decidi\u00f3 <strong>corregir el atraso cambiario\u00a0<\/strong>y convalidar un salto discreto del tipo de cambio oficial pr\u00f3ximo al 120%. Adem\u00e1s, se modificaron los tipos de cambio efectivos, colocando al tipo de cambio importador (tras elevaci\u00f3n al 17,5% del impuesto PAIS) por encima del exportador (que adem\u00e1s cuenta con retenciones y el beneficio de liquidar el 20% al d\u00f3lar CCL), invirtiendo as\u00ed el esquema cambiario heredado.<\/p>\n<p>Asimismo, se abordaron de forma diferenciada los <strong><em>stocks <\/em><\/strong>y los <strong><em>flujos<\/em>. <\/strong>Por el lado de los <strong><em>stocks<\/em><\/strong>, se ofrecieron los BOPREALES a importadores con deudas por importaci\u00f3n de bienes y servicios. Mientras que, para los <strong><em>flujos<\/em><\/strong>, se dise\u00f1\u00f3 el esquema de pagos del 25% mensual para el grueso de las compras externas, sumado al impacto de las correcciones cambiarias mencionadas.<\/p>\n<p>Como consecuencias de estas medidas, <strong>el<\/strong> <strong>saldo comercial revirti\u00f3 una racha de nueve meses en d\u00e9ficit<\/strong> y acumul\u00f3 un resultado positivo por USD 3.241 M en el trimestre diciembre-febrero. En paralelo, las <strong>cantidades importadas relacionadas a la producci\u00f3n <\/strong>se redujeron 18% respecto al trimestre previo (sin estacionalidad), siendo la mayor ca\u00edda en la comparativa contra otros episodios devaluatorios.<\/p>\n<p>Contrariamente, las <strong>cantidades exportadas<\/strong> se movieron en el sentido inverso (+14,5% t\/t s.e.). Sin embargo, cabe destacar la proximidad y recuperaci\u00f3n de la\u00a0<strong><em>cosecha fina<\/em> <\/strong>ayuda a explicar buena parte del repunte registrado tras el salto cambiario.<\/p>\n<p><img fetchpriority=\"high\" decoding=\"async\" class=\"aligncenter wp-image-16646 size-full\" src=\"http:\/\/ecolatina-2018.appspot.com.storage.googleapis.com\/Salto.png\" alt=\"\" width=\"1150\" height=\"650\" \/><\/p>\n<h3>\u00bfSeguir\u00e1 esta tendencia en 2024?<\/h3>\n<p>Hacia adelante, la <strong>competitividad cambiaria se ir\u00e1 perdiendo. <\/strong>Producto del propio salto cambiario y la desregulaci\u00f3n de precios, se configur\u00f3 una inflaci\u00f3n mensual que permanece elevada, en un escenario donde el <strong>tipo de cambio<\/strong>\u00a0<strong>fue elegido como ancla nominal<\/strong> y se desliza apenas al 2% mensual. As\u00ed, el tipo de cambio se apreci\u00f3 un 36% desde el 13 de diciembre.<\/p>\n<p>Esta p\u00e9rdida de competitividad cambiaria es una variable a monitorear, ya que ser\u00e1 determinante para la decisi\u00f3n del agro de liquidar y exportar en los pr\u00f3ximos meses. No obstante, el <strong>repunte de las cantidades exportadas<\/strong> no s\u00f3lo depender\u00e1 de que el esquema cambiario llegu\u00e9 lo menos castigado posible (ver el siguiente <a href=\"https:\/\/blog.appvisor.com.ar\/cosechando-respuestas-frente-al-dilema-del-agro\/\">Informe<\/a> para mayor detalle), de la<strong> demanda externa<\/strong> y las <strong>condiciones clim\u00e1ticas del ciclo agr\u00edcola,<\/strong> sino que tambi\u00e9n ser\u00e1 relevante lo que ocurra con las exportaciones energ\u00e9ticas y mineras.<\/p>\n<p>Por su parte, las <strong>cantidades importadas <\/strong>son m\u00e1s sensibles a la <strong>demanda dom\u00e9stica: <\/strong>desde el 2004 a esta parte, casi siempre que el consumo y la actividad cayeron, las importaciones hicieron lo propio. Sumado a esto, la\u00a0<strong>insostenibilidad del esquema previo <\/strong>tuvo como consecuencia un\u00a0<strong>sobreabastecimiento <\/strong>de importadores, que explica tambi\u00e9n en buena medida la actual desaceleraci\u00f3n de las compras.<\/p>\n<p><img decoding=\"async\" class=\"aligncenter wp-image-16647 size-full\" src=\"http:\/\/ecolatina-2018.appspot.com.storage.googleapis.com\/Impo-PIB.png\" alt=\"\" width=\"1150\" height=\"650\" \/><\/p>\n<p>No obstante, <strong>esta regla tiene excepciones. <\/strong>Por ejemplo, mientras en 2016 el producto cay\u00f3 2%, las cantidades importadas crecieron 3%. <strong>\u00bfQu\u00e9 explic\u00f3 este fen\u00f3meno? <\/strong>La liberaci\u00f3n del CEPO y las regulaciones comerciales que reg\u00edan entonces <strong>impulsaron las compras externas de<\/strong> <strong>bienes de consumo\u00a0<\/strong>(+17% anual crecieron en 2016, junto a un estancamiento de las importaciones productivas), traccionando las importaciones en su conjunto.<\/p>\n<p>Por lo tanto, en un 2024 que tendr\u00e1 una <strong>abrupta ca\u00edda de la actividad\u00a0<\/strong>(estimamos un descenso del 4,7% i.a. en el primer semestre; -3,5% anual), <strong>las importaciones productivas se ver\u00e1n fuertemente afectadas<\/strong>, con una ca\u00edda que estimamos rondar\u00e1 el 4%. A diferencia de 2016, las importaciones de <strong>bienes de consumo <\/strong>depender\u00e1n de la capacidad del Gobierno para liberar en mayor o menor medida el comercio exterior (prueba de este intento es lo ocurrido con los bienes de la canasta b\u00e1sica) en un contexto de escasez de divisas.<\/p>\n<p>En suma, estimamos que la recuperaci\u00f3n del agro, sumada a la reversi\u00f3n del d\u00e9ficit energ\u00e9tico y el desplome de las importaciones por una menor actividad\u00a0<strong>redundar\u00e1n en un super\u00e1vit comercial que podr\u00eda superar los USD 14.000 M<\/strong>.<\/p>","protected":false},"excerpt":{"rendered":"<p>El frente externo dej\u00f3 atr\u00e1s un 2023 at\u00edpico: la utilizaci\u00f3n de Reservas Internacionales y la acumulaci\u00f3n de deuda comercial le permitieron al Gobierno postergar las correcciones cambiarias y sostener el nivel de importaciones pese al severo impacto de la sequ\u00eda en el ingreso de divisas. Como consecuencia del salto cambiario [&hellip;]<\/p>\n","protected":false},"author":2,"featured_media":3542,"comment_status":"","ping_status":"","sticky":false,"template":"","format":"standard","meta":{"author_name":"Kevin Pagnotta","image_url":"http:\/\/ecolatina-2018.appspot.com.storage.googleapis.com\/istockphoto-486570435-612x612.jpg","_joinchat":[],"footnotes":""},"categories":[1],"tags":[],"class_list":["post-3541","post","type-post","status-publish","format-standard","has-post-thumbnail","hentry","category-sin-categoria"],"aioseo_notices":[],"yoast_head":"<!-- This site is optimized with the Yoast SEO plugin v27.5 - https:\/\/yoast.com\/product\/yoast-seo-wordpress\/ -->\n<title>Las huellas de las correcciones y lo que vendr\u00e1 - Ecolatina<\/title>\n<meta name=\"robots\" content=\"index, follow, max-snippet:-1, max-image-preview:large, max-video-preview:-1\" \/>\n<link rel=\"canonical\" href=\"https:\/\/ecolatina.com\/en\/2024\/04\/09\/las-huellas-de-las-correcciones-y-lo-que-vendra\/\" \/>\n<meta property=\"og:locale\" content=\"en_US\" \/>\n<meta property=\"og:type\" content=\"article\" \/>\n<meta property=\"og:title\" content=\"Las huellas de las correcciones y lo que vendr\u00e1 - Ecolatina\" \/>\n<meta property=\"og:description\" content=\"El frente externo dej\u00f3 atr\u00e1s un 2023 at\u00edpico: la utilizaci\u00f3n de Reservas Internacionales y la acumulaci\u00f3n de deuda comercial le permitieron al Gobierno postergar las correcciones cambiarias y sostener el nivel de importaciones pese al severo impacto de la sequ\u00eda en el ingreso de divisas. Como consecuencia del salto cambiario [&hellip;]\" \/>\n<meta property=\"og:url\" content=\"https:\/\/ecolatina.com\/en\/2024\/04\/09\/las-huellas-de-las-correcciones-y-lo-que-vendra\/\" \/>\n<meta property=\"og:site_name\" content=\"Ecolatina\" \/>\n<meta property=\"article:published_time\" content=\"2024-04-09T15:18:38+00:00\" \/>\n<meta property=\"og:image\" content=\"http:\/\/ecolatina-2018.appspot.com.storage.googleapis.com\/Salto.png\" \/>\n<meta name=\"author\" content=\"AppVisor Blog Bot\" \/>\n<meta name=\"twitter:card\" content=\"summary_large_image\" \/>\n<meta name=\"twitter:creator\" content=\"@Ecolatina_Arg\" \/>\n<meta name=\"twitter:site\" content=\"@Ecolatina_Arg\" \/>\n<meta name=\"twitter:label1\" content=\"Written by\" \/>\n\t<meta name=\"twitter:data1\" content=\"AppVisor Blog Bot\" \/>\n\t<meta name=\"twitter:label2\" content=\"Est. reading time\" \/>\n\t<meta name=\"twitter:data2\" content=\"6 minutes\" \/>\n<script type=\"application\/ld+json\" class=\"yoast-schema-graph\">{\"@context\":\"https:\\\/\\\/schema.org\",\"@graph\":[{\"@type\":\"Article\",\"@id\":\"https:\\\/\\\/ecolatina.com\\\/2024\\\/04\\\/09\\\/las-huellas-de-las-correcciones-y-lo-que-vendra\\\/#article\",\"isPartOf\":{\"@id\":\"https:\\\/\\\/ecolatina.com\\\/2024\\\/04\\\/09\\\/las-huellas-de-las-correcciones-y-lo-que-vendra\\\/\"},\"author\":{\"name\":\"AppVisor Blog Bot\",\"@id\":\"https:\\\/\\\/ecolatina.com\\\/#\\\/schema\\\/person\\\/ff70142206e33eb083069905ccc586b0\"},\"headline\":\"Las huellas de las correcciones y lo que vendr\u00e1\",\"datePublished\":\"2024-04-09T15:18:38+00:00\",\"mainEntityOfPage\":{\"@id\":\"https:\\\/\\\/ecolatina.com\\\/2024\\\/04\\\/09\\\/las-huellas-de-las-correcciones-y-lo-que-vendra\\\/\"},\"wordCount\":1211,\"publisher\":{\"@id\":\"https:\\\/\\\/ecolatina.com\\\/#organization\"},\"image\":{\"@id\":\"https:\\\/\\\/ecolatina.com\\\/2024\\\/04\\\/09\\\/las-huellas-de-las-correcciones-y-lo-que-vendra\\\/#primaryimage\"},\"thumbnailUrl\":\"https:\\\/\\\/ecolatina.com\\\/wp-content\\\/uploads\\\/2024\\\/04\\\/istockphoto-486570435-612x612-1.jpg\",\"articleSection\":[\"Sin categor\u00eda\"],\"inLanguage\":\"en-US\"},{\"@type\":\"WebPage\",\"@id\":\"https:\\\/\\\/ecolatina.com\\\/2024\\\/04\\\/09\\\/las-huellas-de-las-correcciones-y-lo-que-vendra\\\/\",\"url\":\"https:\\\/\\\/ecolatina.com\\\/2024\\\/04\\\/09\\\/las-huellas-de-las-correcciones-y-lo-que-vendra\\\/\",\"name\":\"Las huellas de las correcciones y lo que vendr\u00e1 - Ecolatina\",\"isPartOf\":{\"@id\":\"https:\\\/\\\/ecolatina.com\\\/#website\"},\"primaryImageOfPage\":{\"@id\":\"https:\\\/\\\/ecolatina.com\\\/2024\\\/04\\\/09\\\/las-huellas-de-las-correcciones-y-lo-que-vendra\\\/#primaryimage\"},\"image\":{\"@id\":\"https:\\\/\\\/ecolatina.com\\\/2024\\\/04\\\/09\\\/las-huellas-de-las-correcciones-y-lo-que-vendra\\\/#primaryimage\"},\"thumbnailUrl\":\"https:\\\/\\\/ecolatina.com\\\/wp-content\\\/uploads\\\/2024\\\/04\\\/istockphoto-486570435-612x612-1.jpg\",\"datePublished\":\"2024-04-09T15:18:38+00:00\",\"breadcrumb\":{\"@id\":\"https:\\\/\\\/ecolatina.com\\\/2024\\\/04\\\/09\\\/las-huellas-de-las-correcciones-y-lo-que-vendra\\\/#breadcrumb\"},\"inLanguage\":\"en-US\",\"potentialAction\":[{\"@type\":\"ReadAction\",\"target\":[\"https:\\\/\\\/ecolatina.com\\\/2024\\\/04\\\/09\\\/las-huellas-de-las-correcciones-y-lo-que-vendra\\\/\"]}]},{\"@type\":\"ImageObject\",\"inLanguage\":\"en-US\",\"@id\":\"https:\\\/\\\/ecolatina.com\\\/2024\\\/04\\\/09\\\/las-huellas-de-las-correcciones-y-lo-que-vendra\\\/#primaryimage\",\"url\":\"https:\\\/\\\/ecolatina.com\\\/wp-content\\\/uploads\\\/2024\\\/04\\\/istockphoto-486570435-612x612-1.jpg\",\"contentUrl\":\"https:\\\/\\\/ecolatina.com\\\/wp-content\\\/uploads\\\/2024\\\/04\\\/istockphoto-486570435-612x612-1.jpg\",\"width\":612,\"height\":408},{\"@type\":\"BreadcrumbList\",\"@id\":\"https:\\\/\\\/ecolatina.com\\\/2024\\\/04\\\/09\\\/las-huellas-de-las-correcciones-y-lo-que-vendra\\\/#breadcrumb\",\"itemListElement\":[{\"@type\":\"ListItem\",\"position\":1,\"name\":\"Inicio\",\"item\":\"https:\\\/\\\/ecolatina.com\\\/\"},{\"@type\":\"ListItem\",\"position\":2,\"name\":\"Las huellas de las correcciones y lo que vendr\u00e1\"}]},{\"@type\":\"WebSite\",\"@id\":\"https:\\\/\\\/ecolatina.com\\\/#website\",\"url\":\"https:\\\/\\\/ecolatina.com\\\/\",\"name\":\"Ecolatina\",\"description\":\"Tu socio estrat\u00e9gico para la toma de decisiones \",\"publisher\":{\"@id\":\"https:\\\/\\\/ecolatina.com\\\/#organization\"},\"potentialAction\":[{\"@type\":\"SearchAction\",\"target\":{\"@type\":\"EntryPoint\",\"urlTemplate\":\"https:\\\/\\\/ecolatina.com\\\/?s={search_term_string}\"},\"query-input\":{\"@type\":\"PropertyValueSpecification\",\"valueRequired\":true,\"valueName\":\"search_term_string\"}}],\"inLanguage\":\"en-US\"},{\"@type\":\"Organization\",\"@id\":\"https:\\\/\\\/ecolatina.com\\\/#organization\",\"name\":\"Ecolatina\",\"url\":\"https:\\\/\\\/ecolatina.com\\\/\",\"logo\":{\"@type\":\"ImageObject\",\"inLanguage\":\"en-US\",\"@id\":\"https:\\\/\\\/ecolatina.com\\\/#\\\/schema\\\/logo\\\/image\\\/\",\"url\":\"https:\\\/\\\/ecolatina.com\\\/wp-content\\\/uploads\\\/2023\\\/05\\\/Ecolatina_logo_01-verde-sin-tagline.png\",\"contentUrl\":\"https:\\\/\\\/ecolatina.com\\\/wp-content\\\/uploads\\\/2023\\\/05\\\/Ecolatina_logo_01-verde-sin-tagline.png\",\"width\":1008,\"height\":260,\"caption\":\"Ecolatina\"},\"image\":{\"@id\":\"https:\\\/\\\/ecolatina.com\\\/#\\\/schema\\\/logo\\\/image\\\/\"},\"sameAs\":[\"https:\\\/\\\/x.com\\\/Ecolatina_Arg\",\"https:\\\/\\\/www.linkedin.com\\\/company\\\/ecolatina\\\/?originalSubdomain=ar\"]},{\"@type\":\"Person\",\"@id\":\"https:\\\/\\\/ecolatina.com\\\/#\\\/schema\\\/person\\\/ff70142206e33eb083069905ccc586b0\",\"name\":\"AppVisor Blog Bot\",\"url\":\"https:\\\/\\\/ecolatina.com\\\/en\\\/author\\\/appvisorblogbot\\\/\"}]}<\/script>\n<!-- \/ Yoast SEO plugin. -->","yoast_head_json":{"title":"Las huellas de las correcciones y lo que vendr\u00e1 - Ecolatina","robots":{"index":"index","follow":"follow","max-snippet":"max-snippet:-1","max-image-preview":"max-image-preview:large","max-video-preview":"max-video-preview:-1"},"canonical":"https:\/\/ecolatina.com\/en\/2024\/04\/09\/las-huellas-de-las-correcciones-y-lo-que-vendra\/","og_locale":"en_US","og_type":"article","og_title":"Las huellas de las correcciones y lo que vendr\u00e1 - Ecolatina","og_description":"El frente externo dej\u00f3 atr\u00e1s un 2023 at\u00edpico: la utilizaci\u00f3n de Reservas Internacionales y la acumulaci\u00f3n de deuda comercial le permitieron al Gobierno postergar las correcciones cambiarias y sostener el nivel de importaciones pese al severo impacto de la sequ\u00eda en el ingreso de divisas. Como consecuencia del salto cambiario [&hellip;]","og_url":"https:\/\/ecolatina.com\/en\/2024\/04\/09\/las-huellas-de-las-correcciones-y-lo-que-vendra\/","og_site_name":"Ecolatina","article_published_time":"2024-04-09T15:18:38+00:00","og_image":[{"url":"http:\/\/ecolatina-2018.appspot.com.storage.googleapis.com\/Salto.png","type":"","width":"","height":""}],"author":"AppVisor Blog Bot","twitter_card":"summary_large_image","twitter_creator":"@Ecolatina_Arg","twitter_site":"@Ecolatina_Arg","twitter_misc":{"Written by":"AppVisor Blog Bot","Est. reading time":"6 minutes"},"schema":{"@context":"https:\/\/schema.org","@graph":[{"@type":"Article","@id":"https:\/\/ecolatina.com\/2024\/04\/09\/las-huellas-de-las-correcciones-y-lo-que-vendra\/#article","isPartOf":{"@id":"https:\/\/ecolatina.com\/2024\/04\/09\/las-huellas-de-las-correcciones-y-lo-que-vendra\/"},"author":{"name":"AppVisor Blog Bot","@id":"https:\/\/ecolatina.com\/#\/schema\/person\/ff70142206e33eb083069905ccc586b0"},"headline":"Las huellas de las correcciones y lo que vendr\u00e1","datePublished":"2024-04-09T15:18:38+00:00","mainEntityOfPage":{"@id":"https:\/\/ecolatina.com\/2024\/04\/09\/las-huellas-de-las-correcciones-y-lo-que-vendra\/"},"wordCount":1211,"publisher":{"@id":"https:\/\/ecolatina.com\/#organization"},"image":{"@id":"https:\/\/ecolatina.com\/2024\/04\/09\/las-huellas-de-las-correcciones-y-lo-que-vendra\/#primaryimage"},"thumbnailUrl":"https:\/\/ecolatina.com\/wp-content\/uploads\/2024\/04\/istockphoto-486570435-612x612-1.jpg","articleSection":["Sin categor\u00eda"],"inLanguage":"en-US"},{"@type":"WebPage","@id":"https:\/\/ecolatina.com\/2024\/04\/09\/las-huellas-de-las-correcciones-y-lo-que-vendra\/","url":"https:\/\/ecolatina.com\/2024\/04\/09\/las-huellas-de-las-correcciones-y-lo-que-vendra\/","name":"Las huellas de las correcciones y lo que vendr\u00e1 - Ecolatina","isPartOf":{"@id":"https:\/\/ecolatina.com\/#website"},"primaryImageOfPage":{"@id":"https:\/\/ecolatina.com\/2024\/04\/09\/las-huellas-de-las-correcciones-y-lo-que-vendra\/#primaryimage"},"image":{"@id":"https:\/\/ecolatina.com\/2024\/04\/09\/las-huellas-de-las-correcciones-y-lo-que-vendra\/#primaryimage"},"thumbnailUrl":"https:\/\/ecolatina.com\/wp-content\/uploads\/2024\/04\/istockphoto-486570435-612x612-1.jpg","datePublished":"2024-04-09T15:18:38+00:00","breadcrumb":{"@id":"https:\/\/ecolatina.com\/2024\/04\/09\/las-huellas-de-las-correcciones-y-lo-que-vendra\/#breadcrumb"},"inLanguage":"en-US","potentialAction":[{"@type":"ReadAction","target":["https:\/\/ecolatina.com\/2024\/04\/09\/las-huellas-de-las-correcciones-y-lo-que-vendra\/"]}]},{"@type":"ImageObject","inLanguage":"en-US","@id":"https:\/\/ecolatina.com\/2024\/04\/09\/las-huellas-de-las-correcciones-y-lo-que-vendra\/#primaryimage","url":"https:\/\/ecolatina.com\/wp-content\/uploads\/2024\/04\/istockphoto-486570435-612x612-1.jpg","contentUrl":"https:\/\/ecolatina.com\/wp-content\/uploads\/2024\/04\/istockphoto-486570435-612x612-1.jpg","width":612,"height":408},{"@type":"BreadcrumbList","@id":"https:\/\/ecolatina.com\/2024\/04\/09\/las-huellas-de-las-correcciones-y-lo-que-vendra\/#breadcrumb","itemListElement":[{"@type":"ListItem","position":1,"name":"Inicio","item":"https:\/\/ecolatina.com\/"},{"@type":"ListItem","position":2,"name":"Las huellas de las correcciones y lo que vendr\u00e1"}]},{"@type":"WebSite","@id":"https:\/\/ecolatina.com\/#website","url":"https:\/\/ecolatina.com\/","name":"Ecolatina","description":"Tu socio estrat\u00e9gico para la toma de decisiones","publisher":{"@id":"https:\/\/ecolatina.com\/#organization"},"potentialAction":[{"@type":"SearchAction","target":{"@type":"EntryPoint","urlTemplate":"https:\/\/ecolatina.com\/?s={search_term_string}"},"query-input":{"@type":"PropertyValueSpecification","valueRequired":true,"valueName":"search_term_string"}}],"inLanguage":"en-US"},{"@type":"Organization","@id":"https:\/\/ecolatina.com\/#organization","name":"Ecolatina","url":"https:\/\/ecolatina.com\/","logo":{"@type":"ImageObject","inLanguage":"en-US","@id":"https:\/\/ecolatina.com\/#\/schema\/logo\/image\/","url":"https:\/\/ecolatina.com\/wp-content\/uploads\/2023\/05\/Ecolatina_logo_01-verde-sin-tagline.png","contentUrl":"https:\/\/ecolatina.com\/wp-content\/uploads\/2023\/05\/Ecolatina_logo_01-verde-sin-tagline.png","width":1008,"height":260,"caption":"Ecolatina"},"image":{"@id":"https:\/\/ecolatina.com\/#\/schema\/logo\/image\/"},"sameAs":["https:\/\/x.com\/Ecolatina_Arg","https:\/\/www.linkedin.com\/company\/ecolatina\/?originalSubdomain=ar"]},{"@type":"Person","@id":"https:\/\/ecolatina.com\/#\/schema\/person\/ff70142206e33eb083069905ccc586b0","name":"AppVisor Blog Bot","url":"https:\/\/ecolatina.com\/en\/author\/appvisorblogbot\/"}]}},"_links":{"self":[{"href":"https:\/\/ecolatina.com\/en\/wp-json\/wp\/v2\/posts\/3541","targetHints":{"allow":["GET"]}}],"collection":[{"href":"https:\/\/ecolatina.com\/en\/wp-json\/wp\/v2\/posts"}],"about":[{"href":"https:\/\/ecolatina.com\/en\/wp-json\/wp\/v2\/types\/post"}],"author":[{"embeddable":true,"href":"https:\/\/ecolatina.com\/en\/wp-json\/wp\/v2\/users\/2"}],"replies":[{"embeddable":true,"href":"https:\/\/ecolatina.com\/en\/wp-json\/wp\/v2\/comments?post=3541"}],"version-history":[{"count":0,"href":"https:\/\/ecolatina.com\/en\/wp-json\/wp\/v2\/posts\/3541\/revisions"}],"wp:featuredmedia":[{"embeddable":true,"href":"https:\/\/ecolatina.com\/en\/wp-json\/wp\/v2\/media\/3542"}],"wp:attachment":[{"href":"https:\/\/ecolatina.com\/en\/wp-json\/wp\/v2\/media?parent=3541"}],"wp:term":[{"taxonomy":"category","embeddable":true,"href":"https:\/\/ecolatina.com\/en\/wp-json\/wp\/v2\/categories?post=3541"},{"taxonomy":"post_tag","embeddable":true,"href":"https:\/\/ecolatina.com\/en\/wp-json\/wp\/v2\/tags?post=3541"}],"curies":[{"name":"wp","href":"https:\/\/api.w.org\/{rel}","templated":true}]}}