{"id":3549,"date":"2024-04-24T17:29:21","date_gmt":"2024-04-24T20:29:21","guid":{"rendered":"https:\/\/ecolatina.com\/2024\/04\/24\/las-claves-detras-del-superavit-financiero\/"},"modified":"2024-04-24T19:00:58","modified_gmt":"2024-04-24T22:00:58","slug":"las-claves-detras-del-superavit-financiero","status":"publish","type":"post","link":"https:\/\/ecolatina.com\/en\/2024\/04\/24\/las-claves-detras-del-superavit-financiero\/","title":{"rendered":"Las claves detr\u00e1s del super\u00e1vit financiero"},"content":{"rendered":"<h3>\u00bfC\u00f3mo le fue al fisco en marzo?<\/h3>\n<p>El <strong>Sector P\u00fablico Nacional No Financiero<\/strong> registr\u00f3 en marzo el tercer super\u00e1vit fiscal consecutivo en lo que va del a\u00f1o, mostrando as\u00ed un super\u00e1vit financiero en el primer trimestre por primera vez desde 2009. En n\u00fameros, las cuentas p\u00fablicas registraron un super\u00e1vit primario de $625.034 millones en marzo. A su vez, con un pago de intereses\u00a0que se ubic\u00f3 en $348.396 millones, el super\u00e1vit financiero alcanzado fue de $276.638 millones. De esta forma, el SPN sobre cumpli\u00f3 la meta delineada por el FMI, acumulando en el primer trimestre de 2024 un resultado financiero de 0,2% del PIB y un resultado primario de 0,5% del PIB.<\/p>\n<p><strong>\u00bfQu\u00e9 explic\u00f3 el super\u00e1vit fiscal en marzo?<\/strong> Lejos de recuperarse, los ingresos profundizaron su ca\u00edda anotando un rojo real de -8,6% i.a, mientras que el marcado recorte sobre el Gasto Primario (-28,6% i.a. real) volvi\u00f3 a explicar la mejora en las cuentas fiscales.<\/p>\n<p><img fetchpriority=\"high\" decoding=\"async\" class=\"wp-image-16746 aligncenter\" src=\"http:\/\/ecolatina-2018.appspot.com.storage.googleapis.com\/Tablero-Resultado-FIN-mensual-y-acumulado-3.png\" alt=\"\" width=\"643\" height=\"386\" \/><\/p>\n<h3>\u00bfQu\u00e9 ocurri\u00f3 al interior de las cuentas p\u00fablicas?<\/h3>\n<p><strong>\u00bfQu\u00e9 explic\u00f3 el magro desempe\u00f1o de los recursos? <\/strong>La ca\u00edda real en los tributos asociados a la actividad econ\u00f3mica y los ingresos m\u00e1s que compens\u00f3 el aporte de los Derechos de Exportaci\u00f3n y la ampliaci\u00f3n del Impuesto PAIS.<\/p>\n<p>A diferencia de los dos primeros meses del a\u00f1o, el <strong>IVA neto de reintegros<\/strong> se redujo en marzo un -15,4% i.a en t\u00e9rminos reales (una ca\u00edda similar a la de marzo 2020 atravesada por el confinamiento de la pandemia) y los <strong>Derechos de Importaci\u00f3n<\/strong> anotaron un rojo real de -27,5% i.a.<\/p>\n<p>En paralelo, el <strong>Impuesto a las Ganancias<\/strong> contin\u00faa anotando ca\u00eddas reales (38% i.a) desde el recorte de la cuarta categor\u00eda de diciembre 2023, al igual que las <strong>Contribuciones a la Seguridad Social<\/strong> (-20% i.a) que en marzo cayeron un 20% i.a. (real) e hilaron su s\u00e9ptima ca\u00edda real consecutiva.<\/p>\n<p>Por su parte, los <strong>Derechos de Exportaci\u00f3n<\/strong> crecieron nuevamente un +74% i.a. real, y el <strong>Impuesto PAIS<\/strong> se cuadruplic\u00f3 en t\u00e9rminos reales con respecto a marzo del 2023 (producto de su ampliaci\u00f3n). Buena parte de esta mejora puede explicarse, al igual que en febrero, por la suscripci\u00f3n a BOPREAL que se agotara una vez que se terminen las licitaciones de la Serie 3.<\/p>\n<p>Entonces, <strong>\u00bfqu\u00e9 paso con el gasto?<\/strong> Como resultado de un recorte transversal sobre todas las partidas, el <strong>Gasto Primario registr\u00f3 una ca\u00edda real del 29% i.a. <\/strong>Al igual que en los meses previos, la mayor parte del recorte se explica por el ajuste sobre el Gasto Social.<\/p>\n<p>En tal sentido, las\u00a0<strong>Prestaciones Sociales<\/strong>\u00a0cayeron un -21% i.a real, mostrando una din\u00e1mica heterog\u00e9nea a su interior. Por un lado, las Jubilaciones y Pensiones (incluyendo PNC) mostraron una ca\u00edda real del 32% i.a., mientras que la partida \u201cOtros Programas\u201d se redujo un 13% i.a. Por el contrario, las Asignaciones Familiares y AUH registraron un crecimiento real de 16% respecto al marzo pasado.<\/p>\n<p>Los\u00a0<strong>Subsidios Econ\u00f3micos<\/strong>, moderaron la ca\u00edda de los primeros meses y se redujeron en marzo un 21% i.a.\u00a0 Sin embargo, parte de la reducci\u00f3n en esta partida no estar\u00eda explicada por un ahorro genuino, sino por una\u00a0<strong>postergaci\u00f3n de pagos y compromisos<\/strong>.<\/p>\n<p>En cuanto a la negociaci\u00f3n con los gobiernos provinciales, tanto las <strong>Transferencias a Provincias<\/strong> (corrientes y de capital) como los <strong>Gastos de Capital<\/strong> (obra p\u00fablica excluyendo transferencias) mostraron una marcada contracci\u00f3n real del 84% i.a. Con respecto al resto de las partidas, las <strong>Transferencias a Universidades<\/strong> (foco de conflicto reciente) se redujeron un 18% i.a. real, mientras que los <strong>Gastos en Funcionamiento<\/strong> (incluye salarios) cayeron un 21% i.a. real.<\/p>\n<p>&nbsp;<\/p>\n<h3>\u00bfQu\u00e9 explico el super\u00e1vit del primer trimestre?<\/h3>\n<p>La din\u00e1mica fiscal del primer trimestre estuvo caracterizada por un marcado <strong>recorte sobre el gasto p\u00fablico y una ca\u00edda en los ingresos<\/strong> que se vio moderada por la ampliaci\u00f3n del Impuesto PAIS. Justamente, la mayor recaudaci\u00f3n del <strong>Impuesto PAIS<\/strong> explic\u00f3 un quinto de la mejora en el resultado fiscal.<\/p>\n<p>Por el lado de las erogaciones, <strong>el Gasto Primario se redujo un 35% i.a. en t\u00e9rminos reales<\/strong>, donde el Gasto Social explic\u00f3 el 44% del ajuste al caer un 27% i.a. real. A su vez, la contracci\u00f3n en los Gastos de Capital y la merma en las Transferencias a Provincias implicaron un recorte real superior al 80% i.a., explicando un 28% del ajuste. Por su parte, la reducci\u00f3n en los Subsidios Econ\u00f3micos (-46% i.a. real) represent\u00f3 el 12% del recorte, donde entr\u00f3 en juego la postergaci\u00f3n de pagos a CAMMESA (empresa intermediaria en el sector energ\u00e9tico).<\/p>\n<p><img decoding=\"async\" class=\"aligncenter wp-image-16754 size-full\" src=\"http:\/\/ecolatina-2018.appspot.com.storage.googleapis.com\/Tablero-Gasto-Primario-con-incidencia.png\" alt=\"\" width=\"1600\" height=\"900\" \/><\/p>\n<p>&nbsp;<\/p>\n<h3>\u00bfQu\u00e9 esperamos para 2024?<\/h3>\n<p>Desde el inicio del mandato, el Poder Ejecutivo enfatiz\u00f3 la necesidad del <strong>ordenamiento de las cuentas p\u00fablicas<\/strong> y estableci\u00f3 el <strong>ancla fiscal como<\/strong> <em>driver<\/em> de la pol\u00edtica econ\u00f3mica, impulsando un cambio de r\u00e9gimen econ\u00f3mico que regenere la credibilidad y confianza, lo cual es central tambi\u00e9n dentro de la estrategia monetaria-cambiaria.<\/p>\n<p>El <strong>resultado fiscal superavitario<\/strong> obtenido en el primer trimestre del a\u00f1o da un respiro al gobierno, con un desempe\u00f1o fiscal va en l\u00ednea con la meta anunciada (super\u00e1vit primario de 2% del PIB en 2024). Pese a mostrar un super\u00e1vit financiero en el primer trimestre luego de 14 a\u00f1os en rojo, las caracter\u00edsticas del ajuste implementado sobre el gasto, la din\u00e1mica que podr\u00eda adoptar la recaudaci\u00f3n en un contexto recesivo y la indexaci\u00f3n de las partidas previsionales <strong>siembran incertidumbre sobre la sostenibilidad <\/strong>(tanto social como pol\u00edtica)<strong> de la estrategia <\/strong>a lo largo del a\u00f1o.<\/p>\n<p>En cuanto a los recursos, la recesi\u00f3n econ\u00f3mica proyectada seguramente deteriore los <strong>ingresos asociados a la actividad<\/strong>, lo cual no s\u00f3lo afectar\u00e1 a la Naci\u00f3n, sino que impactar\u00e1 con mayor fuerza sobre las cuentas p\u00fablicas provinciales (ya perjudicadas por la modificaci\u00f3n de Ganancias) dado que son mayormente impuestos coparticipables. A su vez, uno de los pilares de la recaudaci\u00f3n durante los primeros meses de gesti\u00f3n fue (y ser\u00e1) el <strong>Impuesto PAIS<\/strong>, un recurso transitorio que en alg\u00fan momento deber\u00e1 reducirse si se pretende salir del CEPO.<\/p>\n<p>En el corto plazo, la liquidaci\u00f3n de la cosecha gruesa incrementar\u00e1 lo recaudado v\u00eda <strong>Derechos de Exportaci\u00f3n<\/strong>, poni\u00e9ndole un l\u00edmite a la ca\u00edda de los recursos. Sin embargo, aquel factor mostrar\u00eda su pico estacional en el segundo trimestre, para luego moderarse en la segunda parte del a\u00f1o.<\/p>\n<p>En este contexto, la aprobaci\u00f3n del nuevo <strong>Paquete Fiscal y la Ley Bases<\/strong> podr\u00eda dotar de mayores recursos al fisco producto de la reincorporaci\u00f3n del Impuesto a las Ganancias (Ingresos Personales) y el blanqueo (entre otras propuestas). Sin embargo, en caso de no lograr su aprobaci\u00f3n, el Gobierno deber\u00eda continuar ajustando considerablemente el gasto para cumplir con el objetivo comprometido.<\/p>\n<p>Con respecto al gasto, el ajuste implementado sobre el <strong>Gasto Social<\/strong> (m\u00e1s de la mitad de las erogaciones) se sostendr\u00eda principalmente por el cambio en la f\u00f3rmula de la movilidad previsional, que se actualiza mensualmente desde abril seg\u00fan la inflaci\u00f3n evidenciada dos meses atr\u00e1s. Si bien la nueva f\u00f3rmula resguarda los haberes y las asignaciones frente a una eventual aceleraci\u00f3n inflacionaria, tambi\u00e9n <strong>elimina la posibilidad de recuperarse <\/strong>frente a un escenario de crecimiento y recuperaci\u00f3n econ\u00f3mica, congelando los haberes en m\u00ednimos reales.<\/p>\n<p>De este modo, pese a que el cambio de f\u00f3rmula incrementa en el margen el gasto en jubilaciones y pensiones, le pone un <strong>techo al gasto social<\/strong> tanto para el \u00faltimo tramo del a\u00f1o como para 2025 frente a una eventual recuperaci\u00f3n de la econom\u00eda. Sin embargo, el <strong>riesgo en t\u00e9rminos fiscales<\/strong> es que una nueva aceleraci\u00f3n inflacionaria generar\u00eda mayores presiones en el gasto.<\/p>\n<p>En cuanto a los <strong>Subsidios Econ\u00f3micos<\/strong>, si bien la actualizaci\u00f3n tarifaria aliviar\u00e1 las presiones sobre este rubro (elevando las presiones inflacionarias), ser\u00e1 necesaria una normalizaci\u00f3n de los pagos y compromisos en alg\u00fan momento del a\u00f1o para no generar a\u00fan m\u00e1s distorsiones en la cadena de pagos del sector energ\u00e9tico.<\/p>\n<p>Distinto es el caso para las <strong>Transferencias a las Provincias<\/strong> (discrecionales) y los <strong>Gastos de Capital<\/strong>, donde el Gobierno tiene un mayor margen de maniobra para recortar, pero son una carta de negociaci\u00f3n para conseguir mayores votos en el Congreso. Justamente, la misma aprobaci\u00f3n del nuevo Paquete Fiscal podr\u00eda recomponer en parte unos diezmados recursos de las finanzas provinciales.<\/p>\n<p>A modo de cierre, si bien estimamos que el objetivo de un <strong>equilibrio financiero luce sumamente desafiante <\/strong>en el contexto actual, vemos factible que el Gobierno termine con un super\u00e1vit primario en 2024 a costas del impacto de la recesi\u00f3n esperada sobre la econom\u00eda. Esto \u00faltimo no dejar\u00eda de ser una se\u00f1al positiva en cuanto a la direcci\u00f3n tomada tanto para el FMI como para los mercados financieros.<\/p>","protected":false},"excerpt":{"rendered":"<p>\u00bfC\u00f3mo le fue al fisco en marzo? El Sector P\u00fablico Nacional No Financiero registr\u00f3 en marzo el tercer super\u00e1vit fiscal consecutivo en lo que va del a\u00f1o, mostrando as\u00ed un super\u00e1vit financiero en el primer trimestre por primera vez desde 2009. En n\u00fameros, las cuentas p\u00fablicas registraron un super\u00e1vit primario [&hellip;]<\/p>\n","protected":false},"author":2,"featured_media":3551,"comment_status":"closed","ping_status":"","sticky":false,"template":"","format":"standard","meta":{"author_name":"Ana Albin","image_url":"http:\/\/ecolatina-2018.appspot.com.storage.googleapis.com\/Portada-Panorama-Fiscal.png","_joinchat":[],"footnotes":""},"categories":[1],"tags":[],"class_list":["post-3549","post","type-post","status-publish","format-standard","has-post-thumbnail","hentry","category-sin-categoria"],"aioseo_notices":[],"yoast_head":"<!-- This site is optimized with the Yoast SEO plugin v27.5 - https:\/\/yoast.com\/product\/yoast-seo-wordpress\/ -->\n<title>Las claves detr\u00e1s del super\u00e1vit financiero - Ecolatina<\/title>\n<meta name=\"robots\" content=\"index, follow, max-snippet:-1, max-image-preview:large, max-video-preview:-1\" \/>\n<link rel=\"canonical\" href=\"https:\/\/ecolatina.com\/en\/2024\/04\/24\/las-claves-detras-del-superavit-financiero\/\" \/>\n<meta property=\"og:locale\" content=\"en_US\" \/>\n<meta property=\"og:type\" content=\"article\" \/>\n<meta property=\"og:title\" content=\"Las claves detr\u00e1s del super\u00e1vit financiero - Ecolatina\" \/>\n<meta property=\"og:description\" content=\"\u00bfC\u00f3mo le fue al fisco en marzo? El Sector P\u00fablico Nacional No Financiero registr\u00f3 en marzo el tercer super\u00e1vit fiscal consecutivo en lo que va del a\u00f1o, mostrando as\u00ed un super\u00e1vit financiero en el primer trimestre por primera vez desde 2009. En n\u00fameros, las cuentas p\u00fablicas registraron un super\u00e1vit primario [&hellip;]\" \/>\n<meta property=\"og:url\" content=\"https:\/\/ecolatina.com\/en\/2024\/04\/24\/las-claves-detras-del-superavit-financiero\/\" \/>\n<meta property=\"og:site_name\" content=\"Ecolatina\" \/>\n<meta property=\"article:published_time\" content=\"2024-04-24T20:29:21+00:00\" \/>\n<meta property=\"article:modified_time\" content=\"2024-04-24T22:00:58+00:00\" \/>\n<meta property=\"og:image\" content=\"https:\/\/ecolatina.com\/wp-content\/uploads\/2024\/04\/Portada-Panorama-Fiscal-1024x673.png\" \/>\n\t<meta property=\"og:image:width\" content=\"1024\" \/>\n\t<meta property=\"og:image:height\" content=\"673\" \/>\n\t<meta property=\"og:image:type\" content=\"image\/png\" \/>\n<meta name=\"author\" content=\"AppVisor Blog Bot\" \/>\n<meta name=\"twitter:card\" content=\"summary_large_image\" \/>\n<meta name=\"twitter:creator\" content=\"@Ecolatina_Arg\" \/>\n<meta name=\"twitter:site\" content=\"@Ecolatina_Arg\" \/>\n<meta name=\"twitter:label1\" content=\"Written by\" \/>\n\t<meta name=\"twitter:data1\" content=\"AppVisor Blog Bot\" \/>\n\t<meta name=\"twitter:label2\" content=\"Est. reading time\" \/>\n\t<meta name=\"twitter:data2\" content=\"8 minutes\" \/>\n<script type=\"application\/ld+json\" class=\"yoast-schema-graph\">{\"@context\":\"https:\\\/\\\/schema.org\",\"@graph\":[{\"@type\":\"Article\",\"@id\":\"https:\\\/\\\/ecolatina.com\\\/2024\\\/04\\\/24\\\/las-claves-detras-del-superavit-financiero\\\/#article\",\"isPartOf\":{\"@id\":\"https:\\\/\\\/ecolatina.com\\\/2024\\\/04\\\/24\\\/las-claves-detras-del-superavit-financiero\\\/\"},\"author\":{\"name\":\"AppVisor Blog Bot\",\"@id\":\"https:\\\/\\\/ecolatina.com\\\/#\\\/schema\\\/person\\\/ff70142206e33eb083069905ccc586b0\"},\"headline\":\"Las claves detr\u00e1s del super\u00e1vit financiero\",\"datePublished\":\"2024-04-24T20:29:21+00:00\",\"dateModified\":\"2024-04-24T22:00:58+00:00\",\"mainEntityOfPage\":{\"@id\":\"https:\\\/\\\/ecolatina.com\\\/2024\\\/04\\\/24\\\/las-claves-detras-del-superavit-financiero\\\/\"},\"wordCount\":1528,\"publisher\":{\"@id\":\"https:\\\/\\\/ecolatina.com\\\/#organization\"},\"image\":{\"@id\":\"https:\\\/\\\/ecolatina.com\\\/2024\\\/04\\\/24\\\/las-claves-detras-del-superavit-financiero\\\/#primaryimage\"},\"thumbnailUrl\":\"https:\\\/\\\/ecolatina.com\\\/wp-content\\\/uploads\\\/2024\\\/04\\\/Portada-Panorama-Fiscal-1.png\",\"articleSection\":[\"Sin categor\u00eda\"],\"inLanguage\":\"en-US\"},{\"@type\":\"WebPage\",\"@id\":\"https:\\\/\\\/ecolatina.com\\\/2024\\\/04\\\/24\\\/las-claves-detras-del-superavit-financiero\\\/\",\"url\":\"https:\\\/\\\/ecolatina.com\\\/2024\\\/04\\\/24\\\/las-claves-detras-del-superavit-financiero\\\/\",\"name\":\"Las claves detr\u00e1s del super\u00e1vit financiero - Ecolatina\",\"isPartOf\":{\"@id\":\"https:\\\/\\\/ecolatina.com\\\/#website\"},\"primaryImageOfPage\":{\"@id\":\"https:\\\/\\\/ecolatina.com\\\/2024\\\/04\\\/24\\\/las-claves-detras-del-superavit-financiero\\\/#primaryimage\"},\"image\":{\"@id\":\"https:\\\/\\\/ecolatina.com\\\/2024\\\/04\\\/24\\\/las-claves-detras-del-superavit-financiero\\\/#primaryimage\"},\"thumbnailUrl\":\"https:\\\/\\\/ecolatina.com\\\/wp-content\\\/uploads\\\/2024\\\/04\\\/Portada-Panorama-Fiscal-1.png\",\"datePublished\":\"2024-04-24T20:29:21+00:00\",\"dateModified\":\"2024-04-24T22:00:58+00:00\",\"breadcrumb\":{\"@id\":\"https:\\\/\\\/ecolatina.com\\\/2024\\\/04\\\/24\\\/las-claves-detras-del-superavit-financiero\\\/#breadcrumb\"},\"inLanguage\":\"en-US\",\"potentialAction\":[{\"@type\":\"ReadAction\",\"target\":[\"https:\\\/\\\/ecolatina.com\\\/2024\\\/04\\\/24\\\/las-claves-detras-del-superavit-financiero\\\/\"]}]},{\"@type\":\"ImageObject\",\"inLanguage\":\"en-US\",\"@id\":\"https:\\\/\\\/ecolatina.com\\\/2024\\\/04\\\/24\\\/las-claves-detras-del-superavit-financiero\\\/#primaryimage\",\"url\":\"https:\\\/\\\/ecolatina.com\\\/wp-content\\\/uploads\\\/2024\\\/04\\\/Portada-Panorama-Fiscal-1.png\",\"contentUrl\":\"https:\\\/\\\/ecolatina.com\\\/wp-content\\\/uploads\\\/2024\\\/04\\\/Portada-Panorama-Fiscal-1.png\",\"width\":2667,\"height\":1754},{\"@type\":\"BreadcrumbList\",\"@id\":\"https:\\\/\\\/ecolatina.com\\\/2024\\\/04\\\/24\\\/las-claves-detras-del-superavit-financiero\\\/#breadcrumb\",\"itemListElement\":[{\"@type\":\"ListItem\",\"position\":1,\"name\":\"Inicio\",\"item\":\"https:\\\/\\\/ecolatina.com\\\/\"},{\"@type\":\"ListItem\",\"position\":2,\"name\":\"Las claves detr\u00e1s del super\u00e1vit financiero\"}]},{\"@type\":\"WebSite\",\"@id\":\"https:\\\/\\\/ecolatina.com\\\/#website\",\"url\":\"https:\\\/\\\/ecolatina.com\\\/\",\"name\":\"Ecolatina\",\"description\":\"Tu socio estrat\u00e9gico para la toma de decisiones \",\"publisher\":{\"@id\":\"https:\\\/\\\/ecolatina.com\\\/#organization\"},\"potentialAction\":[{\"@type\":\"SearchAction\",\"target\":{\"@type\":\"EntryPoint\",\"urlTemplate\":\"https:\\\/\\\/ecolatina.com\\\/?s={search_term_string}\"},\"query-input\":{\"@type\":\"PropertyValueSpecification\",\"valueRequired\":true,\"valueName\":\"search_term_string\"}}],\"inLanguage\":\"en-US\"},{\"@type\":\"Organization\",\"@id\":\"https:\\\/\\\/ecolatina.com\\\/#organization\",\"name\":\"Ecolatina\",\"url\":\"https:\\\/\\\/ecolatina.com\\\/\",\"logo\":{\"@type\":\"ImageObject\",\"inLanguage\":\"en-US\",\"@id\":\"https:\\\/\\\/ecolatina.com\\\/#\\\/schema\\\/logo\\\/image\\\/\",\"url\":\"https:\\\/\\\/ecolatina.com\\\/wp-content\\\/uploads\\\/2023\\\/05\\\/Ecolatina_logo_01-verde-sin-tagline.png\",\"contentUrl\":\"https:\\\/\\\/ecolatina.com\\\/wp-content\\\/uploads\\\/2023\\\/05\\\/Ecolatina_logo_01-verde-sin-tagline.png\",\"width\":1008,\"height\":260,\"caption\":\"Ecolatina\"},\"image\":{\"@id\":\"https:\\\/\\\/ecolatina.com\\\/#\\\/schema\\\/logo\\\/image\\\/\"},\"sameAs\":[\"https:\\\/\\\/x.com\\\/Ecolatina_Arg\",\"https:\\\/\\\/www.linkedin.com\\\/company\\\/ecolatina\\\/?originalSubdomain=ar\"]},{\"@type\":\"Person\",\"@id\":\"https:\\\/\\\/ecolatina.com\\\/#\\\/schema\\\/person\\\/ff70142206e33eb083069905ccc586b0\",\"name\":\"AppVisor Blog Bot\",\"url\":\"https:\\\/\\\/ecolatina.com\\\/en\\\/author\\\/appvisorblogbot\\\/\"}]}<\/script>\n<!-- \/ Yoast SEO plugin. -->","yoast_head_json":{"title":"Las claves detr\u00e1s del super\u00e1vit financiero - Ecolatina","robots":{"index":"index","follow":"follow","max-snippet":"max-snippet:-1","max-image-preview":"max-image-preview:large","max-video-preview":"max-video-preview:-1"},"canonical":"https:\/\/ecolatina.com\/en\/2024\/04\/24\/las-claves-detras-del-superavit-financiero\/","og_locale":"en_US","og_type":"article","og_title":"Las claves detr\u00e1s del super\u00e1vit financiero - Ecolatina","og_description":"\u00bfC\u00f3mo le fue al fisco en marzo? El Sector P\u00fablico Nacional No Financiero registr\u00f3 en marzo el tercer super\u00e1vit fiscal consecutivo en lo que va del a\u00f1o, mostrando as\u00ed un super\u00e1vit financiero en el primer trimestre por primera vez desde 2009. En n\u00fameros, las cuentas p\u00fablicas registraron un super\u00e1vit primario [&hellip;]","og_url":"https:\/\/ecolatina.com\/en\/2024\/04\/24\/las-claves-detras-del-superavit-financiero\/","og_site_name":"Ecolatina","article_published_time":"2024-04-24T20:29:21+00:00","article_modified_time":"2024-04-24T22:00:58+00:00","og_image":[{"width":1024,"height":673,"url":"https:\/\/ecolatina.com\/wp-content\/uploads\/2024\/04\/Portada-Panorama-Fiscal-1024x673.png","type":"image\/png"}],"author":"AppVisor Blog Bot","twitter_card":"summary_large_image","twitter_creator":"@Ecolatina_Arg","twitter_site":"@Ecolatina_Arg","twitter_misc":{"Written by":"AppVisor Blog Bot","Est. reading time":"8 minutes"},"schema":{"@context":"https:\/\/schema.org","@graph":[{"@type":"Article","@id":"https:\/\/ecolatina.com\/2024\/04\/24\/las-claves-detras-del-superavit-financiero\/#article","isPartOf":{"@id":"https:\/\/ecolatina.com\/2024\/04\/24\/las-claves-detras-del-superavit-financiero\/"},"author":{"name":"AppVisor Blog Bot","@id":"https:\/\/ecolatina.com\/#\/schema\/person\/ff70142206e33eb083069905ccc586b0"},"headline":"Las claves detr\u00e1s del super\u00e1vit financiero","datePublished":"2024-04-24T20:29:21+00:00","dateModified":"2024-04-24T22:00:58+00:00","mainEntityOfPage":{"@id":"https:\/\/ecolatina.com\/2024\/04\/24\/las-claves-detras-del-superavit-financiero\/"},"wordCount":1528,"publisher":{"@id":"https:\/\/ecolatina.com\/#organization"},"image":{"@id":"https:\/\/ecolatina.com\/2024\/04\/24\/las-claves-detras-del-superavit-financiero\/#primaryimage"},"thumbnailUrl":"https:\/\/ecolatina.com\/wp-content\/uploads\/2024\/04\/Portada-Panorama-Fiscal-1.png","articleSection":["Sin categor\u00eda"],"inLanguage":"en-US"},{"@type":"WebPage","@id":"https:\/\/ecolatina.com\/2024\/04\/24\/las-claves-detras-del-superavit-financiero\/","url":"https:\/\/ecolatina.com\/2024\/04\/24\/las-claves-detras-del-superavit-financiero\/","name":"Las claves detr\u00e1s del super\u00e1vit financiero - Ecolatina","isPartOf":{"@id":"https:\/\/ecolatina.com\/#website"},"primaryImageOfPage":{"@id":"https:\/\/ecolatina.com\/2024\/04\/24\/las-claves-detras-del-superavit-financiero\/#primaryimage"},"image":{"@id":"https:\/\/ecolatina.com\/2024\/04\/24\/las-claves-detras-del-superavit-financiero\/#primaryimage"},"thumbnailUrl":"https:\/\/ecolatina.com\/wp-content\/uploads\/2024\/04\/Portada-Panorama-Fiscal-1.png","datePublished":"2024-04-24T20:29:21+00:00","dateModified":"2024-04-24T22:00:58+00:00","breadcrumb":{"@id":"https:\/\/ecolatina.com\/2024\/04\/24\/las-claves-detras-del-superavit-financiero\/#breadcrumb"},"inLanguage":"en-US","potentialAction":[{"@type":"ReadAction","target":["https:\/\/ecolatina.com\/2024\/04\/24\/las-claves-detras-del-superavit-financiero\/"]}]},{"@type":"ImageObject","inLanguage":"en-US","@id":"https:\/\/ecolatina.com\/2024\/04\/24\/las-claves-detras-del-superavit-financiero\/#primaryimage","url":"https:\/\/ecolatina.com\/wp-content\/uploads\/2024\/04\/Portada-Panorama-Fiscal-1.png","contentUrl":"https:\/\/ecolatina.com\/wp-content\/uploads\/2024\/04\/Portada-Panorama-Fiscal-1.png","width":2667,"height":1754},{"@type":"BreadcrumbList","@id":"https:\/\/ecolatina.com\/2024\/04\/24\/las-claves-detras-del-superavit-financiero\/#breadcrumb","itemListElement":[{"@type":"ListItem","position":1,"name":"Inicio","item":"https:\/\/ecolatina.com\/"},{"@type":"ListItem","position":2,"name":"Las claves detr\u00e1s del super\u00e1vit financiero"}]},{"@type":"WebSite","@id":"https:\/\/ecolatina.com\/#website","url":"https:\/\/ecolatina.com\/","name":"Ecolatina","description":"Tu socio estrat\u00e9gico para la toma de decisiones","publisher":{"@id":"https:\/\/ecolatina.com\/#organization"},"potentialAction":[{"@type":"SearchAction","target":{"@type":"EntryPoint","urlTemplate":"https:\/\/ecolatina.com\/?s={search_term_string}"},"query-input":{"@type":"PropertyValueSpecification","valueRequired":true,"valueName":"search_term_string"}}],"inLanguage":"en-US"},{"@type":"Organization","@id":"https:\/\/ecolatina.com\/#organization","name":"Ecolatina","url":"https:\/\/ecolatina.com\/","logo":{"@type":"ImageObject","inLanguage":"en-US","@id":"https:\/\/ecolatina.com\/#\/schema\/logo\/image\/","url":"https:\/\/ecolatina.com\/wp-content\/uploads\/2023\/05\/Ecolatina_logo_01-verde-sin-tagline.png","contentUrl":"https:\/\/ecolatina.com\/wp-content\/uploads\/2023\/05\/Ecolatina_logo_01-verde-sin-tagline.png","width":1008,"height":260,"caption":"Ecolatina"},"image":{"@id":"https:\/\/ecolatina.com\/#\/schema\/logo\/image\/"},"sameAs":["https:\/\/x.com\/Ecolatina_Arg","https:\/\/www.linkedin.com\/company\/ecolatina\/?originalSubdomain=ar"]},{"@type":"Person","@id":"https:\/\/ecolatina.com\/#\/schema\/person\/ff70142206e33eb083069905ccc586b0","name":"AppVisor Blog Bot","url":"https:\/\/ecolatina.com\/en\/author\/appvisorblogbot\/"}]}},"_links":{"self":[{"href":"https:\/\/ecolatina.com\/en\/wp-json\/wp\/v2\/posts\/3549","targetHints":{"allow":["GET"]}}],"collection":[{"href":"https:\/\/ecolatina.com\/en\/wp-json\/wp\/v2\/posts"}],"about":[{"href":"https:\/\/ecolatina.com\/en\/wp-json\/wp\/v2\/types\/post"}],"author":[{"embeddable":true,"href":"https:\/\/ecolatina.com\/en\/wp-json\/wp\/v2\/users\/2"}],"replies":[{"embeddable":true,"href":"https:\/\/ecolatina.com\/en\/wp-json\/wp\/v2\/comments?post=3549"}],"version-history":[{"count":1,"href":"https:\/\/ecolatina.com\/en\/wp-json\/wp\/v2\/posts\/3549\/revisions"}],"predecessor-version":[{"id":3552,"href":"https:\/\/ecolatina.com\/en\/wp-json\/wp\/v2\/posts\/3549\/revisions\/3552"}],"wp:featuredmedia":[{"embeddable":true,"href":"https:\/\/ecolatina.com\/en\/wp-json\/wp\/v2\/media\/3551"}],"wp:attachment":[{"href":"https:\/\/ecolatina.com\/en\/wp-json\/wp\/v2\/media?parent=3549"}],"wp:term":[{"taxonomy":"category","embeddable":true,"href":"https:\/\/ecolatina.com\/en\/wp-json\/wp\/v2\/categories?post=3549"},{"taxonomy":"post_tag","embeddable":true,"href":"https:\/\/ecolatina.com\/en\/wp-json\/wp\/v2\/tags?post=3549"}],"curies":[{"name":"wp","href":"https:\/\/api.w.org\/{rel}","templated":true}]}}