{"id":3625,"date":"2024-07-25T16:40:58","date_gmt":"2024-07-25T19:40:58","guid":{"rendered":"https:\/\/ecolatina.com\/2024\/07\/25\/primer-semestre-el-superavit-comercial-mas-alto-de-los-ultimos-15-anos\/"},"modified":"2024-07-25T16:40:58","modified_gmt":"2024-07-25T19:40:58","slug":"primer-semestre-el-superavit-comercial-mas-alto-de-los-ultimos-15-anos","status":"publish","type":"post","link":"https:\/\/ecolatina.com\/en\/2024\/07\/25\/primer-semestre-el-superavit-comercial-mas-alto-de-los-ultimos-15-anos\/","title":{"rendered":"Primer semestre: el super\u00e1vit comercial m\u00e1s alto de los \u00faltimos 15 a\u00f1os"},"content":{"rendered":"<p><em>El saldo comercial fue de USD 1.911 M en junio. De esta manera, se acumul\u00f3 un saldo de USD 10.639 M en el primer semestre del a\u00f1o, observando el saldo comercial m\u00e1s elevado en los \u00faltimos 15 a\u00f1os.<\/em><\/p>\n<p><em>Al igual que en los meses anteriores, el resultado se explic\u00f3 por una ca\u00edda muy pronunciada de las importaciones, en l\u00ednea con el deterioro de la actividad econ\u00f3mica, y en menor medida por una mejora en las exportaciones, como consecuencia de la mejora tras la sequ\u00eda del 2023.<\/em><\/p>\n<p><em>El super\u00e1vit comercial es clave en la estrategia actual del Gobierno. Sin embargo, no es lo mismo el saldo devengado publicado por el INDEC que la acumulaci\u00f3n de Reservas mediante del BCRA en el MULC. En tal sentido, habr\u00e1 que estar atentos a c\u00f3mo la din\u00e1mica de las expectativas puede complejizar la recomposici\u00f3n de Reservas en los pr\u00f3ximos meses.<\/em><\/p>\n<p style=\"margin-top: 12.0pt;background: white\"><strong>El saldo comercial fue de USD 1.911 M en junio<\/strong>. De esta manera, se acumul\u00f3 un super\u00e1vit de USD 10.639 M en el primer semestre del a\u00f1o, observando el saldo comercial m\u00e1s elevado desde al menos los \u00faltimos 15 a\u00f1os. Al igual que en los meses anteriores,<strong> el resultado se explic\u00f3 por una ca\u00edda muy pronunciada de las importaciones,<\/strong> en l\u00ednea con el deterioro de la actividad econ\u00f3mica, <strong>y en menor medida por una mejora en las exportaciones,<\/strong> como consecuencia de la mejora tras la sequ\u00eda.<\/p>\n<p>&nbsp;<\/p>\n<p><img fetchpriority=\"high\" decoding=\"async\" class=\"wp-image-17317 alignnone\" src=\"http:\/\/ecolatina-2018.appspot.com.storage.googleapis.com\/Captura-de-pantalla-2024-07-25-162857.png\" alt=\"\" width=\"617\" height=\"344\" \/><\/p>\n<p>&nbsp;<\/p>\n<p>M\u00e1s en detalle, <strong>la ca\u00edda en las importaciones fue de -35,4% i.a. en el sexto mes del a\u00f1o (USD 4.679 M),<\/strong> acumulando USD 27.423 M en los primeros seis meses. Al interior, el deterioro se observ\u00f3 por una ca\u00edda en las cantidades (-34,5% i.a.) como consecuencia de la ca\u00edda de la demanda y la producci\u00f3n interna, y, en menor medida, por una contracci\u00f3n de los precios (-1,7%).<\/p>\n<p>Del mismo modo, <strong>todos<\/strong><strong>\u00a0los grandes rubros exhibieron una contracci\u00f3n en los valores de las compras externas<\/strong>, explicado principalmente por un deterioro en las cantidades. La ca\u00edda m\u00e1s grande se observ\u00f3 en Bienes Intermedios (-37,6% i.a. en valores) con un saldo de USD 1.794 M, mientras que le sigui\u00f3 Piezas y accesorios de bienes de capital (-37,3% i.a., USD 881 M) y Bienes de capital (-34,8% i.a., USD 606 M). Por su parte, Veh\u00edculos automotores de pasajeros cay\u00f3 -33,5% i.a. (USD 146 M) y los bienes de consumo un -29,7% i.a. con un saldo de USD 468 M.<\/p>\n<p><strong>Las exportacione<\/strong><strong>s fueron USD 6.590 M en el mes (+21,7% i.a.), acumulando una suba de USD 38.062 M en el primer semestre (+13,7% i.a.). <\/strong>Al interior, la mejora se explic\u00f3 por una suba en las cantidades (+30,2% i.a.), mientras que los precios jugaron a la baja (-6,6% i.a.).<\/p>\n<p><img decoding=\"async\" class=\"wp-image-17318 aligncenter\" src=\"http:\/\/ecolatina-2018.appspot.com.storage.googleapis.com\/Captura-de-pantalla-2024-07-25-162530.png\" alt=\"\" width=\"522\" height=\"288\" \/><\/p>\n<p><strong>Todos los grandes rubros de las ventas externas tuvieron subas en el mes.<\/strong> La suba m\u00e1s pronunciada se observ\u00f3 en el rubro de Productos Primarios (PP) con un aumento de USD 1.785 M (+40,1% i.a.). En la misma l\u00ednea, las Manufacturas de Origen Agropecuario (MOA) fueron de USD 2.544 M, reflejando un crecimiento de 16,1% i.a. A diferencia del resto de los meses del a\u00f1o, las Manufacturas de Origen Industrial (MOI) se situaron en USD 1.633 M con una suba de 13,1% i.a. respecto al mismo mes del a\u00f1o anterior, explicado por una mejora en las cantidades exportadas.<\/p>\n<h3><strong>Primer d\u00e9ficit comercial energ\u00e9tico del a\u00f1o<\/strong><\/h3>\n<p><strong>La balanza comercial energ\u00e9tica tuvo d\u00e9ficit en junio<\/strong>: las exportaciones fueron USD 629 M, mientras que las importaciones fueron de USD 761 M, en l\u00ednea a las mayores necesidades de abastecimiento por factores estacionales debido al invierno. De esta manera,<strong> el d\u00e9ficit fue de USD 132 M, revirtiendo el saldo superavitario por primera vez en once meses. <\/strong>Sin embargo, el saldo comercial acumul\u00f3 USD 2.712 M en el primer semestre: las exportaciones acumularon USD 4.686 M, mientras que las importaciones fueron de USD 1.974 M en los primeros seis meses del a\u00f1o.<\/p>\n<h3><strong>\u00bfQu\u00e9 esperamos para el segundo semestre?<\/strong><\/h3>\n<p>Durante el segundo semestre esperamos una persistencia del super\u00e1vit comercial, <strong>aunque se ir\u00eda achicando con el transcurrir de los meses. <\/strong>Respecto a las<strong> exportaciones,<\/strong> la recuperaci\u00f3n luego de la sequ\u00eda mantendr\u00e1 las cantidades exportadas al alza, con un buen desempe\u00f1o en los productos primarios y MOA. Adem\u00e1s, las ventas externas energ\u00e9ticas y mineras seguir\u00e1n mostrando una evoluci\u00f3n positiva.<\/p>\n<p>Por el lado de las <strong>importaciones,<\/strong> estimamos que seguir\u00e1n en rojo producto de una fuerte ca\u00edda en las cantidades: las compras externas suelen ser m\u00e1s sensibles en periodos de recesi\u00f3n econ\u00f3mica. Sin embargo, en la medida que la recuperaci\u00f3n de la actividad econ\u00f3mica persista, tendr\u00e1 un correlato en una mejora (o al menos desaceleraci\u00f3n de la ca\u00edda) de las compras externas. As\u00ed, podr\u00eda existir una recuperaci\u00f3n de las importaciones de determinados segmentos vinculados a bienes de consumo y a la producci\u00f3n, v\u00eda el incentivo extra que trae aparejado la eliminaci\u00f3n de las restricciones a las importaciones y las medidas de desregulaci\u00f3n del comercio.<\/p>\n<p>Adem\u00e1s, <strong>la reciente suba en la brecha cambiaria y la apreciaci\u00f3n del tipo de cambio real<\/strong> pueden generar el incentivo a adelantar importaciones en la medida que se incrementen las expectativas de devaluaci\u00f3n. No obstante, dicho efecto podr\u00eda estar en parte moderado por el anuncio de la reducci\u00f3n del Impuesto PAIS desde septiembre.<\/p>\n<p>Claramente, el <strong>super\u00e1vit comercial<\/strong> es clave en la estrategia actual del Gobierno. Sin embargo, no es lo mismo el saldo devengado publicado por el INDEC que la acumulaci\u00f3n efectiva de Reservas mediante las operaciones del BCRA en el MULC. En tal sentido, habr\u00e1 que estar atentos a c\u00f3mo la din\u00e1mica de las expectativas puede complejizar la recomposici\u00f3n de Reservas en los pr\u00f3ximos meses una vez superada la liquidaci\u00f3n de la cosecha y en el marco de mayores pagos por importaciones.<\/p>\n<p>&nbsp;<\/p>\n<p>&nbsp;<\/p>\n<p>&nbsp;<\/p>\n<p>&nbsp;<\/p>","protected":false},"excerpt":{"rendered":"<p>El saldo comercial fue de USD 1.911 M en junio. De esta manera, se acumul\u00f3 un saldo de USD 10.639 M en el primer semestre del a\u00f1o, observando el saldo comercial m\u00e1s elevado en los \u00faltimos 15 a\u00f1os. Al igual que en los meses anteriores, el resultado se explic\u00f3 por [&hellip;]<\/p>\n","protected":false},"author":2,"featured_media":3626,"comment_status":"","ping_status":"","sticky":false,"template":"","format":"standard","meta":{"author_name":"Ana Albin","image_url":"http:\/\/ecolatina-2018.appspot.com.storage.googleapis.com\/COMERCIO-EXTERIOR-1.png","_joinchat":[],"footnotes":""},"categories":[1],"tags":[],"class_list":["post-3625","post","type-post","status-publish","format-standard","has-post-thumbnail","hentry","category-sin-categoria"],"aioseo_notices":[],"yoast_head":"<!-- This site is optimized with the Yoast SEO plugin v27.5 - https:\/\/yoast.com\/product\/yoast-seo-wordpress\/ -->\n<title>Primer semestre: el super\u00e1vit comercial m\u00e1s alto de los \u00faltimos 15 a\u00f1os - Ecolatina<\/title>\n<meta name=\"robots\" content=\"index, follow, max-snippet:-1, max-image-preview:large, max-video-preview:-1\" \/>\n<link rel=\"canonical\" href=\"https:\/\/ecolatina.com\/en\/2024\/07\/25\/primer-semestre-el-superavit-comercial-mas-alto-de-los-ultimos-15-anos\/\" \/>\n<meta property=\"og:locale\" content=\"en_US\" \/>\n<meta property=\"og:type\" content=\"article\" \/>\n<meta property=\"og:title\" content=\"Primer semestre: el super\u00e1vit comercial m\u00e1s alto de los \u00faltimos 15 a\u00f1os - Ecolatina\" \/>\n<meta property=\"og:description\" content=\"El saldo comercial fue de USD 1.911 M en junio. De esta manera, se acumul\u00f3 un saldo de USD 10.639 M en el primer semestre del a\u00f1o, observando el saldo comercial m\u00e1s elevado en los \u00faltimos 15 a\u00f1os. Al igual que en los meses anteriores, el resultado se explic\u00f3 por [&hellip;]\" \/>\n<meta property=\"og:url\" content=\"https:\/\/ecolatina.com\/en\/2024\/07\/25\/primer-semestre-el-superavit-comercial-mas-alto-de-los-ultimos-15-anos\/\" \/>\n<meta property=\"og:site_name\" content=\"Ecolatina\" \/>\n<meta property=\"article:published_time\" content=\"2024-07-25T19:40:58+00:00\" \/>\n<meta property=\"og:image\" content=\"http:\/\/ecolatina-2018.appspot.com.storage.googleapis.com\/Captura-de-pantalla-2024-07-25-162857.png\" \/>\n<meta name=\"author\" content=\"AppVisor Blog Bot\" \/>\n<meta name=\"twitter:card\" content=\"summary_large_image\" \/>\n<meta name=\"twitter:creator\" content=\"@Ecolatina_Arg\" \/>\n<meta name=\"twitter:site\" content=\"@Ecolatina_Arg\" \/>\n<meta name=\"twitter:label1\" content=\"Written by\" \/>\n\t<meta name=\"twitter:data1\" content=\"AppVisor Blog Bot\" \/>\n\t<meta name=\"twitter:label2\" content=\"Est. reading time\" \/>\n\t<meta name=\"twitter:data2\" content=\"5 minutes\" \/>\n<script type=\"application\/ld+json\" class=\"yoast-schema-graph\">{\"@context\":\"https:\\\/\\\/schema.org\",\"@graph\":[{\"@type\":\"Article\",\"@id\":\"https:\\\/\\\/ecolatina.com\\\/2024\\\/07\\\/25\\\/primer-semestre-el-superavit-comercial-mas-alto-de-los-ultimos-15-anos\\\/#article\",\"isPartOf\":{\"@id\":\"https:\\\/\\\/ecolatina.com\\\/2024\\\/07\\\/25\\\/primer-semestre-el-superavit-comercial-mas-alto-de-los-ultimos-15-anos\\\/\"},\"author\":{\"name\":\"AppVisor Blog Bot\",\"@id\":\"https:\\\/\\\/ecolatina.com\\\/#\\\/schema\\\/person\\\/ff70142206e33eb083069905ccc586b0\"},\"headline\":\"Primer semestre: el super\u00e1vit comercial m\u00e1s alto de los \u00faltimos 15 a\u00f1os\",\"datePublished\":\"2024-07-25T19:40:58+00:00\",\"mainEntityOfPage\":{\"@id\":\"https:\\\/\\\/ecolatina.com\\\/2024\\\/07\\\/25\\\/primer-semestre-el-superavit-comercial-mas-alto-de-los-ultimos-15-anos\\\/\"},\"wordCount\":1024,\"publisher\":{\"@id\":\"https:\\\/\\\/ecolatina.com\\\/#organization\"},\"image\":{\"@id\":\"https:\\\/\\\/ecolatina.com\\\/2024\\\/07\\\/25\\\/primer-semestre-el-superavit-comercial-mas-alto-de-los-ultimos-15-anos\\\/#primaryimage\"},\"thumbnailUrl\":\"https:\\\/\\\/ecolatina.com\\\/wp-content\\\/uploads\\\/2024\\\/07\\\/COMERCIO-EXTERIOR-1.png\",\"articleSection\":[\"Sin categor\u00eda\"],\"inLanguage\":\"en-US\"},{\"@type\":\"WebPage\",\"@id\":\"https:\\\/\\\/ecolatina.com\\\/2024\\\/07\\\/25\\\/primer-semestre-el-superavit-comercial-mas-alto-de-los-ultimos-15-anos\\\/\",\"url\":\"https:\\\/\\\/ecolatina.com\\\/2024\\\/07\\\/25\\\/primer-semestre-el-superavit-comercial-mas-alto-de-los-ultimos-15-anos\\\/\",\"name\":\"Primer semestre: el super\u00e1vit comercial m\u00e1s alto de los \u00faltimos 15 a\u00f1os - Ecolatina\",\"isPartOf\":{\"@id\":\"https:\\\/\\\/ecolatina.com\\\/#website\"},\"primaryImageOfPage\":{\"@id\":\"https:\\\/\\\/ecolatina.com\\\/2024\\\/07\\\/25\\\/primer-semestre-el-superavit-comercial-mas-alto-de-los-ultimos-15-anos\\\/#primaryimage\"},\"image\":{\"@id\":\"https:\\\/\\\/ecolatina.com\\\/2024\\\/07\\\/25\\\/primer-semestre-el-superavit-comercial-mas-alto-de-los-ultimos-15-anos\\\/#primaryimage\"},\"thumbnailUrl\":\"https:\\\/\\\/ecolatina.com\\\/wp-content\\\/uploads\\\/2024\\\/07\\\/COMERCIO-EXTERIOR-1.png\",\"datePublished\":\"2024-07-25T19:40:58+00:00\",\"breadcrumb\":{\"@id\":\"https:\\\/\\\/ecolatina.com\\\/2024\\\/07\\\/25\\\/primer-semestre-el-superavit-comercial-mas-alto-de-los-ultimos-15-anos\\\/#breadcrumb\"},\"inLanguage\":\"en-US\",\"potentialAction\":[{\"@type\":\"ReadAction\",\"target\":[\"https:\\\/\\\/ecolatina.com\\\/2024\\\/07\\\/25\\\/primer-semestre-el-superavit-comercial-mas-alto-de-los-ultimos-15-anos\\\/\"]}]},{\"@type\":\"ImageObject\",\"inLanguage\":\"en-US\",\"@id\":\"https:\\\/\\\/ecolatina.com\\\/2024\\\/07\\\/25\\\/primer-semestre-el-superavit-comercial-mas-alto-de-los-ultimos-15-anos\\\/#primaryimage\",\"url\":\"https:\\\/\\\/ecolatina.com\\\/wp-content\\\/uploads\\\/2024\\\/07\\\/COMERCIO-EXTERIOR-1.png\",\"contentUrl\":\"https:\\\/\\\/ecolatina.com\\\/wp-content\\\/uploads\\\/2024\\\/07\\\/COMERCIO-EXTERIOR-1.png\",\"width\":2667,\"height\":1754},{\"@type\":\"BreadcrumbList\",\"@id\":\"https:\\\/\\\/ecolatina.com\\\/2024\\\/07\\\/25\\\/primer-semestre-el-superavit-comercial-mas-alto-de-los-ultimos-15-anos\\\/#breadcrumb\",\"itemListElement\":[{\"@type\":\"ListItem\",\"position\":1,\"name\":\"Inicio\",\"item\":\"https:\\\/\\\/ecolatina.com\\\/\"},{\"@type\":\"ListItem\",\"position\":2,\"name\":\"Primer semestre: el super\u00e1vit comercial m\u00e1s alto de los \u00faltimos 15 a\u00f1os\"}]},{\"@type\":\"WebSite\",\"@id\":\"https:\\\/\\\/ecolatina.com\\\/#website\",\"url\":\"https:\\\/\\\/ecolatina.com\\\/\",\"name\":\"Ecolatina\",\"description\":\"Tu socio estrat\u00e9gico para la toma de decisiones \",\"publisher\":{\"@id\":\"https:\\\/\\\/ecolatina.com\\\/#organization\"},\"potentialAction\":[{\"@type\":\"SearchAction\",\"target\":{\"@type\":\"EntryPoint\",\"urlTemplate\":\"https:\\\/\\\/ecolatina.com\\\/?s={search_term_string}\"},\"query-input\":{\"@type\":\"PropertyValueSpecification\",\"valueRequired\":true,\"valueName\":\"search_term_string\"}}],\"inLanguage\":\"en-US\"},{\"@type\":\"Organization\",\"@id\":\"https:\\\/\\\/ecolatina.com\\\/#organization\",\"name\":\"Ecolatina\",\"url\":\"https:\\\/\\\/ecolatina.com\\\/\",\"logo\":{\"@type\":\"ImageObject\",\"inLanguage\":\"en-US\",\"@id\":\"https:\\\/\\\/ecolatina.com\\\/#\\\/schema\\\/logo\\\/image\\\/\",\"url\":\"https:\\\/\\\/ecolatina.com\\\/wp-content\\\/uploads\\\/2023\\\/05\\\/Ecolatina_logo_01-verde-sin-tagline.png\",\"contentUrl\":\"https:\\\/\\\/ecolatina.com\\\/wp-content\\\/uploads\\\/2023\\\/05\\\/Ecolatina_logo_01-verde-sin-tagline.png\",\"width\":1008,\"height\":260,\"caption\":\"Ecolatina\"},\"image\":{\"@id\":\"https:\\\/\\\/ecolatina.com\\\/#\\\/schema\\\/logo\\\/image\\\/\"},\"sameAs\":[\"https:\\\/\\\/x.com\\\/Ecolatina_Arg\",\"https:\\\/\\\/www.linkedin.com\\\/company\\\/ecolatina\\\/?originalSubdomain=ar\"]},{\"@type\":\"Person\",\"@id\":\"https:\\\/\\\/ecolatina.com\\\/#\\\/schema\\\/person\\\/ff70142206e33eb083069905ccc586b0\",\"name\":\"AppVisor Blog Bot\",\"url\":\"https:\\\/\\\/ecolatina.com\\\/en\\\/author\\\/appvisorblogbot\\\/\"}]}<\/script>\n<!-- \/ Yoast SEO plugin. -->","yoast_head_json":{"title":"Primer semestre: el super\u00e1vit comercial m\u00e1s alto de los \u00faltimos 15 a\u00f1os - Ecolatina","robots":{"index":"index","follow":"follow","max-snippet":"max-snippet:-1","max-image-preview":"max-image-preview:large","max-video-preview":"max-video-preview:-1"},"canonical":"https:\/\/ecolatina.com\/en\/2024\/07\/25\/primer-semestre-el-superavit-comercial-mas-alto-de-los-ultimos-15-anos\/","og_locale":"en_US","og_type":"article","og_title":"Primer semestre: el super\u00e1vit comercial m\u00e1s alto de los \u00faltimos 15 a\u00f1os - Ecolatina","og_description":"El saldo comercial fue de USD 1.911 M en junio. De esta manera, se acumul\u00f3 un saldo de USD 10.639 M en el primer semestre del a\u00f1o, observando el saldo comercial m\u00e1s elevado en los \u00faltimos 15 a\u00f1os. Al igual que en los meses anteriores, el resultado se explic\u00f3 por [&hellip;]","og_url":"https:\/\/ecolatina.com\/en\/2024\/07\/25\/primer-semestre-el-superavit-comercial-mas-alto-de-los-ultimos-15-anos\/","og_site_name":"Ecolatina","article_published_time":"2024-07-25T19:40:58+00:00","og_image":[{"url":"http:\/\/ecolatina-2018.appspot.com.storage.googleapis.com\/Captura-de-pantalla-2024-07-25-162857.png","type":"","width":"","height":""}],"author":"AppVisor Blog Bot","twitter_card":"summary_large_image","twitter_creator":"@Ecolatina_Arg","twitter_site":"@Ecolatina_Arg","twitter_misc":{"Written by":"AppVisor Blog Bot","Est. reading time":"5 minutes"},"schema":{"@context":"https:\/\/schema.org","@graph":[{"@type":"Article","@id":"https:\/\/ecolatina.com\/2024\/07\/25\/primer-semestre-el-superavit-comercial-mas-alto-de-los-ultimos-15-anos\/#article","isPartOf":{"@id":"https:\/\/ecolatina.com\/2024\/07\/25\/primer-semestre-el-superavit-comercial-mas-alto-de-los-ultimos-15-anos\/"},"author":{"name":"AppVisor Blog Bot","@id":"https:\/\/ecolatina.com\/#\/schema\/person\/ff70142206e33eb083069905ccc586b0"},"headline":"Primer semestre: el super\u00e1vit comercial m\u00e1s alto de los \u00faltimos 15 a\u00f1os","datePublished":"2024-07-25T19:40:58+00:00","mainEntityOfPage":{"@id":"https:\/\/ecolatina.com\/2024\/07\/25\/primer-semestre-el-superavit-comercial-mas-alto-de-los-ultimos-15-anos\/"},"wordCount":1024,"publisher":{"@id":"https:\/\/ecolatina.com\/#organization"},"image":{"@id":"https:\/\/ecolatina.com\/2024\/07\/25\/primer-semestre-el-superavit-comercial-mas-alto-de-los-ultimos-15-anos\/#primaryimage"},"thumbnailUrl":"https:\/\/ecolatina.com\/wp-content\/uploads\/2024\/07\/COMERCIO-EXTERIOR-1.png","articleSection":["Sin categor\u00eda"],"inLanguage":"en-US"},{"@type":"WebPage","@id":"https:\/\/ecolatina.com\/2024\/07\/25\/primer-semestre-el-superavit-comercial-mas-alto-de-los-ultimos-15-anos\/","url":"https:\/\/ecolatina.com\/2024\/07\/25\/primer-semestre-el-superavit-comercial-mas-alto-de-los-ultimos-15-anos\/","name":"Primer semestre: el super\u00e1vit comercial m\u00e1s alto de los \u00faltimos 15 a\u00f1os - Ecolatina","isPartOf":{"@id":"https:\/\/ecolatina.com\/#website"},"primaryImageOfPage":{"@id":"https:\/\/ecolatina.com\/2024\/07\/25\/primer-semestre-el-superavit-comercial-mas-alto-de-los-ultimos-15-anos\/#primaryimage"},"image":{"@id":"https:\/\/ecolatina.com\/2024\/07\/25\/primer-semestre-el-superavit-comercial-mas-alto-de-los-ultimos-15-anos\/#primaryimage"},"thumbnailUrl":"https:\/\/ecolatina.com\/wp-content\/uploads\/2024\/07\/COMERCIO-EXTERIOR-1.png","datePublished":"2024-07-25T19:40:58+00:00","breadcrumb":{"@id":"https:\/\/ecolatina.com\/2024\/07\/25\/primer-semestre-el-superavit-comercial-mas-alto-de-los-ultimos-15-anos\/#breadcrumb"},"inLanguage":"en-US","potentialAction":[{"@type":"ReadAction","target":["https:\/\/ecolatina.com\/2024\/07\/25\/primer-semestre-el-superavit-comercial-mas-alto-de-los-ultimos-15-anos\/"]}]},{"@type":"ImageObject","inLanguage":"en-US","@id":"https:\/\/ecolatina.com\/2024\/07\/25\/primer-semestre-el-superavit-comercial-mas-alto-de-los-ultimos-15-anos\/#primaryimage","url":"https:\/\/ecolatina.com\/wp-content\/uploads\/2024\/07\/COMERCIO-EXTERIOR-1.png","contentUrl":"https:\/\/ecolatina.com\/wp-content\/uploads\/2024\/07\/COMERCIO-EXTERIOR-1.png","width":2667,"height":1754},{"@type":"BreadcrumbList","@id":"https:\/\/ecolatina.com\/2024\/07\/25\/primer-semestre-el-superavit-comercial-mas-alto-de-los-ultimos-15-anos\/#breadcrumb","itemListElement":[{"@type":"ListItem","position":1,"name":"Inicio","item":"https:\/\/ecolatina.com\/"},{"@type":"ListItem","position":2,"name":"Primer semestre: el super\u00e1vit comercial m\u00e1s alto de los \u00faltimos 15 a\u00f1os"}]},{"@type":"WebSite","@id":"https:\/\/ecolatina.com\/#website","url":"https:\/\/ecolatina.com\/","name":"Ecolatina","description":"Tu socio estrat\u00e9gico para la toma de decisiones","publisher":{"@id":"https:\/\/ecolatina.com\/#organization"},"potentialAction":[{"@type":"SearchAction","target":{"@type":"EntryPoint","urlTemplate":"https:\/\/ecolatina.com\/?s={search_term_string}"},"query-input":{"@type":"PropertyValueSpecification","valueRequired":true,"valueName":"search_term_string"}}],"inLanguage":"en-US"},{"@type":"Organization","@id":"https:\/\/ecolatina.com\/#organization","name":"Ecolatina","url":"https:\/\/ecolatina.com\/","logo":{"@type":"ImageObject","inLanguage":"en-US","@id":"https:\/\/ecolatina.com\/#\/schema\/logo\/image\/","url":"https:\/\/ecolatina.com\/wp-content\/uploads\/2023\/05\/Ecolatina_logo_01-verde-sin-tagline.png","contentUrl":"https:\/\/ecolatina.com\/wp-content\/uploads\/2023\/05\/Ecolatina_logo_01-verde-sin-tagline.png","width":1008,"height":260,"caption":"Ecolatina"},"image":{"@id":"https:\/\/ecolatina.com\/#\/schema\/logo\/image\/"},"sameAs":["https:\/\/x.com\/Ecolatina_Arg","https:\/\/www.linkedin.com\/company\/ecolatina\/?originalSubdomain=ar"]},{"@type":"Person","@id":"https:\/\/ecolatina.com\/#\/schema\/person\/ff70142206e33eb083069905ccc586b0","name":"AppVisor Blog Bot","url":"https:\/\/ecolatina.com\/en\/author\/appvisorblogbot\/"}]}},"_links":{"self":[{"href":"https:\/\/ecolatina.com\/en\/wp-json\/wp\/v2\/posts\/3625","targetHints":{"allow":["GET"]}}],"collection":[{"href":"https:\/\/ecolatina.com\/en\/wp-json\/wp\/v2\/posts"}],"about":[{"href":"https:\/\/ecolatina.com\/en\/wp-json\/wp\/v2\/types\/post"}],"author":[{"embeddable":true,"href":"https:\/\/ecolatina.com\/en\/wp-json\/wp\/v2\/users\/2"}],"replies":[{"embeddable":true,"href":"https:\/\/ecolatina.com\/en\/wp-json\/wp\/v2\/comments?post=3625"}],"version-history":[{"count":0,"href":"https:\/\/ecolatina.com\/en\/wp-json\/wp\/v2\/posts\/3625\/revisions"}],"wp:featuredmedia":[{"embeddable":true,"href":"https:\/\/ecolatina.com\/en\/wp-json\/wp\/v2\/media\/3626"}],"wp:attachment":[{"href":"https:\/\/ecolatina.com\/en\/wp-json\/wp\/v2\/media?parent=3625"}],"wp:term":[{"taxonomy":"category","embeddable":true,"href":"https:\/\/ecolatina.com\/en\/wp-json\/wp\/v2\/categories?post=3625"},{"taxonomy":"post_tag","embeddable":true,"href":"https:\/\/ecolatina.com\/en\/wp-json\/wp\/v2\/tags?post=3625"}],"curies":[{"name":"wp","href":"https:\/\/api.w.org\/{rel}","templated":true}]}}