{"id":3666,"date":"2024-08-30T19:18:08","date_gmt":"2024-08-30T22:18:08","guid":{"rendered":"https:\/\/ecolatina.com\/2024\/08\/30\/que-pasa-con-la-baja-del-impuesto-pais\/"},"modified":"2024-08-30T19:18:13","modified_gmt":"2024-08-30T22:18:13","slug":"que-pasa-con-la-baja-del-impuesto-pais","status":"publish","type":"post","link":"https:\/\/ecolatina.com\/en\/2024\/08\/30\/que-pasa-con-la-baja-del-impuesto-pais\/","title":{"rendered":"\u00bfQu\u00e9 pasa con la baja del Impuesto PAIS?"},"content":{"rendered":"<p><em>Culmina una semana relativamente tranquila. La brecha cambiaria, continu\u00f3 con la leve tendencia bajista las \u00faltimas semanas, al tiempo que los futuros de d\u00f3lar siguieron retrocediendo. Por su parte, el BCRA mantuvo las compras en el MULC, aunque por debajo de la semana previa. Asimismo, el riesgo pa\u00eds perfor\u00f3 los 1.500 puntos. <\/em><\/p>\n<p>La principal novedad de la semana se centr\u00f3 en la confirmaci\u00f3n de reducci\u00f3n del Impuesto PAIS a partir del lunes pr\u00f3ximo, <em>retrotrayendo la al\u00edcuota al 7,5% (ahora en 17,5%) que reg\u00eda sobre las importaciones de bienes y fletes previo al cambio de mandato en diciembre del 2023. Asimismo, seg\u00fan se desprende de las declaraciones, la reducci\u00f3n de la al\u00edcuota no ser\u00eda compensada con un aumento del tipo de cambio oficial, generando impactos sobre los ingresos del fisco y el nivel de precios. M\u00e1s all\u00e1 de ello, el equipo econ\u00f3mico refuerza las se\u00f1ales en su compromiso con la baja de la brecha y mantener a raya la nominalidad, a\u00fan a costa de desprenderse de reservas. Y es que, el abaratamiento del TC importador y el acotamiento de plazos para acceder al MULC se inserta en la b\u00fasqueda por atraer nuevamente al mercado oficial una demanda de divisas en los d\u00f3lares paralelos, que s\u00f3lo durante el primer semestre cruz\u00f3 pagos por un tercio de las importaciones v\u00eda CCL. Con la postergaci\u00f3n de importaciones que tuvo lugar durante agosto a la espera de la reducci\u00f3n del Impuesto PAIS, la demanda de divisas por importaciones tornar\u00e1 una din\u00e1mica creciente en el marco de una actividad con leves signos de recuperaci\u00f3n, que pone un piso cada vez mayor. <\/em><\/p>\n<p><em>Por estas razones, hacia adelante el panorama en el MULC luce poco alentador y, por consiguiente, se volver\u00e1 m\u00e1s desafiante la acumulaci\u00f3n de Reservas. En lo que resta de 2024, el mencionado efecto sobre la demanda de divisas se solapar\u00e1 con una temporada alta de la liquidaci\u00f3n llegando a su fin, abriendo el interrogante en torno a qu\u00e9 tan\u00a0sostenible es el esquema actual sin el agro\u00a0aportando USD para recomponer reservas y contener la brecha.<\/em><\/p>\n<p>\u00a0<\/p>\n<p>Culmina una semana relativamente tranquila. La <strong>brecha cambiaria<\/strong> continu\u00f3 con la leve tendencia bajista de las \u00faltimas semanas y se ubica pr\u00f3xima al 35%, al tiempo que los <strong>futuros de d\u00f3lar<\/strong> siguieron retrocediendo. Por su parte, el <strong>BCRA<\/strong> <strong>mantuvo las compras <\/strong>en el MULC al hacerse de USD 80 M (vs USD 230 M la semana previa). Asimismo, despejado el ruido proveniente del Senado tras la aprobaci\u00f3n de la ley de movilidad, el <strong>riesgo pa\u00eds <\/strong>perfor\u00f3 los 1.500 puntos.<\/p>\n<p>Con todo, el foco se centr\u00f3 en la <strong>reducci\u00f3n del Impuesto PAIS<\/strong>. Las autoridades econ\u00f3micas confirmaron que el lunes pr\u00f3ximo se reducir\u00e1 la al\u00edcuota que grava las importaciones de bienes y fletes, retrotrayendo la misma al 7,5% (ahora en 17,5%) que reg\u00eda previo al cambio de mandato en diciembre del 2023.<\/p>\n<p>Por el tono de las declaraciones, dar\u00eda la impresi\u00f3n de que la reducci\u00f3n <strong>no ser\u00eda compensada por una suba del tipo de cambio oficial<\/strong>. Asumiendo esto, la consecuencia de dicha medida tiene impactos simult\u00e1neos en varios frentes.<\/p>\n<p>Por un lado, en el <strong>plano fiscal<\/strong> se reduce la al\u00edcuota de un ingreso sensible para el fisco. Para dimensionar, durante julio el d\u00e9ficit financiero marc\u00f3 $0,6 bn (primero desde el cambio de gesti\u00f3n) y se hubiera duplicado de no existir el aporte del Impuesto PAIS. No obstante, hacia adelante el Tesoro cuenta con los recursos extras de Ganancias tras la restituci\u00f3n de la cuarta categor\u00eda, y los ingresos transitorios provenientes del blanqueo (el cual viene marchando bien, a juzgar por la din\u00e1mica de los dep\u00f3sitos en USD del sistema financiero de los \u00faltimos d\u00edas) y la moratoria.<\/p>\n<p>Por otro lado, si bien podr\u00eda ser una herramienta que ayude a reducir <strong>el nivel de precios<\/strong> de los bienes transables en la econom\u00eda, lo cierto es que no son pocos los factores que dificultan vislumbrar un efecto concreto en la din\u00e1mica inflacionaria. Para empezar, ya se anunci\u00f3 que tendr\u00e1 lugar un nuevo ajuste de los precios regulados en alg\u00fan momento de los pr\u00f3ximos meses. \u00a0<\/p>\n<p>Pero m\u00e1s all\u00e1 de ello, para que la medida tenga alg\u00fan tipo de impacto ser\u00e1 esencial mantener las <strong>expectativas de devaluaci\u00f3n a raya <\/strong>para que este menor costo sea percibido como sostenible en el tiempo por los importadores. Si bien la curva de los d\u00f3lares futuros se viene reduciendo y se encuentra alejada de la t\u00f3nica de principios de 2024, a\u00fan se encuentra por encima del deslizamiento cambiario oficial del 2% mensual.<\/p>\n<p>As\u00ed las cosas, la l\u00f3gica indicar\u00eda que tras el abaratamiento del tipo de cambio los <strong>importadores tendr\u00edan incentivos para volver al MULC<\/strong>, sumado al acortamiento de plazos de acceso que pas\u00f3 de cuatro a dos cuotas, el cual comenzar\u00eda a impactar a partir del mes pr\u00f3ximo.<\/p>\n<p>Justamente, el equipo econ\u00f3mico sigue dando se\u00f1ales de compromiso en <strong>reducir y mantener estable la brecha <\/strong>(y en un sentido m\u00e1s amplio la nominalidad), <strong>a\u00fan a costas de acumular menos reservas<\/strong>. Los incentivos planteados buscan atraer una demanda creciente de divisas en los d\u00f3lares financieros, que s\u00f3lo durante el primer semestre implic\u00f3 que un tercio del pago de importaciones se canalicen v\u00eda CCL.<\/p>\n<p>Como consecuencia, la <strong>demanda de divisas en el MULC se tornar\u00e1 creciente<\/strong>. Debido al esquema planteado, durante septiembre los importadores contar\u00e1n con acceso para cancelar el 25% de las compras externas por los meses de mayo a julio, sumado al 50% de aquellas correspondientes a agosto a ra\u00edz del nuevo esquema. El pico de la demanda tendr\u00eda lugar durante octubre, debido a la postergaci\u00f3n de importaciones evidenciada durante agosto a la espera de la reducci\u00f3n del Impuesto PAIS, lo que permiti\u00f3 al BCRA retomar las compras en el MULC.<\/p>\n<p>Este mayor acceso se da en el marco de una <strong>actividad con signos de recuperaci\u00f3n<\/strong>, que de sostenerse implicar\u00eda un piso de demanda cada vez mayor. No obstante, la regulaci\u00f3n que restringe la operaci\u00f3n cruzada entre MULC y CCL penalizando a una espera de 90 d\u00edas podr\u00eda suavizar, al menos temporalmente, esta demanda creciente. \u00a0<\/p>\n<p><img fetchpriority=\"high\" decoding=\"async\" class=\"aligncenter wp-image-17634 size-full\" src=\"http:\/\/ecolatina.duckdns.org\/wp-content\/uploads\/2024\/08\/Compras-y-demanda-MULC-2.png\" alt=\"\" width=\"1280\" height=\"720\" \/><\/p>\n<p>Por estas razones, hacia adelante el <strong>panorama en el MULC luce poco alentador<\/strong> y, por consiguiente, se volver\u00e1 m\u00e1s desafiante la acumulaci\u00f3n de Reservas. En lo que resta de 2024, el mencionado efecto sobre la demanda de divisas se solapar\u00e1 con una temporada alta de la liquidaci\u00f3n llegando a su fin, abriendo el interrogante en torno a qu\u00e9 tan\u00a0<strong>sostenible es el esquema actual sin el agro\u00a0<\/strong>aportando USD para recomponer reservas y contener la brecha.<\/p>\n<p>A\u00fan es m\u00e1s complejo el horizonte si se extiende hacia 2025, con las muestras de <strong>reticencia respecto al levantamiento del CEPO <\/strong>del equipo econ\u00f3mico y el presidente. Y es que, si bien el CEPO permitir\u00eda ganar cierto grado de libertad en la \u201cadministraci\u00f3n\u201d de la salida de divisas, dif\u00edcilmente permita llevar adelante la necesaria reducci\u00f3n del Riesgo Pa\u00eds y el ingreso de fondos desde el exterior (del FMI o privados) en un a\u00f1o que tendr\u00e1 una exigencia de vencimientos en moneda dura cercanos a los USD 11.000 M.<\/p>\n<h3>El BCRA compra divisas en el MULC<\/h3>\n<p>En la semana, <strong>el BCRA sostuvo las compras <\/strong>y adquiri\u00f3 USD 80 M, aunque desacelerando respecto a la semana previa (USD 230 M). De esta forma, la autoridad monetaria finaliz\u00f3 agosto con un saldo positivo por USD 536 M, m\u00e1s que compensando las ventas por USD 184 M que incurri\u00f3 durante junio y julio. Detr\u00e1s de ello, una liquidaci\u00f3n sostenida del agro y una demanda en stand by a la espera de la reducci\u00f3n del Impuesto PAIS impulso el desempe\u00f1o del BCRA. Con todo, las Reservas Netas (sin DEG) siguen en terreno negativo por USD 4.500 M al excluirse los dep\u00f3sitos del Tesoro en USD y sin restar el BOPREAL.<\/p>\n<h3>La brecha cambiaria se estabiliza<\/h3>\n<p><strong>La brecha cambiaria se mantuvo estable y a la baja en la semana<\/strong>. En n\u00fameros, el d\u00f3lar blue anot\u00f3 un recorte del 3,3% ($1.305), el MEP cay\u00f3 0,3% ($1.280) y el CCL subi\u00f3 1% ($1.298). En consecuencia, la brecha cambiaria promedio cerr\u00f3 la semana en 36%, 2p.p. por debajo del viernes previo. De esta forma, la evoluci\u00f3n reciente de los USD alternativos se encuentra influenciada por la nueva regla de intervenci\u00f3n cambiaria y la puesta en marcha del blanqueo.<\/p>\n<h3>Relativa estabilidad en los futuros de d\u00f3lar<\/h3>\n<p><strong>Los contratos a futuro del d\u00f3lar cierran neutros la semana<\/strong>. Puntualmente, los TC impl\u00edcitos en los contratos con vencimiento entre agosto y octubre (los m\u00e1s relevantes en cuanto al volumen) promediaron alzas de 0,1%, mientras que los contratos con vencimiento de octubre en adelante cayeron -0,1%. De esta forma, desde agosto hacia fines de a\u00f1o la variaci\u00f3n esperada promedia el 3,2% mensual.<\/p>","protected":false},"excerpt":{"rendered":"","protected":false},"author":2,"featured_media":3668,"comment_status":"closed","ping_status":"","sticky":false,"template":"","format":"standard","meta":{"author_name":"Kevin Pagnotta","image_url":"http:\/\/ecolatina.duckdns.org\/wp-content\/uploads\/2024\/08\/Fondo-cambiario-1.jpeg","_joinchat":[],"footnotes":""},"categories":[1],"tags":[],"class_list":["post-3666","post","type-post","status-publish","format-standard","has-post-thumbnail","hentry","category-sin-categoria"],"aioseo_notices":[],"yoast_head":"<!-- This site is optimized with the Yoast SEO plugin v27.5 - https:\/\/yoast.com\/product\/yoast-seo-wordpress\/ -->\n<title>\u00bfQu\u00e9 pasa con la baja del Impuesto PAIS? - Ecolatina<\/title>\n<meta name=\"robots\" content=\"index, follow, max-snippet:-1, max-image-preview:large, max-video-preview:-1\" \/>\n<link rel=\"canonical\" href=\"https:\/\/ecolatina.com\/en\/2024\/08\/30\/que-pasa-con-la-baja-del-impuesto-pais\/\" \/>\n<meta property=\"og:locale\" content=\"en_US\" \/>\n<meta property=\"og:type\" content=\"article\" \/>\n<meta property=\"og:title\" content=\"\u00bfQu\u00e9 pasa con la baja del Impuesto PAIS? - Ecolatina\" \/>\n<meta property=\"og:url\" content=\"https:\/\/ecolatina.com\/en\/2024\/08\/30\/que-pasa-con-la-baja-del-impuesto-pais\/\" \/>\n<meta property=\"og:site_name\" content=\"Ecolatina\" \/>\n<meta property=\"article:published_time\" content=\"2024-08-30T22:18:08+00:00\" \/>\n<meta property=\"article:modified_time\" content=\"2024-08-30T22:18:13+00:00\" \/>\n<meta property=\"og:image\" content=\"https:\/\/ecolatina.com\/wp-content\/uploads\/2024\/08\/Fondo-cambiario-1-1.jpeg\" \/>\n\t<meta property=\"og:image:width\" content=\"1280\" \/>\n\t<meta property=\"og:image:height\" content=\"842\" \/>\n\t<meta property=\"og:image:type\" content=\"image\/jpeg\" \/>\n<meta name=\"author\" content=\"AppVisor Blog Bot\" \/>\n<meta name=\"twitter:card\" content=\"summary_large_image\" \/>\n<meta name=\"twitter:creator\" content=\"@Ecolatina_Arg\" \/>\n<meta name=\"twitter:site\" content=\"@Ecolatina_Arg\" \/>\n<meta name=\"twitter:label1\" content=\"Written by\" \/>\n\t<meta name=\"twitter:data1\" content=\"AppVisor Blog Bot\" \/>\n\t<meta name=\"twitter:label2\" content=\"Est. reading time\" \/>\n\t<meta name=\"twitter:data2\" content=\"8 minutes\" \/>\n<script type=\"application\/ld+json\" class=\"yoast-schema-graph\">{\"@context\":\"https:\\\/\\\/schema.org\",\"@graph\":[{\"@type\":\"Article\",\"@id\":\"https:\\\/\\\/ecolatina.com\\\/2024\\\/08\\\/30\\\/que-pasa-con-la-baja-del-impuesto-pais\\\/#article\",\"isPartOf\":{\"@id\":\"https:\\\/\\\/ecolatina.com\\\/2024\\\/08\\\/30\\\/que-pasa-con-la-baja-del-impuesto-pais\\\/\"},\"author\":{\"name\":\"AppVisor Blog Bot\",\"@id\":\"https:\\\/\\\/ecolatina.com\\\/#\\\/schema\\\/person\\\/ff70142206e33eb083069905ccc586b0\"},\"headline\":\"\u00bfQu\u00e9 pasa con la baja del Impuesto PAIS?\",\"datePublished\":\"2024-08-30T22:18:08+00:00\",\"dateModified\":\"2024-08-30T22:18:13+00:00\",\"mainEntityOfPage\":{\"@id\":\"https:\\\/\\\/ecolatina.com\\\/2024\\\/08\\\/30\\\/que-pasa-con-la-baja-del-impuesto-pais\\\/\"},\"wordCount\":1513,\"publisher\":{\"@id\":\"https:\\\/\\\/ecolatina.com\\\/#organization\"},\"image\":{\"@id\":\"https:\\\/\\\/ecolatina.com\\\/2024\\\/08\\\/30\\\/que-pasa-con-la-baja-del-impuesto-pais\\\/#primaryimage\"},\"thumbnailUrl\":\"https:\\\/\\\/ecolatina.com\\\/wp-content\\\/uploads\\\/2024\\\/08\\\/Fondo-cambiario-1-2.jpeg\",\"articleSection\":[\"Sin categor\u00eda\"],\"inLanguage\":\"en-US\"},{\"@type\":\"WebPage\",\"@id\":\"https:\\\/\\\/ecolatina.com\\\/2024\\\/08\\\/30\\\/que-pasa-con-la-baja-del-impuesto-pais\\\/\",\"url\":\"https:\\\/\\\/ecolatina.com\\\/2024\\\/08\\\/30\\\/que-pasa-con-la-baja-del-impuesto-pais\\\/\",\"name\":\"\u00bfQu\u00e9 pasa con la baja del Impuesto PAIS? - Ecolatina\",\"isPartOf\":{\"@id\":\"https:\\\/\\\/ecolatina.com\\\/#website\"},\"primaryImageOfPage\":{\"@id\":\"https:\\\/\\\/ecolatina.com\\\/2024\\\/08\\\/30\\\/que-pasa-con-la-baja-del-impuesto-pais\\\/#primaryimage\"},\"image\":{\"@id\":\"https:\\\/\\\/ecolatina.com\\\/2024\\\/08\\\/30\\\/que-pasa-con-la-baja-del-impuesto-pais\\\/#primaryimage\"},\"thumbnailUrl\":\"https:\\\/\\\/ecolatina.com\\\/wp-content\\\/uploads\\\/2024\\\/08\\\/Fondo-cambiario-1-2.jpeg\",\"datePublished\":\"2024-08-30T22:18:08+00:00\",\"dateModified\":\"2024-08-30T22:18:13+00:00\",\"breadcrumb\":{\"@id\":\"https:\\\/\\\/ecolatina.com\\\/2024\\\/08\\\/30\\\/que-pasa-con-la-baja-del-impuesto-pais\\\/#breadcrumb\"},\"inLanguage\":\"en-US\",\"potentialAction\":[{\"@type\":\"ReadAction\",\"target\":[\"https:\\\/\\\/ecolatina.com\\\/2024\\\/08\\\/30\\\/que-pasa-con-la-baja-del-impuesto-pais\\\/\"]}]},{\"@type\":\"ImageObject\",\"inLanguage\":\"en-US\",\"@id\":\"https:\\\/\\\/ecolatina.com\\\/2024\\\/08\\\/30\\\/que-pasa-con-la-baja-del-impuesto-pais\\\/#primaryimage\",\"url\":\"https:\\\/\\\/ecolatina.com\\\/wp-content\\\/uploads\\\/2024\\\/08\\\/Fondo-cambiario-1-2.jpeg\",\"contentUrl\":\"https:\\\/\\\/ecolatina.com\\\/wp-content\\\/uploads\\\/2024\\\/08\\\/Fondo-cambiario-1-2.jpeg\",\"width\":1280,\"height\":842},{\"@type\":\"BreadcrumbList\",\"@id\":\"https:\\\/\\\/ecolatina.com\\\/2024\\\/08\\\/30\\\/que-pasa-con-la-baja-del-impuesto-pais\\\/#breadcrumb\",\"itemListElement\":[{\"@type\":\"ListItem\",\"position\":1,\"name\":\"Inicio\",\"item\":\"https:\\\/\\\/ecolatina.com\\\/\"},{\"@type\":\"ListItem\",\"position\":2,\"name\":\"\u00bfQu\u00e9 pasa con la baja del Impuesto PAIS?\"}]},{\"@type\":\"WebSite\",\"@id\":\"https:\\\/\\\/ecolatina.com\\\/#website\",\"url\":\"https:\\\/\\\/ecolatina.com\\\/\",\"name\":\"Ecolatina\",\"description\":\"Tu socio estrat\u00e9gico para la toma de decisiones \",\"publisher\":{\"@id\":\"https:\\\/\\\/ecolatina.com\\\/#organization\"},\"potentialAction\":[{\"@type\":\"SearchAction\",\"target\":{\"@type\":\"EntryPoint\",\"urlTemplate\":\"https:\\\/\\\/ecolatina.com\\\/?s={search_term_string}\"},\"query-input\":{\"@type\":\"PropertyValueSpecification\",\"valueRequired\":true,\"valueName\":\"search_term_string\"}}],\"inLanguage\":\"en-US\"},{\"@type\":\"Organization\",\"@id\":\"https:\\\/\\\/ecolatina.com\\\/#organization\",\"name\":\"Ecolatina\",\"url\":\"https:\\\/\\\/ecolatina.com\\\/\",\"logo\":{\"@type\":\"ImageObject\",\"inLanguage\":\"en-US\",\"@id\":\"https:\\\/\\\/ecolatina.com\\\/#\\\/schema\\\/logo\\\/image\\\/\",\"url\":\"https:\\\/\\\/ecolatina.com\\\/wp-content\\\/uploads\\\/2023\\\/05\\\/Ecolatina_logo_01-verde-sin-tagline.png\",\"contentUrl\":\"https:\\\/\\\/ecolatina.com\\\/wp-content\\\/uploads\\\/2023\\\/05\\\/Ecolatina_logo_01-verde-sin-tagline.png\",\"width\":1008,\"height\":260,\"caption\":\"Ecolatina\"},\"image\":{\"@id\":\"https:\\\/\\\/ecolatina.com\\\/#\\\/schema\\\/logo\\\/image\\\/\"},\"sameAs\":[\"https:\\\/\\\/x.com\\\/Ecolatina_Arg\",\"https:\\\/\\\/www.linkedin.com\\\/company\\\/ecolatina\\\/?originalSubdomain=ar\"]},{\"@type\":\"Person\",\"@id\":\"https:\\\/\\\/ecolatina.com\\\/#\\\/schema\\\/person\\\/ff70142206e33eb083069905ccc586b0\",\"name\":\"AppVisor Blog Bot\",\"url\":\"https:\\\/\\\/ecolatina.com\\\/en\\\/author\\\/appvisorblogbot\\\/\"}]}<\/script>\n<!-- \/ Yoast SEO plugin. -->","yoast_head_json":{"title":"\u00bfQu\u00e9 pasa con la baja del Impuesto PAIS? - Ecolatina","robots":{"index":"index","follow":"follow","max-snippet":"max-snippet:-1","max-image-preview":"max-image-preview:large","max-video-preview":"max-video-preview:-1"},"canonical":"https:\/\/ecolatina.com\/en\/2024\/08\/30\/que-pasa-con-la-baja-del-impuesto-pais\/","og_locale":"en_US","og_type":"article","og_title":"\u00bfQu\u00e9 pasa con la baja del Impuesto PAIS? - Ecolatina","og_url":"https:\/\/ecolatina.com\/en\/2024\/08\/30\/que-pasa-con-la-baja-del-impuesto-pais\/","og_site_name":"Ecolatina","article_published_time":"2024-08-30T22:18:08+00:00","article_modified_time":"2024-08-30T22:18:13+00:00","og_image":[{"width":1280,"height":842,"url":"https:\/\/ecolatina.com\/wp-content\/uploads\/2024\/08\/Fondo-cambiario-1-1.jpeg","type":"image\/jpeg"}],"author":"AppVisor Blog Bot","twitter_card":"summary_large_image","twitter_creator":"@Ecolatina_Arg","twitter_site":"@Ecolatina_Arg","twitter_misc":{"Written by":"AppVisor Blog Bot","Est. reading time":"8 minutes"},"schema":{"@context":"https:\/\/schema.org","@graph":[{"@type":"Article","@id":"https:\/\/ecolatina.com\/2024\/08\/30\/que-pasa-con-la-baja-del-impuesto-pais\/#article","isPartOf":{"@id":"https:\/\/ecolatina.com\/2024\/08\/30\/que-pasa-con-la-baja-del-impuesto-pais\/"},"author":{"name":"AppVisor Blog Bot","@id":"https:\/\/ecolatina.com\/#\/schema\/person\/ff70142206e33eb083069905ccc586b0"},"headline":"\u00bfQu\u00e9 pasa con la baja del Impuesto PAIS?","datePublished":"2024-08-30T22:18:08+00:00","dateModified":"2024-08-30T22:18:13+00:00","mainEntityOfPage":{"@id":"https:\/\/ecolatina.com\/2024\/08\/30\/que-pasa-con-la-baja-del-impuesto-pais\/"},"wordCount":1513,"publisher":{"@id":"https:\/\/ecolatina.com\/#organization"},"image":{"@id":"https:\/\/ecolatina.com\/2024\/08\/30\/que-pasa-con-la-baja-del-impuesto-pais\/#primaryimage"},"thumbnailUrl":"https:\/\/ecolatina.com\/wp-content\/uploads\/2024\/08\/Fondo-cambiario-1-2.jpeg","articleSection":["Sin categor\u00eda"],"inLanguage":"en-US"},{"@type":"WebPage","@id":"https:\/\/ecolatina.com\/2024\/08\/30\/que-pasa-con-la-baja-del-impuesto-pais\/","url":"https:\/\/ecolatina.com\/2024\/08\/30\/que-pasa-con-la-baja-del-impuesto-pais\/","name":"\u00bfQu\u00e9 pasa con la baja del Impuesto PAIS? - Ecolatina","isPartOf":{"@id":"https:\/\/ecolatina.com\/#website"},"primaryImageOfPage":{"@id":"https:\/\/ecolatina.com\/2024\/08\/30\/que-pasa-con-la-baja-del-impuesto-pais\/#primaryimage"},"image":{"@id":"https:\/\/ecolatina.com\/2024\/08\/30\/que-pasa-con-la-baja-del-impuesto-pais\/#primaryimage"},"thumbnailUrl":"https:\/\/ecolatina.com\/wp-content\/uploads\/2024\/08\/Fondo-cambiario-1-2.jpeg","datePublished":"2024-08-30T22:18:08+00:00","dateModified":"2024-08-30T22:18:13+00:00","breadcrumb":{"@id":"https:\/\/ecolatina.com\/2024\/08\/30\/que-pasa-con-la-baja-del-impuesto-pais\/#breadcrumb"},"inLanguage":"en-US","potentialAction":[{"@type":"ReadAction","target":["https:\/\/ecolatina.com\/2024\/08\/30\/que-pasa-con-la-baja-del-impuesto-pais\/"]}]},{"@type":"ImageObject","inLanguage":"en-US","@id":"https:\/\/ecolatina.com\/2024\/08\/30\/que-pasa-con-la-baja-del-impuesto-pais\/#primaryimage","url":"https:\/\/ecolatina.com\/wp-content\/uploads\/2024\/08\/Fondo-cambiario-1-2.jpeg","contentUrl":"https:\/\/ecolatina.com\/wp-content\/uploads\/2024\/08\/Fondo-cambiario-1-2.jpeg","width":1280,"height":842},{"@type":"BreadcrumbList","@id":"https:\/\/ecolatina.com\/2024\/08\/30\/que-pasa-con-la-baja-del-impuesto-pais\/#breadcrumb","itemListElement":[{"@type":"ListItem","position":1,"name":"Inicio","item":"https:\/\/ecolatina.com\/"},{"@type":"ListItem","position":2,"name":"\u00bfQu\u00e9 pasa con la baja del Impuesto PAIS?"}]},{"@type":"WebSite","@id":"https:\/\/ecolatina.com\/#website","url":"https:\/\/ecolatina.com\/","name":"Ecolatina","description":"Tu socio estrat\u00e9gico para la toma de decisiones","publisher":{"@id":"https:\/\/ecolatina.com\/#organization"},"potentialAction":[{"@type":"SearchAction","target":{"@type":"EntryPoint","urlTemplate":"https:\/\/ecolatina.com\/?s={search_term_string}"},"query-input":{"@type":"PropertyValueSpecification","valueRequired":true,"valueName":"search_term_string"}}],"inLanguage":"en-US"},{"@type":"Organization","@id":"https:\/\/ecolatina.com\/#organization","name":"Ecolatina","url":"https:\/\/ecolatina.com\/","logo":{"@type":"ImageObject","inLanguage":"en-US","@id":"https:\/\/ecolatina.com\/#\/schema\/logo\/image\/","url":"https:\/\/ecolatina.com\/wp-content\/uploads\/2023\/05\/Ecolatina_logo_01-verde-sin-tagline.png","contentUrl":"https:\/\/ecolatina.com\/wp-content\/uploads\/2023\/05\/Ecolatina_logo_01-verde-sin-tagline.png","width":1008,"height":260,"caption":"Ecolatina"},"image":{"@id":"https:\/\/ecolatina.com\/#\/schema\/logo\/image\/"},"sameAs":["https:\/\/x.com\/Ecolatina_Arg","https:\/\/www.linkedin.com\/company\/ecolatina\/?originalSubdomain=ar"]},{"@type":"Person","@id":"https:\/\/ecolatina.com\/#\/schema\/person\/ff70142206e33eb083069905ccc586b0","name":"AppVisor Blog Bot","url":"https:\/\/ecolatina.com\/en\/author\/appvisorblogbot\/"}]}},"_links":{"self":[{"href":"https:\/\/ecolatina.com\/en\/wp-json\/wp\/v2\/posts\/3666","targetHints":{"allow":["GET"]}}],"collection":[{"href":"https:\/\/ecolatina.com\/en\/wp-json\/wp\/v2\/posts"}],"about":[{"href":"https:\/\/ecolatina.com\/en\/wp-json\/wp\/v2\/types\/post"}],"author":[{"embeddable":true,"href":"https:\/\/ecolatina.com\/en\/wp-json\/wp\/v2\/users\/2"}],"replies":[{"embeddable":true,"href":"https:\/\/ecolatina.com\/en\/wp-json\/wp\/v2\/comments?post=3666"}],"version-history":[{"count":1,"href":"https:\/\/ecolatina.com\/en\/wp-json\/wp\/v2\/posts\/3666\/revisions"}],"predecessor-version":[{"id":3669,"href":"https:\/\/ecolatina.com\/en\/wp-json\/wp\/v2\/posts\/3666\/revisions\/3669"}],"wp:featuredmedia":[{"embeddable":true,"href":"https:\/\/ecolatina.com\/en\/wp-json\/wp\/v2\/media\/3668"}],"wp:attachment":[{"href":"https:\/\/ecolatina.com\/en\/wp-json\/wp\/v2\/media?parent=3666"}],"wp:term":[{"taxonomy":"category","embeddable":true,"href":"https:\/\/ecolatina.com\/en\/wp-json\/wp\/v2\/categories?post=3666"},{"taxonomy":"post_tag","embeddable":true,"href":"https:\/\/ecolatina.com\/en\/wp-json\/wp\/v2\/tags?post=3666"}],"curies":[{"name":"wp","href":"https:\/\/api.w.org\/{rel}","templated":true}]}}