{"id":3686,"date":"2024-10-10T18:58:51","date_gmt":"2024-10-10T21:58:51","guid":{"rendered":"https:\/\/ecolatina.com\/2024\/10\/10\/se-frena-el-blanqueo-pero-sigue-el-veranito-cambiario\/"},"modified":"2024-10-10T18:59:00","modified_gmt":"2024-10-10T21:59:00","slug":"se-frena-el-blanqueo-pero-sigue-el-veranito-cambiario","status":"publish","type":"post","link":"https:\/\/ecolatina.com\/en\/2024\/10\/10\/se-frena-el-blanqueo-pero-sigue-el-veranito-cambiario\/","title":{"rendered":"Se frena el blanqueo, pero sigue el veranito cambiario"},"content":{"rendered":"<p><em>Finaliza una semana relativamente tranquila en el plano cambiario-monetario. Al igual que en las \u00faltimas semanas, la brecha cambiaria se mantuvo a la baja hasta ubicarse en 19%, la m\u00e1s reducida desde inicios de mayo, al tiempo que los futuros de d\u00f3lar acompa\u00f1aron el movimiento. Por su parte, el BCRA sostuvo la postura compradora en el MULC al hacerse de USD 213 M. <\/em><\/p>\n<p><em>Buena parte de esta calma cambiaria se explica por los impactos directos e indirectos del blanqueo de capitales. En n\u00fameros, los dep\u00f3sitos privados en d\u00f3lares crecieron en m\u00e1s de USD 12.000 M desde mediados de agosto, alcanzando un stock por encima de los USD 30.000 M, el mayor valor desde el 2019. No obstante, los dep\u00f3sitos privados en USD acumulan una ca\u00edda del USD 860 M en los primeros d\u00edas de octubre (8\/10 \u00faltimo dato disponible). En este sentido, en lo que va del mes estar\u00eda primando la salida de USD por parte de los depositantes minoristas (desde el 1 de octubre se habilit\u00f3 el retiro sin un pago de al\u00edcuota para aquellos que ingresaron al sistema hasta USD 100.000) por sobre la extensi\u00f3n de la primera etapa del blanqueo (terminaba en septiembre y se posterg\u00f3 hasta fines de octubre). M\u00e1s all\u00e1 de ello, el retiro de los depositantes minoristas era algo esperable y anticipado por las entidades financieras, que optaron por mantener el grueso de los nuevos dep\u00f3sitos en efectivo en las sucursales.<\/em><\/p>\n<p><em>La inc\u00f3gnita se centra en si el Gobierno podr\u00e1 salir de los controles cambiarios evitando un salto disruptivo del tipo de cambio oficial al lograr una convergencia \u201cdesde arriba\u201d de las variables nominales. En lo que resta de 2024, el panorama en el MULC luce poco alentador a ra\u00edz de una demanda creciente de divisas que se solapar\u00e1 con una temporada alta de la liquidaci\u00f3n llegando a su fin, lo que pondr\u00e1 a prueba al esquema actual una vez el agro deje de aportar USD para recomponer reservas y contener la brecha. Por tal motivo, un repunte de los pr\u00e9stamos en USD ser\u00eda una herramienta clave para contener la sangr\u00eda de divisas del BCRA.<\/em><\/p>\n<p>\u00a0<\/p>\n<p>Finaliza una semana relativamente tranquila en el plano <strong>cambiario-monetario<\/strong>. Al igual que en las \u00faltimas semanas, la <strong>brecha cambiaria <\/strong>se mantuvo a la baja hasta ubicarse en 19%, la m\u00e1s reducida desde inicios de mayo, al tiempo que los futuros de d\u00f3lar acompa\u00f1aron el movimiento. Por su parte, el BCRA <strong>sostuvo la postura compradora <\/strong>en el MULC al hacerse de USD 213 M.<\/p>\n<p>Buena parte de esta calma cambiaria se explica por los <strong>impactos directos e indirectos del blanqueo de capitales. <\/strong>En n\u00fameros, los <strong>dep\u00f3sitos privados en d\u00f3lares<\/strong> crecieron en m\u00e1s de USD 12.000 M desde mediados de agosto, alcanzando un stock por encima de los USD 30.000 M, el mayor valor desde el 2019.<\/p>\n<p>De esta manera, la buena performance del blanqueo (junto a otros factores transitorios como el adelanto de BBPP) permiti\u00f3 profundizar la leve tendencia bajista que ven\u00edan experimentando los d\u00f3lares paralelos desde el anuncio de intervenci\u00f3n cambiaria producido en julio. En concreto, la brecha cambiaria pas\u00f3 de 57% a mediados de julio (previo al anuncio de la intervenci\u00f3n) a 40% en la antesala del blanqueo, para luego llegar al 19% de hoy.<\/p>\n<p>Asimismo, no fue el \u00fanico <strong>frente que permiti\u00f3 en aliviar<\/strong>. Como contrapartida del aumento de los dep\u00f3sitos, los encajes en USD en el BCRA crecieron en cerca de USD 2.000 M, lo que se traduce en un aumento de las <strong>reservas<\/strong> <strong>brutas y liquidas <\/strong>(pero no las netas). Al mismo tiempo, favorecido por un clima internacional m\u00e1s ben\u00e9volo, el <strong>riesgo pa\u00eds<\/strong> se aproxim\u00f3 a los 1.100 p.b. y toc\u00f3 m\u00ednimos desde el cambio de Gesti\u00f3n.<\/p>\n<p>Paralelamente al aumento de los dep\u00f3sitos, los bancos privados comenzaron a contar con mayor liquidez para otorgar cr\u00e9ditos en moneda dura. De esta forma, los <strong>pr\u00e9stamos en USD <\/strong>crecieron en cerca de USD 1.000 M. \u00bfC\u00f3mo es el mecanismo? Cuando se otorga un pr\u00e9stamo en USD, el banco vende los d\u00f3lares en el MULC y la operaci\u00f3n se realiza en pesos, lo cual redunda en una mayor oferta de USD el mercado oficial y le permite al BCRA incrementar sus compras o reducir sus ventas.<\/p>\n<p>No obstante, los <strong>dep\u00f3sitos privados en USD acumulan una ca\u00edda<\/strong> del USD 860 M en los primeros d\u00edas de octubre (8\/10 \u00faltimo dato disponible). En este sentido, en lo que va del mes estar\u00eda primando la salida de USD por parte de los depositantes minoristas (desde el 1 de octubre se habilit\u00f3 el retiro sin un pago de al\u00edcuota para aquellos que ingresaron al sistema hasta USD 100.000) por sobre la extensi\u00f3n de la primera etapa del blanqueo (terminaba en septiembre y se posterg\u00f3 hasta fines de octubre). M\u00e1s all\u00e1 de ello, el retiro de los depositantes minoristas era algo esperable y anticipado por las entidades financieras, que optaron por mantener el grueso de los nuevos dep\u00f3sitos en efectivo en las sucursales. De hecho, pese a la merma reciente del blanqueo se sostienen sus efectos positivos en el frente cambiario.<\/p>\n<p><img fetchpriority=\"high\" decoding=\"async\" class=\"aligncenter wp-image-17986 size-full\" src=\"http:\/\/eco-latina.com.ar\/wp-content\/uploads\/2024\/10\/Depositos-y-prestamos-en-USD.png\" alt=\"\" width=\"1280\" height=\"720\" \/><\/p>\n<p>Volviendo a la brecha, la cotizaci\u00f3n del d\u00f3lar CCL en t\u00e9rminos reales <strong>alcanz\u00f3 su valor m\u00e1s reducido desde hace seis a\u00f1os<\/strong>. Dado que el nivel actual de la cotizaci\u00f3n se encontrar\u00eda explicado en buena parte por factores transitorios, estimamos que el CCL ya no estar\u00eda tan lejos de haber tocado su \u201cpiso\u201d real. Justamente, la pregunta se centra en hasta d\u00f3nde <strong>podr\u00e1 sostenerse la pax cambiaria actual<\/strong>. La pista que nos brinda el CCL real en m\u00ednimos hist\u00f3ricos habla por s\u00ed misma, pero cabe destacar tambi\u00e9n otras cuestiones.<\/p>\n<p><img decoding=\"async\" class=\"aligncenter wp-image-17987 size-full\" src=\"http:\/\/eco-latina.com.ar\/wp-content\/uploads\/2024\/10\/CCL-Real-y-brecha2.png\" alt=\"\" width=\"1280\" height=\"720\" \/><\/p>\n<p>En primer lugar, las liquidaciones de la agroindustria <strong>siguen<\/strong> <strong>muy elevadas <\/strong>a pesar de estar en octubre, mes donde la estacionalidad no suele jugar a favor. Para dimensionar, computando la parte que se vuelcan al CCL por el d\u00f3lar <em>blend<\/em> y medida a t\u00e9rminos corrientes, la liquidaci\u00f3n acumulada en cerca de USD 1.000 M para los primeros nueve d\u00edas de octubre es la m\u00e1s elevada de los \u00faltimos cuatro a\u00f1os. En segundo lugar, la <strong>demanda de divisas en el MULC a\u00fan sigue en <em>stand by<\/em><\/strong>. A pesar de que en octubre comienza a impactar el 50% de las cuotas correspondientes a las compras externas de agosto y septiembre, reci\u00e9n durante esta semana la demanda peg\u00f3 un leve repunte, aunque se ubica por debajo de lo esperado. Como un tercer elemento aparecen los ya mencionamos <strong>pr\u00e9stamos en USD a los exportadores<\/strong>, donde la clave para sostener un flujo neto positivo radica en mantener acotadas las expectativas de devaluaci\u00f3n en el corto plazo.<\/p>\n<p>No obstante, la\u00a0<strong>inc\u00f3gnita\u00a0<\/strong>se centra en si el Gobierno podr\u00e1 salir de los controles cambiarios evitando un salto disruptivo del tipo de cambio oficial al lograr una convergencia \u201cdesde arriba\u201d de las variables nominales. En lo que resta de 2024,\u00a0<strong>el panorama en el MULC luce poco alentador<\/strong>\u00a0a ra\u00edz de una demanda creciente de divisas que se solapar\u00e1 con una temporada alta de la liquidaci\u00f3n llegando a su fin, lo que pondr\u00e1 a prueba al esquema actual una vez el agro deje de aportar USD para recomponer reservas y contener la brecha. Por tal motivo, un repunte de los pr\u00e9stamos en USD ser\u00eda una herramienta clave para contener la sangr\u00eda de divisas del BCRA.<\/p>\n<p>\u00a0<\/p>\n<h3>El BCRA compra divisas en el MULC<\/h3>\n<p>En la semana, <strong>el BCRA sostuvo la postura compradora <\/strong>al hacerse de USD 213 M y acumula compras por USD 737 M en lo que va de octubre. Detr\u00e1s de ello, actu\u00f3 una oferta de divisas sostenida, con una liquidaci\u00f3n del agro dentro de los mejores octubres de los \u00faltimos a\u00f1os, y una demanda apenas por encima respecto a la semana previa. Con todo, las Reservas Netas (sin DEG) se ubican en terreno negativo pr\u00f3ximas a los USD 4.700 M al excluirse los dep\u00f3sitos del Tesoro en USD y sin restar el BOPREAL.<\/p>\n<h3>La brecha se reduce<\/h3>\n<p><strong>La brecha cambiaria aceler\u00f3 la impronta bajista<\/strong>. En n\u00fameros, el d\u00f3lar CCL se redujo 4% ($1.177), el MEP se contrajo 4,5% ($1.134) y el d\u00f3lar blue baj\u00f3 1,3% ($1.180). En consecuencia, la brecha cambiaria promedio cerr\u00f3 la semana en 19%, 5 p.p. por debajo del viernes previo. De esta forma, la evoluci\u00f3n reciente de los USD alternativos se encuentra influenciada por la nueva regla de intervenci\u00f3n cambiaria y la din\u00e1mica del blanqueo.<\/p>\n<h3>Relativa estabilidad en los futuros de d\u00f3lar<\/h3>\n<p><strong>Los contratos a futuro del d\u00f3lar cierran a la baja en la semana<\/strong>. Puntualmente, los TC impl\u00edcitos en los contratos con vencimiento entre octubre y diciembre (los m\u00e1s relevantes en cuanto al volumen) promediaron una ca\u00edda de 0,4%, al tiempo que los contratos con vencimiento de enero en adelante se redujeron 0,2%. De esta forma, desde octubre hacia fines de a\u00f1o la variaci\u00f3n esperada promedia el 2,95% mensual y 3,4% para el primer trimestre de 2025.<\/p>\n<p>\u00a0<\/p>\n<p>\u00a0<\/p>","protected":false},"excerpt":{"rendered":"","protected":false},"author":2,"featured_media":3688,"comment_status":"closed","ping_status":"","sticky":false,"template":"","format":"standard","meta":{"author_name":"Kevin Pagnotta","image_url":"http:\/\/eco-latina.com.ar\/wp-content\/uploads\/2024\/10\/Fondo-cambiario-1.jpeg","_joinchat":[],"footnotes":""},"categories":[1],"tags":[],"class_list":["post-3686","post","type-post","status-publish","format-standard","has-post-thumbnail","hentry","category-sin-categoria"],"aioseo_notices":[],"yoast_head":"<!-- This site is optimized with the Yoast SEO plugin v27.5 - https:\/\/yoast.com\/product\/yoast-seo-wordpress\/ -->\n<title>Se frena el blanqueo, pero sigue el veranito cambiario - Ecolatina<\/title>\n<meta name=\"robots\" content=\"index, follow, max-snippet:-1, max-image-preview:large, max-video-preview:-1\" \/>\n<link rel=\"canonical\" href=\"https:\/\/ecolatina.com\/en\/2024\/10\/10\/se-frena-el-blanqueo-pero-sigue-el-veranito-cambiario\/\" \/>\n<meta property=\"og:locale\" content=\"en_US\" \/>\n<meta property=\"og:type\" content=\"article\" \/>\n<meta property=\"og:title\" content=\"Se frena el blanqueo, pero sigue el veranito cambiario - Ecolatina\" \/>\n<meta property=\"og:url\" content=\"https:\/\/ecolatina.com\/en\/2024\/10\/10\/se-frena-el-blanqueo-pero-sigue-el-veranito-cambiario\/\" \/>\n<meta property=\"og:site_name\" content=\"Ecolatina\" \/>\n<meta property=\"article:published_time\" content=\"2024-10-10T21:58:51+00:00\" \/>\n<meta property=\"article:modified_time\" content=\"2024-10-10T21:59:00+00:00\" \/>\n<meta property=\"og:image\" content=\"https:\/\/ecolatina.com\/wp-content\/uploads\/2024\/10\/Fondo-cambiario-1-1.jpeg\" \/>\n\t<meta property=\"og:image:width\" content=\"1280\" \/>\n\t<meta property=\"og:image:height\" content=\"842\" \/>\n\t<meta property=\"og:image:type\" content=\"image\/jpeg\" \/>\n<meta name=\"author\" content=\"AppVisor Blog Bot\" \/>\n<meta name=\"twitter:card\" content=\"summary_large_image\" \/>\n<meta name=\"twitter:creator\" content=\"@Ecolatina_Arg\" \/>\n<meta name=\"twitter:site\" content=\"@Ecolatina_Arg\" \/>\n<meta name=\"twitter:label1\" content=\"Written by\" \/>\n\t<meta name=\"twitter:data1\" content=\"AppVisor Blog Bot\" \/>\n\t<meta name=\"twitter:label2\" content=\"Est. reading time\" \/>\n\t<meta name=\"twitter:data2\" content=\"8 minutes\" \/>\n<script type=\"application\/ld+json\" class=\"yoast-schema-graph\">{\"@context\":\"https:\\\/\\\/schema.org\",\"@graph\":[{\"@type\":\"Article\",\"@id\":\"https:\\\/\\\/ecolatina.com\\\/2024\\\/10\\\/10\\\/se-frena-el-blanqueo-pero-sigue-el-veranito-cambiario\\\/#article\",\"isPartOf\":{\"@id\":\"https:\\\/\\\/ecolatina.com\\\/2024\\\/10\\\/10\\\/se-frena-el-blanqueo-pero-sigue-el-veranito-cambiario\\\/\"},\"author\":{\"name\":\"AppVisor Blog Bot\",\"@id\":\"https:\\\/\\\/ecolatina.com\\\/#\\\/schema\\\/person\\\/ff70142206e33eb083069905ccc586b0\"},\"headline\":\"Se frena el blanqueo, pero sigue el veranito cambiario\",\"datePublished\":\"2024-10-10T21:58:51+00:00\",\"dateModified\":\"2024-10-10T21:59:00+00:00\",\"mainEntityOfPage\":{\"@id\":\"https:\\\/\\\/ecolatina.com\\\/2024\\\/10\\\/10\\\/se-frena-el-blanqueo-pero-sigue-el-veranito-cambiario\\\/\"},\"wordCount\":1527,\"publisher\":{\"@id\":\"https:\\\/\\\/ecolatina.com\\\/#organization\"},\"image\":{\"@id\":\"https:\\\/\\\/ecolatina.com\\\/2024\\\/10\\\/10\\\/se-frena-el-blanqueo-pero-sigue-el-veranito-cambiario\\\/#primaryimage\"},\"thumbnailUrl\":\"https:\\\/\\\/ecolatina.com\\\/wp-content\\\/uploads\\\/2024\\\/10\\\/Fondo-cambiario-1-2.jpeg\",\"articleSection\":[\"Sin categor\u00eda\"],\"inLanguage\":\"en-US\"},{\"@type\":\"WebPage\",\"@id\":\"https:\\\/\\\/ecolatina.com\\\/2024\\\/10\\\/10\\\/se-frena-el-blanqueo-pero-sigue-el-veranito-cambiario\\\/\",\"url\":\"https:\\\/\\\/ecolatina.com\\\/2024\\\/10\\\/10\\\/se-frena-el-blanqueo-pero-sigue-el-veranito-cambiario\\\/\",\"name\":\"Se frena el blanqueo, pero sigue el veranito cambiario - Ecolatina\",\"isPartOf\":{\"@id\":\"https:\\\/\\\/ecolatina.com\\\/#website\"},\"primaryImageOfPage\":{\"@id\":\"https:\\\/\\\/ecolatina.com\\\/2024\\\/10\\\/10\\\/se-frena-el-blanqueo-pero-sigue-el-veranito-cambiario\\\/#primaryimage\"},\"image\":{\"@id\":\"https:\\\/\\\/ecolatina.com\\\/2024\\\/10\\\/10\\\/se-frena-el-blanqueo-pero-sigue-el-veranito-cambiario\\\/#primaryimage\"},\"thumbnailUrl\":\"https:\\\/\\\/ecolatina.com\\\/wp-content\\\/uploads\\\/2024\\\/10\\\/Fondo-cambiario-1-2.jpeg\",\"datePublished\":\"2024-10-10T21:58:51+00:00\",\"dateModified\":\"2024-10-10T21:59:00+00:00\",\"breadcrumb\":{\"@id\":\"https:\\\/\\\/ecolatina.com\\\/2024\\\/10\\\/10\\\/se-frena-el-blanqueo-pero-sigue-el-veranito-cambiario\\\/#breadcrumb\"},\"inLanguage\":\"en-US\",\"potentialAction\":[{\"@type\":\"ReadAction\",\"target\":[\"https:\\\/\\\/ecolatina.com\\\/2024\\\/10\\\/10\\\/se-frena-el-blanqueo-pero-sigue-el-veranito-cambiario\\\/\"]}]},{\"@type\":\"ImageObject\",\"inLanguage\":\"en-US\",\"@id\":\"https:\\\/\\\/ecolatina.com\\\/2024\\\/10\\\/10\\\/se-frena-el-blanqueo-pero-sigue-el-veranito-cambiario\\\/#primaryimage\",\"url\":\"https:\\\/\\\/ecolatina.com\\\/wp-content\\\/uploads\\\/2024\\\/10\\\/Fondo-cambiario-1-2.jpeg\",\"contentUrl\":\"https:\\\/\\\/ecolatina.com\\\/wp-content\\\/uploads\\\/2024\\\/10\\\/Fondo-cambiario-1-2.jpeg\",\"width\":1280,\"height\":842},{\"@type\":\"BreadcrumbList\",\"@id\":\"https:\\\/\\\/ecolatina.com\\\/2024\\\/10\\\/10\\\/se-frena-el-blanqueo-pero-sigue-el-veranito-cambiario\\\/#breadcrumb\",\"itemListElement\":[{\"@type\":\"ListItem\",\"position\":1,\"name\":\"Inicio\",\"item\":\"https:\\\/\\\/ecolatina.com\\\/\"},{\"@type\":\"ListItem\",\"position\":2,\"name\":\"Se frena el blanqueo, pero sigue el veranito cambiario\"}]},{\"@type\":\"WebSite\",\"@id\":\"https:\\\/\\\/ecolatina.com\\\/#website\",\"url\":\"https:\\\/\\\/ecolatina.com\\\/\",\"name\":\"Ecolatina\",\"description\":\"Tu socio estrat\u00e9gico para la toma de decisiones \",\"publisher\":{\"@id\":\"https:\\\/\\\/ecolatina.com\\\/#organization\"},\"potentialAction\":[{\"@type\":\"SearchAction\",\"target\":{\"@type\":\"EntryPoint\",\"urlTemplate\":\"https:\\\/\\\/ecolatina.com\\\/?s={search_term_string}\"},\"query-input\":{\"@type\":\"PropertyValueSpecification\",\"valueRequired\":true,\"valueName\":\"search_term_string\"}}],\"inLanguage\":\"en-US\"},{\"@type\":\"Organization\",\"@id\":\"https:\\\/\\\/ecolatina.com\\\/#organization\",\"name\":\"Ecolatina\",\"url\":\"https:\\\/\\\/ecolatina.com\\\/\",\"logo\":{\"@type\":\"ImageObject\",\"inLanguage\":\"en-US\",\"@id\":\"https:\\\/\\\/ecolatina.com\\\/#\\\/schema\\\/logo\\\/image\\\/\",\"url\":\"https:\\\/\\\/ecolatina.com\\\/wp-content\\\/uploads\\\/2023\\\/05\\\/Ecolatina_logo_01-verde-sin-tagline.png\",\"contentUrl\":\"https:\\\/\\\/ecolatina.com\\\/wp-content\\\/uploads\\\/2023\\\/05\\\/Ecolatina_logo_01-verde-sin-tagline.png\",\"width\":1008,\"height\":260,\"caption\":\"Ecolatina\"},\"image\":{\"@id\":\"https:\\\/\\\/ecolatina.com\\\/#\\\/schema\\\/logo\\\/image\\\/\"},\"sameAs\":[\"https:\\\/\\\/x.com\\\/Ecolatina_Arg\",\"https:\\\/\\\/www.linkedin.com\\\/company\\\/ecolatina\\\/?originalSubdomain=ar\"]},{\"@type\":\"Person\",\"@id\":\"https:\\\/\\\/ecolatina.com\\\/#\\\/schema\\\/person\\\/ff70142206e33eb083069905ccc586b0\",\"name\":\"AppVisor Blog Bot\",\"url\":\"https:\\\/\\\/ecolatina.com\\\/en\\\/author\\\/appvisorblogbot\\\/\"}]}<\/script>\n<!-- \/ Yoast SEO plugin. -->","yoast_head_json":{"title":"Se frena el blanqueo, pero sigue el veranito cambiario - Ecolatina","robots":{"index":"index","follow":"follow","max-snippet":"max-snippet:-1","max-image-preview":"max-image-preview:large","max-video-preview":"max-video-preview:-1"},"canonical":"https:\/\/ecolatina.com\/en\/2024\/10\/10\/se-frena-el-blanqueo-pero-sigue-el-veranito-cambiario\/","og_locale":"en_US","og_type":"article","og_title":"Se frena el blanqueo, pero sigue el veranito cambiario - Ecolatina","og_url":"https:\/\/ecolatina.com\/en\/2024\/10\/10\/se-frena-el-blanqueo-pero-sigue-el-veranito-cambiario\/","og_site_name":"Ecolatina","article_published_time":"2024-10-10T21:58:51+00:00","article_modified_time":"2024-10-10T21:59:00+00:00","og_image":[{"width":1280,"height":842,"url":"https:\/\/ecolatina.com\/wp-content\/uploads\/2024\/10\/Fondo-cambiario-1-1.jpeg","type":"image\/jpeg"}],"author":"AppVisor Blog Bot","twitter_card":"summary_large_image","twitter_creator":"@Ecolatina_Arg","twitter_site":"@Ecolatina_Arg","twitter_misc":{"Written by":"AppVisor Blog Bot","Est. reading time":"8 minutes"},"schema":{"@context":"https:\/\/schema.org","@graph":[{"@type":"Article","@id":"https:\/\/ecolatina.com\/2024\/10\/10\/se-frena-el-blanqueo-pero-sigue-el-veranito-cambiario\/#article","isPartOf":{"@id":"https:\/\/ecolatina.com\/2024\/10\/10\/se-frena-el-blanqueo-pero-sigue-el-veranito-cambiario\/"},"author":{"name":"AppVisor Blog Bot","@id":"https:\/\/ecolatina.com\/#\/schema\/person\/ff70142206e33eb083069905ccc586b0"},"headline":"Se frena el blanqueo, pero sigue el veranito cambiario","datePublished":"2024-10-10T21:58:51+00:00","dateModified":"2024-10-10T21:59:00+00:00","mainEntityOfPage":{"@id":"https:\/\/ecolatina.com\/2024\/10\/10\/se-frena-el-blanqueo-pero-sigue-el-veranito-cambiario\/"},"wordCount":1527,"publisher":{"@id":"https:\/\/ecolatina.com\/#organization"},"image":{"@id":"https:\/\/ecolatina.com\/2024\/10\/10\/se-frena-el-blanqueo-pero-sigue-el-veranito-cambiario\/#primaryimage"},"thumbnailUrl":"https:\/\/ecolatina.com\/wp-content\/uploads\/2024\/10\/Fondo-cambiario-1-2.jpeg","articleSection":["Sin categor\u00eda"],"inLanguage":"en-US"},{"@type":"WebPage","@id":"https:\/\/ecolatina.com\/2024\/10\/10\/se-frena-el-blanqueo-pero-sigue-el-veranito-cambiario\/","url":"https:\/\/ecolatina.com\/2024\/10\/10\/se-frena-el-blanqueo-pero-sigue-el-veranito-cambiario\/","name":"Se frena el blanqueo, pero sigue el veranito cambiario - Ecolatina","isPartOf":{"@id":"https:\/\/ecolatina.com\/#website"},"primaryImageOfPage":{"@id":"https:\/\/ecolatina.com\/2024\/10\/10\/se-frena-el-blanqueo-pero-sigue-el-veranito-cambiario\/#primaryimage"},"image":{"@id":"https:\/\/ecolatina.com\/2024\/10\/10\/se-frena-el-blanqueo-pero-sigue-el-veranito-cambiario\/#primaryimage"},"thumbnailUrl":"https:\/\/ecolatina.com\/wp-content\/uploads\/2024\/10\/Fondo-cambiario-1-2.jpeg","datePublished":"2024-10-10T21:58:51+00:00","dateModified":"2024-10-10T21:59:00+00:00","breadcrumb":{"@id":"https:\/\/ecolatina.com\/2024\/10\/10\/se-frena-el-blanqueo-pero-sigue-el-veranito-cambiario\/#breadcrumb"},"inLanguage":"en-US","potentialAction":[{"@type":"ReadAction","target":["https:\/\/ecolatina.com\/2024\/10\/10\/se-frena-el-blanqueo-pero-sigue-el-veranito-cambiario\/"]}]},{"@type":"ImageObject","inLanguage":"en-US","@id":"https:\/\/ecolatina.com\/2024\/10\/10\/se-frena-el-blanqueo-pero-sigue-el-veranito-cambiario\/#primaryimage","url":"https:\/\/ecolatina.com\/wp-content\/uploads\/2024\/10\/Fondo-cambiario-1-2.jpeg","contentUrl":"https:\/\/ecolatina.com\/wp-content\/uploads\/2024\/10\/Fondo-cambiario-1-2.jpeg","width":1280,"height":842},{"@type":"BreadcrumbList","@id":"https:\/\/ecolatina.com\/2024\/10\/10\/se-frena-el-blanqueo-pero-sigue-el-veranito-cambiario\/#breadcrumb","itemListElement":[{"@type":"ListItem","position":1,"name":"Inicio","item":"https:\/\/ecolatina.com\/"},{"@type":"ListItem","position":2,"name":"Se frena el blanqueo, pero sigue el veranito cambiario"}]},{"@type":"WebSite","@id":"https:\/\/ecolatina.com\/#website","url":"https:\/\/ecolatina.com\/","name":"Ecolatina","description":"Tu socio estrat\u00e9gico para la toma de decisiones","publisher":{"@id":"https:\/\/ecolatina.com\/#organization"},"potentialAction":[{"@type":"SearchAction","target":{"@type":"EntryPoint","urlTemplate":"https:\/\/ecolatina.com\/?s={search_term_string}"},"query-input":{"@type":"PropertyValueSpecification","valueRequired":true,"valueName":"search_term_string"}}],"inLanguage":"en-US"},{"@type":"Organization","@id":"https:\/\/ecolatina.com\/#organization","name":"Ecolatina","url":"https:\/\/ecolatina.com\/","logo":{"@type":"ImageObject","inLanguage":"en-US","@id":"https:\/\/ecolatina.com\/#\/schema\/logo\/image\/","url":"https:\/\/ecolatina.com\/wp-content\/uploads\/2023\/05\/Ecolatina_logo_01-verde-sin-tagline.png","contentUrl":"https:\/\/ecolatina.com\/wp-content\/uploads\/2023\/05\/Ecolatina_logo_01-verde-sin-tagline.png","width":1008,"height":260,"caption":"Ecolatina"},"image":{"@id":"https:\/\/ecolatina.com\/#\/schema\/logo\/image\/"},"sameAs":["https:\/\/x.com\/Ecolatina_Arg","https:\/\/www.linkedin.com\/company\/ecolatina\/?originalSubdomain=ar"]},{"@type":"Person","@id":"https:\/\/ecolatina.com\/#\/schema\/person\/ff70142206e33eb083069905ccc586b0","name":"AppVisor Blog Bot","url":"https:\/\/ecolatina.com\/en\/author\/appvisorblogbot\/"}]}},"_links":{"self":[{"href":"https:\/\/ecolatina.com\/en\/wp-json\/wp\/v2\/posts\/3686","targetHints":{"allow":["GET"]}}],"collection":[{"href":"https:\/\/ecolatina.com\/en\/wp-json\/wp\/v2\/posts"}],"about":[{"href":"https:\/\/ecolatina.com\/en\/wp-json\/wp\/v2\/types\/post"}],"author":[{"embeddable":true,"href":"https:\/\/ecolatina.com\/en\/wp-json\/wp\/v2\/users\/2"}],"replies":[{"embeddable":true,"href":"https:\/\/ecolatina.com\/en\/wp-json\/wp\/v2\/comments?post=3686"}],"version-history":[{"count":1,"href":"https:\/\/ecolatina.com\/en\/wp-json\/wp\/v2\/posts\/3686\/revisions"}],"predecessor-version":[{"id":3689,"href":"https:\/\/ecolatina.com\/en\/wp-json\/wp\/v2\/posts\/3686\/revisions\/3689"}],"wp:featuredmedia":[{"embeddable":true,"href":"https:\/\/ecolatina.com\/en\/wp-json\/wp\/v2\/media\/3688"}],"wp:attachment":[{"href":"https:\/\/ecolatina.com\/en\/wp-json\/wp\/v2\/media?parent=3686"}],"wp:term":[{"taxonomy":"category","embeddable":true,"href":"https:\/\/ecolatina.com\/en\/wp-json\/wp\/v2\/categories?post=3686"},{"taxonomy":"post_tag","embeddable":true,"href":"https:\/\/ecolatina.com\/en\/wp-json\/wp\/v2\/tags?post=3686"}],"curies":[{"name":"wp","href":"https:\/\/api.w.org\/{rel}","templated":true}]}}