{"id":3874,"date":"2024-12-20T19:09:06","date_gmt":"2024-12-20T22:09:06","guid":{"rendered":"https:\/\/ecolatina.com\/2024\/12\/20\/la-brecha-dejo-atras-un-piso\/"},"modified":"2024-12-20T19:11:09","modified_gmt":"2024-12-20T22:11:09","slug":"la-brecha-dejo-atras-un-piso","status":"publish","type":"post","link":"https:\/\/ecolatina.com\/en\/2024\/12\/20\/la-brecha-dejo-atras-un-piso\/","title":{"rendered":"\u00bfLa brecha dej\u00f3 atr\u00e1s un piso?"},"content":{"rendered":"<p><em>Queda atr\u00e1s una semana donde el aspecto cambiario volvi\u00f3 al centro de la escena. En este sentido, la brecha cambiaria se desenvolvi\u00f3 con el \u00edmpetu alcista del cierre del viernes pasado, con los principales d\u00f3lares superando los $1.100 y la diferencia promedio con el oficial superando el 10%. A pesar de ello, los contratos de d\u00f3lar futuro se mantuvieron relativamente estables, con la devaluaci\u00f3n impl\u00edcita situ\u00e1ndose por debajo del 2% a partir de febrero. Por otro lado, el BCRA mantuvo la posici\u00f3n compradora al hacerse de USD 442 M, elevando el saldo comprador del mes a USD 1.503 M. <\/em><\/p>\n\n\n\n<p><em>En el \u00e1mbito internacional, los focos estuvieron puestos en la decisi\u00f3n de tasas de la FED y las repercusiones en los mercados. Puntualmente, el organismo norteamericano recort\u00f3 la tasa de inter\u00e9s en 25 p.b., situ\u00e1ndola en el rango del 4,25%-4,5% y se mantuvo en l\u00ednea con lo esperado. Adicionalmente, las nuevas proyecciones publicadas por la autoridad monetaria arrojan una mayor inflaci\u00f3n a futuro y menores recortes de tasas de inter\u00e9s. Esto produjo un fortalecimiento del d\u00f3lar a nivel global, un descenso del precio de las commodities y reforz\u00f3 las presiones devaluatorias que sufre el real (moneda de nuestro principal socio comercial). La econom\u00eda dom\u00e9stica, en el marco del CEPO se mantuvo aislada a estas repercusiones. En este sentido, la escalada reciente de la brecha no estar\u00eda asociada a estos acontecimientos. Adem\u00e1s, dado el piso en el que se encontraban los d\u00f3lares financieros, el aumento reciente no despierta alarmas por el momento, en tanto y en cuanto no se extienda en el tiempo.<\/em><\/p>\n<p><em>De todas formas, contener la brecha ser\u00e1 esencial en lo que sigue. Los ingresos por cuenta corriente tender\u00e1n a reducirse al comienzo de 2025, producto de un tipo de cambio real que ensanchar\u00e1 el rojo en servicios, tornar\u00e1 m\u00e1s barata las importaciones (fin de Impuesto PAIS) y exportaciones estacionalmente m\u00e1s bajas. En cualquier caso, la clave pasar\u00e1 por la cuenta financiera y lo que ocurra con los pr\u00e9stamos en d\u00f3lares, ingreso de USD v\u00eda RIGI y\/o un nuevo programa con el FMI que habilite la llegada de fondos frescos.<\/em><\/p>\n<p>\u00a0<\/p>\n<p>Queda atr\u00e1s una semana donde el aspecto <strong>cambiario<\/strong> volvi\u00f3 al centro de la escena. La <strong>brecha cambiaria <\/strong>se desenvolvi\u00f3 con el \u00edmpetu alcista del cierre del viernes pasado, con los principales d\u00f3lares por encima de los $1.100 y la diferencia promedio con el oficial superando el 10%. A pesar de ello, los contratos de d\u00f3lar futuro se mantuvieron relativamente estables, con la devaluaci\u00f3n impl\u00edcita situ\u00e1ndose por debajo del 2% a partir de febrero. Por otro lado, el <strong>BCRA mantuvo la posici\u00f3n compradora <\/strong>al hacerse de USD 442 M, elevando el saldo comprador del mes a USD 1.503 M.<\/p>\n<p>En el \u00e1mbito <strong>internacional<\/strong>, los focos se dirigieron a la decisi\u00f3n de tasas de la FED. En la jornada del mi\u00e9rcoles, la autoridad monetaria de Estados Unidos recort\u00f3 25 puntos b\u00e1sicos la tasa de inter\u00e9s de referencia, ubicando la misma en el rango del 4,25%-4,5%, en l\u00ednea con lo previsto por el mercado. Sin soslayar la importancia de la decisi\u00f3n, lo relevante en la \u00faltima reuni\u00f3n del a\u00f1o del organismo pas\u00f3 por el escenario y las proyecciones econ\u00f3micas que presentaron los directores miembros dada la victoria de Donald Trump.<\/p>\n<p>M\u00e1s en detalle, la postura de la FED revalid\u00f3 el <strong><em>higher for longer<\/em><\/strong>. Los cambios en las proyecciones sit\u00faan ahora un crecimiento de la actividad levemente mayor para el pr\u00f3ximo a\u00f1o (+0,1 p.p.) y como consecuencia un desempleo apenas menor (-0,1 p.p.), aunque una inflaci\u00f3n general convergiendo reci\u00e9n al target del 2% anual de la FED en 2027 (antes se estimaba en 2026). En este marco, el organismo espera que la tasa de referencia finalice en 3,75%-4% a finales de 2025, indicando que tendr\u00eda lugar s\u00f3lo dos recortes de 25 p.b., cuando en septiembre (proyecci\u00f3n previa) se preve\u00edan cuatro bajas durante el pr\u00f3ximo a\u00f1o. Este sendero de reducci\u00f3n de tasas m\u00e1s paulatino refleja la resistencia a la baja (e incluso aceleraci\u00f3n) que vienen mostrando los \u00faltimos datos de inflaci\u00f3n, y las mayores presiones a futuro que tendr\u00edan sobre los precios las medidas econ\u00f3micas enunciadas por Donald Trump.<\/p>\n<p>En este contexto, la volatilidad penetr\u00f3 en los mercados financieros. Tras conocerse la decisi\u00f3n, la moneda norteamericana se apreci\u00f3 respecto a sus pares y alcanz\u00f3 el valor m\u00e1s elevado de 2024. Como contrapartida, el <strong>precio de las commodities <\/strong>se hicieron eco de la presi\u00f3n bajista, con el precio de la soja en Chicago cayendo por debajo de los 350 USD\/tn en la semana, el valor m\u00e1s bajo desde mediados del 2006 al evaluarlo a precios actuales. Asimismo, montado sobre la incertidumbre en la arena pol\u00edtica, la moneda de <strong>Brasil<\/strong> sigui\u00f3 bajo presi\u00f3n y el real se estacion\u00f3 c\u00f3modamente por encima de los 6 reales por d\u00f3lar, lo que indujo a las autoridades del Banco Central a intervenir en los mercados durante la semana.<\/p>\n<p>Producto de ello, el <strong>tipo de cambio bilateral <\/strong>con nuestro principal socio comercial toc\u00f3 un nuevo m\u00ednimo. Esta tendencia borr\u00f3 la ganancia de competitividad que implic\u00f3 el salto producido el pasado diciembre, y se ubica en valores apenas por encima de finales de 2015 y en niveles similares a los de comienzo de 1999, cuando la moneda del pa\u00eds vecino comenz\u00f3 a estabilizarse por la zona de los 1,7 reales por d\u00f3lar luego del salto devaluatorio producido en enero del mismo a\u00f1o.<\/p>\n<p><img fetchpriority=\"high\" decoding=\"async\" class=\"aligncenter wp-image-18486 size-full\" src=\"http:\/\/eco-latina.com.ar\/wp-content\/uploads\/2024\/12\/Diapositiva1-1.png\" alt=\"\" width=\"1280\" height=\"720\" \/><\/p>\n<p>Siguiendo en el plano local, la brecha cambiaria cerr\u00f3 la jornada de hoy relativamente estable, aunque se sostuvo en valores bien por encima del a semana previa. Cu\u00e1nto de esta suba corresponde a la volatilidad de los mercados internacionales y lo ocurrido en Brasil es una pregunta dif\u00edcil de responder.<\/p>\n<p>No obstante, no ser\u00eda arriesgado asumir que el efecto es reducido en el marco de una econom\u00eda local con CEPO, bonos soberanos que se sostuvieron demandados y riesgo pa\u00eds a la baja. En este sentido, podemos deslizar que los mercados a\u00fan eval\u00faan con relativa calma las potenciales repercusiones negativas que tendr\u00eda la situaci\u00f3n de Brasil sobre Argentina. M\u00e1s a\u00fan, las declaraciones a la prensa tanto del ministro de Econom\u00eda, Luis Caputo, como de los referentes del FMI respecto al di\u00e1logo para un nuevo programa durante el primer cuatrimestre del 2025 son se\u00f1ales de mayor optimismo hacia adelante.<\/p>\n<p>Entonces, <strong>\u00bfqu\u00e9 hay detr\u00e1s de la escalada reciente? <\/strong>Las exportaciones del agro, si bien levemente por debajo, se siguen sosteniendo en niveles cercanos a los USD 100 M diarios, al tiempo que los pr\u00e9stamos en d\u00f3lares alcanzaron un stock r\u00e9cord de USD 10.000 M, valores similares a los de comienzos de 2020, todo lo que permiti\u00f3 que el BCRA sostenga la postura compradora en la semana. Es decir, no se registr\u00f3 un cambio sustancial en la oferta exportadora en el MULC, y por lo tanto no hubo variaciones relevantes en la porci\u00f3n que se vuelca a los mercados financieros (d\u00f3lar blend).<\/p>\n<p>Varios son los factores que pueden explicar el alza. Por un lado, no descartamos que parte de esta est\u00e9 asociado a la dolarizaci\u00f3n de ahorros propias de esta temporada del a\u00f1o (aguinaldo, turismo), lo que permitir\u00eda entender porqu\u00e9 el alza fue traccionada por el d\u00f3lar Blue que aument\u00f3 m\u00e1s de $100 en poco tiempo. Por otro lado, la trayectoria previa del d\u00f3lar CCL, alcanzando los valores m\u00e1s bajos desde el 2017 a precios actuales, comenzaba a despertar ciertos interrogantes en torno al atractivo que representaba para los exportadores el d\u00f3lar blend resultante. En este sentido, se conjug\u00f3 lo que parec\u00eda ser un piso en t\u00e9rminos reales, una leve baja de tasas de inter\u00e9s del BCRA y una escalada del d\u00f3lar informal que se filtr\u00f3 r\u00e1pidamente en los d\u00f3lares financieros.<\/p>\n<p>As\u00ed las cosas, emergi\u00f3 en la semana un <strong>trade-off<\/strong>. La mayor competitividad del d\u00f3lar exportador corre el riesgo de precipitar los \u00e1nimos respecto a cu\u00e1l es el l\u00edmite de la subida, al tiempo que la mayor volatilidad en los d\u00f3lares financieros borra al poco tiempo la ganancia que permite posicionarse en estrategias de <strong>carry en USD<\/strong>. Asimismo, una brecha escalando podr\u00eda filtrarse a los precios, atentando contra la estrategia del gobierno de seguir reduciendo escalones a la nominalidad de la econom\u00eda. Por estas razones, es que durante la semana hubo indicios de presencia del BCRA en los mercados financieros (a juzgar por los vol\u00famenes) para contener la escalada, actuando como un <strong>seguro <\/strong>para aquellos posicionados en carry y conteniendo las potenciales filtraciones nominales.<\/p>\n<p><img decoding=\"async\" class=\"aligncenter wp-image-18487 size-full\" src=\"http:\/\/eco-latina.com.ar\/wp-content\/uploads\/2024\/12\/Diapositiva2-1.png\" alt=\"\" width=\"1280\" height=\"720\" \/><\/p>\n<p>En todo caso, no debe perderse de vista que la brecha est\u00e1 subiendo desde un piso hist\u00f3ricamente bajo, por lo que no consideramos que sea un motivo de alarma. No obstante, la extensi\u00f3n en el tiempo podr\u00eda disparar mayores expectativas de devaluaci\u00f3n, desarme de posiciones de carry y filtraciones en los precios locales, e incluso una p\u00e9rdida de credibilidad en la capacidad del BCRA dado la virtual presencia para la contenci\u00f3n de las \u00faltimas ruedas.<\/p>\n<p>Contener la <strong>brecha ser\u00e1 esencial <\/strong>en lo que sigue. Los ingresos por cuenta corriente tender\u00e1n a reducirse al comienzo de 2025, producto de un tipo de cambio real que ensanchar\u00e1 el rojo en servicios, tornar\u00e1 m\u00e1s barata las importaciones (fin de Impuesto PAIS) y exportaciones estacionalmente m\u00e1s bajas.<\/p>\n<p>En este sentido, ser\u00eda deseable que la autoridad monetaria no llegue a dicha instancia en medio de una brecha y expectativas de devaluaci\u00f3n deterioradas. \u00a0Esto tambi\u00e9n es importante para que el BCRA tenga grados de libertad para eliminar o reducir el d\u00f3lar blend (menos oferta en los d\u00f3lares paralelos), especialmente en v\u00edsperas del acuerdo con el FMI -en contra de este tipo de esquemas diferenciados-.<\/p>\n<p>En todo caso, la clave\u00a0<strong>pasar\u00e1 entonces por la cuenta financiera.\u00a0<\/strong>Una cuenta corriente menos holgada (mayores importaciones) y una menor oferta en los mercados financieros (fin o reducci\u00f3n del d\u00f3lar blend) no ser\u00edan un problema para el mercado cambiario si es compensado por un despegue de los pr\u00e9stamos en d\u00f3lares, ingreso de USD v\u00eda RIGI y\/o un nuevo programa con el FMI que habilite la llegada de fondos frescos.<\/p>\n<p>\u00a0<\/p>\n<h3>El BCRA compra divisas en el MULC<\/h3>\n<p>En la semana, <strong>el BCRA mantuvo la postura compradora <\/strong>al hacerse de USD 442 M, elevando el saldo comprador del mes a USD 1.503 M. De esta forma, en la semana actu\u00f3 una oferta de divisas sostenida (agro+oferta financiera), m\u00e1s que compensando una demanda de divisas declinando en la semana. Como resultado, las Reservas Netas (sin DEG) se ubican en terreno negativo pr\u00f3ximas a los USD 5.200 M al excluirse los dep\u00f3sitos del Tesoro en USD y sin restar el BOPREAL.<\/p>\n<h3>La brecha cierra al alza<\/h3>\n<p>La brecha cambiaria <strong>cierra la semana al alza.<\/strong> En n\u00fameros, el d\u00f3lar MEP subi\u00f3 6,8% ($1.144), el d\u00f3lar CCL aument\u00f3 6,5% hasta los $1.164 y el blue se ascendi\u00f3 5,9% ($1.160). Como resultado, la brecha cambiaria promedio cerr\u00f3 la semana en 13%, 7 p.p. por encima del viernes previo. De esta forma, la evoluci\u00f3n reciente de los USD alternativos se encuentra influenciada por la nueva regla de intervenci\u00f3n cambiaria y la din\u00e1mica del blanqueo.<\/p>\n<h3>Relativa estabilidad en los futuros de d\u00f3lar<\/h3>\n<p><strong>Los contratos a futuro del d\u00f3lar finalizan levemente al alza<\/strong>. Puntualmente, los TC impl\u00edcitos en los contratos con vencimiento entre diciembre y febrero 2025 (los m\u00e1s relevantes en cuanto al volumen) subieron 0,2% y aquellos con vencimiento de marzo en adelante se mantuvieron sin variaciones. De esta forma, hacia el primer trimestre de 2025 la variaci\u00f3n esperada se ubica en 2% y 1,7<\/p>","protected":false},"excerpt":{"rendered":"","protected":false},"author":2,"featured_media":3881,"comment_status":"closed","ping_status":"","sticky":false,"template":"","format":"standard","meta":{"author_name":"Kevin Pagnotta","image_url":"http:\/\/eco-latina.com.ar\/wp-content\/uploads\/2024\/12\/Fondo-cambiario-3.jpeg","_joinchat":[],"footnotes":""},"categories":[1],"tags":[],"class_list":["post-3874","post","type-post","status-publish","format-standard","has-post-thumbnail","hentry","category-sin-categoria"],"aioseo_notices":[],"yoast_head":"<!-- This site is optimized with the Yoast SEO plugin v27.5 - https:\/\/yoast.com\/product\/yoast-seo-wordpress\/ -->\n<title>\u00bfLa brecha dej\u00f3 atr\u00e1s un piso? - Ecolatina<\/title>\n<meta name=\"robots\" content=\"index, follow, max-snippet:-1, max-image-preview:large, max-video-preview:-1\" \/>\n<link rel=\"canonical\" href=\"https:\/\/ecolatina.com\/en\/2024\/12\/20\/la-brecha-dejo-atras-un-piso\/\" \/>\n<meta property=\"og:locale\" content=\"en_US\" \/>\n<meta property=\"og:type\" content=\"article\" \/>\n<meta property=\"og:title\" content=\"\u00bfLa brecha dej\u00f3 atr\u00e1s un piso? - Ecolatina\" \/>\n<meta property=\"og:url\" content=\"https:\/\/ecolatina.com\/en\/2024\/12\/20\/la-brecha-dejo-atras-un-piso\/\" \/>\n<meta property=\"og:site_name\" content=\"Ecolatina\" \/>\n<meta property=\"article:published_time\" content=\"2024-12-20T22:09:06+00:00\" \/>\n<meta property=\"article:modified_time\" content=\"2024-12-20T22:11:09+00:00\" \/>\n<meta property=\"og:image\" content=\"https:\/\/ecolatina.com\/wp-content\/uploads\/2024\/12\/Fondo-cambiario-3-4.jpeg\" \/>\n\t<meta property=\"og:image:width\" content=\"1280\" \/>\n\t<meta property=\"og:image:height\" content=\"842\" \/>\n\t<meta property=\"og:image:type\" content=\"image\/jpeg\" \/>\n<meta name=\"author\" content=\"AppVisor Blog Bot\" \/>\n<meta name=\"twitter:card\" content=\"summary_large_image\" \/>\n<meta name=\"twitter:creator\" content=\"@Ecolatina_Arg\" \/>\n<meta name=\"twitter:site\" content=\"@Ecolatina_Arg\" \/>\n<meta name=\"twitter:label1\" content=\"Written by\" \/>\n\t<meta name=\"twitter:data1\" content=\"AppVisor Blog Bot\" \/>\n\t<meta name=\"twitter:label2\" content=\"Est. reading time\" \/>\n\t<meta name=\"twitter:data2\" content=\"10 minutes\" \/>\n<script type=\"application\/ld+json\" class=\"yoast-schema-graph\">{\"@context\":\"https:\\\/\\\/schema.org\",\"@graph\":[{\"@type\":\"Article\",\"@id\":\"https:\\\/\\\/ecolatina.com\\\/2024\\\/12\\\/20\\\/la-brecha-dejo-atras-un-piso\\\/#article\",\"isPartOf\":{\"@id\":\"https:\\\/\\\/ecolatina.com\\\/2024\\\/12\\\/20\\\/la-brecha-dejo-atras-un-piso\\\/\"},\"author\":{\"name\":\"AppVisor Blog Bot\",\"@id\":\"https:\\\/\\\/ecolatina.com\\\/#\\\/schema\\\/person\\\/ff70142206e33eb083069905ccc586b0\"},\"headline\":\"\u00bfLa brecha dej\u00f3 atr\u00e1s un piso?\",\"datePublished\":\"2024-12-20T22:09:06+00:00\",\"dateModified\":\"2024-12-20T22:11:09+00:00\",\"mainEntityOfPage\":{\"@id\":\"https:\\\/\\\/ecolatina.com\\\/2024\\\/12\\\/20\\\/la-brecha-dejo-atras-un-piso\\\/\"},\"wordCount\":1998,\"publisher\":{\"@id\":\"https:\\\/\\\/ecolatina.com\\\/#organization\"},\"image\":{\"@id\":\"https:\\\/\\\/ecolatina.com\\\/2024\\\/12\\\/20\\\/la-brecha-dejo-atras-un-piso\\\/#primaryimage\"},\"thumbnailUrl\":\"https:\\\/\\\/ecolatina.com\\\/wp-content\\\/uploads\\\/2024\\\/12\\\/Fondo-cambiario-3-5.jpeg\",\"articleSection\":[\"Sin categor\u00eda\"],\"inLanguage\":\"en-US\"},{\"@type\":\"WebPage\",\"@id\":\"https:\\\/\\\/ecolatina.com\\\/2024\\\/12\\\/20\\\/la-brecha-dejo-atras-un-piso\\\/\",\"url\":\"https:\\\/\\\/ecolatina.com\\\/2024\\\/12\\\/20\\\/la-brecha-dejo-atras-un-piso\\\/\",\"name\":\"\u00bfLa brecha dej\u00f3 atr\u00e1s un piso? - Ecolatina\",\"isPartOf\":{\"@id\":\"https:\\\/\\\/ecolatina.com\\\/#website\"},\"primaryImageOfPage\":{\"@id\":\"https:\\\/\\\/ecolatina.com\\\/2024\\\/12\\\/20\\\/la-brecha-dejo-atras-un-piso\\\/#primaryimage\"},\"image\":{\"@id\":\"https:\\\/\\\/ecolatina.com\\\/2024\\\/12\\\/20\\\/la-brecha-dejo-atras-un-piso\\\/#primaryimage\"},\"thumbnailUrl\":\"https:\\\/\\\/ecolatina.com\\\/wp-content\\\/uploads\\\/2024\\\/12\\\/Fondo-cambiario-3-5.jpeg\",\"datePublished\":\"2024-12-20T22:09:06+00:00\",\"dateModified\":\"2024-12-20T22:11:09+00:00\",\"breadcrumb\":{\"@id\":\"https:\\\/\\\/ecolatina.com\\\/2024\\\/12\\\/20\\\/la-brecha-dejo-atras-un-piso\\\/#breadcrumb\"},\"inLanguage\":\"en-US\",\"potentialAction\":[{\"@type\":\"ReadAction\",\"target\":[\"https:\\\/\\\/ecolatina.com\\\/2024\\\/12\\\/20\\\/la-brecha-dejo-atras-un-piso\\\/\"]}]},{\"@type\":\"ImageObject\",\"inLanguage\":\"en-US\",\"@id\":\"https:\\\/\\\/ecolatina.com\\\/2024\\\/12\\\/20\\\/la-brecha-dejo-atras-un-piso\\\/#primaryimage\",\"url\":\"https:\\\/\\\/ecolatina.com\\\/wp-content\\\/uploads\\\/2024\\\/12\\\/Fondo-cambiario-3-5.jpeg\",\"contentUrl\":\"https:\\\/\\\/ecolatina.com\\\/wp-content\\\/uploads\\\/2024\\\/12\\\/Fondo-cambiario-3-5.jpeg\",\"width\":1280,\"height\":842},{\"@type\":\"BreadcrumbList\",\"@id\":\"https:\\\/\\\/ecolatina.com\\\/2024\\\/12\\\/20\\\/la-brecha-dejo-atras-un-piso\\\/#breadcrumb\",\"itemListElement\":[{\"@type\":\"ListItem\",\"position\":1,\"name\":\"Inicio\",\"item\":\"https:\\\/\\\/ecolatina.com\\\/\"},{\"@type\":\"ListItem\",\"position\":2,\"name\":\"\u00bfLa brecha dej\u00f3 atr\u00e1s un piso?\"}]},{\"@type\":\"WebSite\",\"@id\":\"https:\\\/\\\/ecolatina.com\\\/#website\",\"url\":\"https:\\\/\\\/ecolatina.com\\\/\",\"name\":\"Ecolatina\",\"description\":\"Tu socio estrat\u00e9gico para la toma de decisiones \",\"publisher\":{\"@id\":\"https:\\\/\\\/ecolatina.com\\\/#organization\"},\"potentialAction\":[{\"@type\":\"SearchAction\",\"target\":{\"@type\":\"EntryPoint\",\"urlTemplate\":\"https:\\\/\\\/ecolatina.com\\\/?s={search_term_string}\"},\"query-input\":{\"@type\":\"PropertyValueSpecification\",\"valueRequired\":true,\"valueName\":\"search_term_string\"}}],\"inLanguage\":\"en-US\"},{\"@type\":\"Organization\",\"@id\":\"https:\\\/\\\/ecolatina.com\\\/#organization\",\"name\":\"Ecolatina\",\"url\":\"https:\\\/\\\/ecolatina.com\\\/\",\"logo\":{\"@type\":\"ImageObject\",\"inLanguage\":\"en-US\",\"@id\":\"https:\\\/\\\/ecolatina.com\\\/#\\\/schema\\\/logo\\\/image\\\/\",\"url\":\"https:\\\/\\\/ecolatina.com\\\/wp-content\\\/uploads\\\/2023\\\/05\\\/Ecolatina_logo_01-verde-sin-tagline.png\",\"contentUrl\":\"https:\\\/\\\/ecolatina.com\\\/wp-content\\\/uploads\\\/2023\\\/05\\\/Ecolatina_logo_01-verde-sin-tagline.png\",\"width\":1008,\"height\":260,\"caption\":\"Ecolatina\"},\"image\":{\"@id\":\"https:\\\/\\\/ecolatina.com\\\/#\\\/schema\\\/logo\\\/image\\\/\"},\"sameAs\":[\"https:\\\/\\\/x.com\\\/Ecolatina_Arg\",\"https:\\\/\\\/www.linkedin.com\\\/company\\\/ecolatina\\\/?originalSubdomain=ar\"]},{\"@type\":\"Person\",\"@id\":\"https:\\\/\\\/ecolatina.com\\\/#\\\/schema\\\/person\\\/ff70142206e33eb083069905ccc586b0\",\"name\":\"AppVisor Blog Bot\",\"url\":\"https:\\\/\\\/ecolatina.com\\\/en\\\/author\\\/appvisorblogbot\\\/\"}]}<\/script>\n<!-- \/ Yoast SEO plugin. -->","yoast_head_json":{"title":"\u00bfLa brecha dej\u00f3 atr\u00e1s un piso? - Ecolatina","robots":{"index":"index","follow":"follow","max-snippet":"max-snippet:-1","max-image-preview":"max-image-preview:large","max-video-preview":"max-video-preview:-1"},"canonical":"https:\/\/ecolatina.com\/en\/2024\/12\/20\/la-brecha-dejo-atras-un-piso\/","og_locale":"en_US","og_type":"article","og_title":"\u00bfLa brecha dej\u00f3 atr\u00e1s un piso? - Ecolatina","og_url":"https:\/\/ecolatina.com\/en\/2024\/12\/20\/la-brecha-dejo-atras-un-piso\/","og_site_name":"Ecolatina","article_published_time":"2024-12-20T22:09:06+00:00","article_modified_time":"2024-12-20T22:11:09+00:00","og_image":[{"width":1280,"height":842,"url":"https:\/\/ecolatina.com\/wp-content\/uploads\/2024\/12\/Fondo-cambiario-3-4.jpeg","type":"image\/jpeg"}],"author":"AppVisor Blog Bot","twitter_card":"summary_large_image","twitter_creator":"@Ecolatina_Arg","twitter_site":"@Ecolatina_Arg","twitter_misc":{"Written by":"AppVisor Blog Bot","Est. reading time":"10 minutes"},"schema":{"@context":"https:\/\/schema.org","@graph":[{"@type":"Article","@id":"https:\/\/ecolatina.com\/2024\/12\/20\/la-brecha-dejo-atras-un-piso\/#article","isPartOf":{"@id":"https:\/\/ecolatina.com\/2024\/12\/20\/la-brecha-dejo-atras-un-piso\/"},"author":{"name":"AppVisor Blog Bot","@id":"https:\/\/ecolatina.com\/#\/schema\/person\/ff70142206e33eb083069905ccc586b0"},"headline":"\u00bfLa brecha dej\u00f3 atr\u00e1s un piso?","datePublished":"2024-12-20T22:09:06+00:00","dateModified":"2024-12-20T22:11:09+00:00","mainEntityOfPage":{"@id":"https:\/\/ecolatina.com\/2024\/12\/20\/la-brecha-dejo-atras-un-piso\/"},"wordCount":1998,"publisher":{"@id":"https:\/\/ecolatina.com\/#organization"},"image":{"@id":"https:\/\/ecolatina.com\/2024\/12\/20\/la-brecha-dejo-atras-un-piso\/#primaryimage"},"thumbnailUrl":"https:\/\/ecolatina.com\/wp-content\/uploads\/2024\/12\/Fondo-cambiario-3-5.jpeg","articleSection":["Sin categor\u00eda"],"inLanguage":"en-US"},{"@type":"WebPage","@id":"https:\/\/ecolatina.com\/2024\/12\/20\/la-brecha-dejo-atras-un-piso\/","url":"https:\/\/ecolatina.com\/2024\/12\/20\/la-brecha-dejo-atras-un-piso\/","name":"\u00bfLa brecha dej\u00f3 atr\u00e1s un piso? - Ecolatina","isPartOf":{"@id":"https:\/\/ecolatina.com\/#website"},"primaryImageOfPage":{"@id":"https:\/\/ecolatina.com\/2024\/12\/20\/la-brecha-dejo-atras-un-piso\/#primaryimage"},"image":{"@id":"https:\/\/ecolatina.com\/2024\/12\/20\/la-brecha-dejo-atras-un-piso\/#primaryimage"},"thumbnailUrl":"https:\/\/ecolatina.com\/wp-content\/uploads\/2024\/12\/Fondo-cambiario-3-5.jpeg","datePublished":"2024-12-20T22:09:06+00:00","dateModified":"2024-12-20T22:11:09+00:00","breadcrumb":{"@id":"https:\/\/ecolatina.com\/2024\/12\/20\/la-brecha-dejo-atras-un-piso\/#breadcrumb"},"inLanguage":"en-US","potentialAction":[{"@type":"ReadAction","target":["https:\/\/ecolatina.com\/2024\/12\/20\/la-brecha-dejo-atras-un-piso\/"]}]},{"@type":"ImageObject","inLanguage":"en-US","@id":"https:\/\/ecolatina.com\/2024\/12\/20\/la-brecha-dejo-atras-un-piso\/#primaryimage","url":"https:\/\/ecolatina.com\/wp-content\/uploads\/2024\/12\/Fondo-cambiario-3-5.jpeg","contentUrl":"https:\/\/ecolatina.com\/wp-content\/uploads\/2024\/12\/Fondo-cambiario-3-5.jpeg","width":1280,"height":842},{"@type":"BreadcrumbList","@id":"https:\/\/ecolatina.com\/2024\/12\/20\/la-brecha-dejo-atras-un-piso\/#breadcrumb","itemListElement":[{"@type":"ListItem","position":1,"name":"Inicio","item":"https:\/\/ecolatina.com\/"},{"@type":"ListItem","position":2,"name":"\u00bfLa brecha dej\u00f3 atr\u00e1s un piso?"}]},{"@type":"WebSite","@id":"https:\/\/ecolatina.com\/#website","url":"https:\/\/ecolatina.com\/","name":"Ecolatina","description":"Tu socio estrat\u00e9gico para la toma de decisiones","publisher":{"@id":"https:\/\/ecolatina.com\/#organization"},"potentialAction":[{"@type":"SearchAction","target":{"@type":"EntryPoint","urlTemplate":"https:\/\/ecolatina.com\/?s={search_term_string}"},"query-input":{"@type":"PropertyValueSpecification","valueRequired":true,"valueName":"search_term_string"}}],"inLanguage":"en-US"},{"@type":"Organization","@id":"https:\/\/ecolatina.com\/#organization","name":"Ecolatina","url":"https:\/\/ecolatina.com\/","logo":{"@type":"ImageObject","inLanguage":"en-US","@id":"https:\/\/ecolatina.com\/#\/schema\/logo\/image\/","url":"https:\/\/ecolatina.com\/wp-content\/uploads\/2023\/05\/Ecolatina_logo_01-verde-sin-tagline.png","contentUrl":"https:\/\/ecolatina.com\/wp-content\/uploads\/2023\/05\/Ecolatina_logo_01-verde-sin-tagline.png","width":1008,"height":260,"caption":"Ecolatina"},"image":{"@id":"https:\/\/ecolatina.com\/#\/schema\/logo\/image\/"},"sameAs":["https:\/\/x.com\/Ecolatina_Arg","https:\/\/www.linkedin.com\/company\/ecolatina\/?originalSubdomain=ar"]},{"@type":"Person","@id":"https:\/\/ecolatina.com\/#\/schema\/person\/ff70142206e33eb083069905ccc586b0","name":"AppVisor Blog Bot","url":"https:\/\/ecolatina.com\/en\/author\/appvisorblogbot\/"}]}},"_links":{"self":[{"href":"https:\/\/ecolatina.com\/en\/wp-json\/wp\/v2\/posts\/3874","targetHints":{"allow":["GET"]}}],"collection":[{"href":"https:\/\/ecolatina.com\/en\/wp-json\/wp\/v2\/posts"}],"about":[{"href":"https:\/\/ecolatina.com\/en\/wp-json\/wp\/v2\/types\/post"}],"author":[{"embeddable":true,"href":"https:\/\/ecolatina.com\/en\/wp-json\/wp\/v2\/users\/2"}],"replies":[{"embeddable":true,"href":"https:\/\/ecolatina.com\/en\/wp-json\/wp\/v2\/comments?post=3874"}],"version-history":[{"count":1,"href":"https:\/\/ecolatina.com\/en\/wp-json\/wp\/v2\/posts\/3874\/revisions"}],"predecessor-version":[{"id":3877,"href":"https:\/\/ecolatina.com\/en\/wp-json\/wp\/v2\/posts\/3874\/revisions\/3877"}],"wp:featuredmedia":[{"embeddable":true,"href":"https:\/\/ecolatina.com\/en\/wp-json\/wp\/v2\/media\/3881"}],"wp:attachment":[{"href":"https:\/\/ecolatina.com\/en\/wp-json\/wp\/v2\/media?parent=3874"}],"wp:term":[{"taxonomy":"category","embeddable":true,"href":"https:\/\/ecolatina.com\/en\/wp-json\/wp\/v2\/categories?post=3874"},{"taxonomy":"post_tag","embeddable":true,"href":"https:\/\/ecolatina.com\/en\/wp-json\/wp\/v2\/tags?post=3874"}],"curies":[{"name":"wp","href":"https:\/\/api.w.org\/{rel}","templated":true}]}}