{"id":3893,"date":"2025-01-24T19:22:40","date_gmt":"2025-01-24T22:22:40","guid":{"rendered":"https:\/\/ecolatina.com\/2025\/01\/24\/costos-y-beneficios-de-la-baja-de-las-retenciones\/"},"modified":"2025-01-27T16:20:36","modified_gmt":"2025-01-27T19:20:36","slug":"costos-y-beneficios-de-la-baja-de-las-retenciones","status":"publish","type":"post","link":"https:\/\/ecolatina.com\/en\/2025\/01\/24\/costos-y-beneficios-de-la-baja-de-las-retenciones\/","title":{"rendered":"Costos y beneficios de la baja de las retenciones"},"content":{"rendered":"<p><em>La \u00faltima semana se desenvolvi\u00f3 con la t\u00f3nica previa y sigui\u00f3 cargada de novedades en materia cambiaria-financiera. Por un lado, la brecha cambiaria contin\u00fao estable, aunque retrocediendo en el margen durante la jornada de hoy. A diferencia de las \u00faltimas semanas, lo positivo es que el BCRA comenz\u00f3 a retirarse lentamente del mercado financiero. En otro orden, la Secretar\u00eda de Finanzas anunci\u00f3 una adhesi\u00f3n del 64% al reciente canje de la deuda en pesos (55% del sector privado), lo cual ayuda a reducir en $14 billones los vencimientos de corto plazo. Por otro lado, el BCRA no pudo sostener la postura compradora y redonde\u00f3 ventas netas por USD 119 M, siendo la primera semana en rojo desde finales de 2024.<\/em><\/p>\n<p><em>En medio de esta reducci\u00f3n de las liquidaciones el Gobierno anunci\u00f3 la baja permanente de retenciones para econom\u00edas regionales (tabaco, az\u00facar, algod\u00f3n, etc.) y temporaria (hasta el 30 de junio) para los principales cultivos de exportaci\u00f3n. Detr\u00e1s de esta decisi\u00f3n, se conjuga un escenario internacional de precios de commodities reducidos y un tipo de cambio real apenas un 6% por encima de diciembre del 2023, que arroja precios percibidos por el productor al nivel m\u00e1s bajo desde finales de 2015. Para empeorar la situaci\u00f3n, en las \u00faltimas semanas se agudiz\u00f3 el deterioro de las condiciones clim\u00e1ticas. En este marco, el Gobierno utiliz\u00f3 el espacio fiscal obtenido el a\u00f1o anterior, decidiendo reducir las retenciones y promoviendo la liquidaci\u00f3n de divisas en el MULC.<\/em><\/p>\n<p><em>Hacia adelante, quedan algunos interrogantes a futuro. Por un lado, ser\u00e1 esencial lo que ocurra con el clima en un escenario que se vuelve cada vez m\u00e1s pesimista. Por el otro, surge el interrogante sobre lo que puede ocurrir en el MULC desde julio. En el marco actual, lo l\u00f3gico ser\u00eda que las liquidaciones de agro se anticipen para poder aprovechar el beneficio impositivo, lo cual redundar\u00eda en una menor oferta posterior en un contexto que estar\u00e1 atravesado por la t\u00edpica volatilidad electoral. Por tal motivo, no descartamos que el Gobierno se incline por extender un tiempo m\u00e1s el esquema si la situaci\u00f3n lo requiere.<\/em><\/p>\n<p>\u00a0<\/p>\n<p>La \u00faltima semana se desenvolvi\u00f3 con la t\u00f3nica previa y sigui\u00f3 cargada de novedades en materia <strong>cambiaria-financiera<\/strong>. Por un lado, la brecha cambiaria contin\u00fao estable, aunque retrocediendo en el margen durante la jornada de hoy. A diferencia de las \u00faltimas semanas, lo positivo es que el BCRA comenz\u00f3 a retirarse lentamente del mercado financiero. Seg\u00fan se conoci\u00f3 por una presentaci\u00f3n realizada el 20 de enero por Vladimir Werning, (vicepresidente del BCRA), la presencia de la autoridad monetaria en el mercado secundario se profundiz\u00f3 durante enero al desprenderse de USD 619 M (hasta el 16\/01), acelerando la tendencia respecto a diciembre (USD 325 M) del a\u00f1o previo.<\/p>\n<p>En otro orden, la Secretar\u00eda de Finanzas anunci\u00f3 una <strong>adhesi\u00f3n del 64% al reciente canje<\/strong> de la deuda en pesos (55% del sector privado), lo cual ayuda a reducir en $14 billones los vencimientos de corto plazo.<\/p>\n<p>Por otro lado, el BCRA no pudo sostener la postura compradora y <strong>redonde\u00f3<\/strong> <strong>ventas netas por USD 119 M<\/strong>, siendo la primera semana en rojo desde finales de 2024. Detr\u00e1s de ello, la liquidaci\u00f3n del agro se redujo sensiblemente, promediando una oferta diaria de USD 54 M (con datos hasta el mi\u00e9rcoles), muy por debajo del ritmo superior a los USD 100 M que present\u00f3 durante el mes.<\/p>\n<p>Justamente, en medio de la reducci\u00f3n de las liquidaciones, el Gobierno anunci\u00f3 durante la tarde del jueves la <strong>modificaci\u00f3n a las retenciones del sector<\/strong>. En primer lugar, se elimin\u00f3 de forma permanente las retenciones para las exportaciones de las econom\u00edas regionales (tabaco, az\u00facar, algod\u00f3n, etc.). En segundo lugar, se redujo de forma temporaria hasta el 30 de junio de 2024 las retenciones para los principales cultivos: porotos de soja pasa a 26% (vs 33% previo), productos derivados de soja 24,5% (31%), girasol 5,5% (7%), y trigo, cebada, sorgo y ma\u00edz 9,5% (12%). Asimismo, aquellos exportadores que quieran contar con el beneficio deber\u00e1n pagar el derecho a los 5 d\u00edas h\u00e1biles de la declaraci\u00f3n jurada de exportaci\u00f3n (DJVE), y a los 15 d\u00edas liquidar las divisas correspondientes.<\/p>\n<p>Explicando esta decisi\u00f3n, las autoridades mencionaron la reducci\u00f3n de <strong>los precios internacionales<\/strong> y <strong>las<\/strong> <strong>duras condiciones clim\u00e1ticas <\/strong>que viene atravesando el sector. Respecto a los precios, desde la tercera semana del mes la cotizaci\u00f3n de la soja en Chicago comenz\u00f3 a dar t\u00edmidos indicios de recuperaci\u00f3n al rondar cerca de los 390 USD\/Tn, algo positivo al contrastar con los 350 USD\/Tn que lleg\u00f3 a tocar a mediados de diciembre (el valor m\u00e1s bajo desde el 2006 medido a precios de hoy). No obstante, durante diciembre y enero el precio promedi\u00f3 los 370 USD\/Tn, muy por debajo de los m\u00e1s de 460 USD\/Tn que supo alcanzar en el mismo lapso del a\u00f1o previo.<\/p>\n<p>En este marco, se inserta un <strong>tipo de cambio real <\/strong>que se ubica apenas un 6% por encima del 12 de diciembre del 2023 (previo a la correcci\u00f3n cambiaria) y en niveles similares a los de finales de 2015. Asimismo, la reducci\u00f3n del crawling peg al 1% mensual a partir de febrero promete, al menos, el sostenimiento del statu quo cambiario actual. Naturalmente, el combo de precios internacionales a la baja y mayor apreciaci\u00f3n cambiaria se traduce en precios menos competitivos para los productores locales.<\/p>\n<p>En este sentido, los precios al productor <strong>tocaron el nivel m\u00e1s bajo desde finales de 2015<\/strong>. Sumado a los precios internacionales, los factores locales jugaron su papel: el blanqueo y el mayor optimismo financiero contrajo la brecha durante noviembre y diciembre del 2024, y con ello la ganancia de competitividad cambiaria que introduce el d\u00f3lar blend. Como consecuencia, en diciembre el precio del productor a precios actuales promedi\u00f3 el valor m\u00e1s bajo desde finales de 2015, para comenzar a recuperarse levemente durante el mes en curso.<\/p>\n<p><img fetchpriority=\"high\" decoding=\"async\" class=\"aligncenter wp-image-18689 size-full\" src=\"https:\/\/eco-latina.com.ar\/wp-content\/uploads\/2025\/01\/Diapositiva1-1.png\" alt=\"\" width=\"1280\" height=\"720\" \/><\/p>\n<p>Para empeorar la situaci\u00f3n, <strong>las lluvias en enero no llegaron en la medida necesaria<\/strong>. Las precipitaciones del mes se ubicaron en uno de los registros m\u00e1s bajo para un enero, desmejorando sensiblemente las condiciones h\u00eddricas y afectando las condiciones de los cultivos. Por caso, la Bolsa de Cereales de Buenos Aires destac\u00f3 en su \u00faltimo informe que las lluvias recientes fueron heterog\u00e9neas tanto en intensidad como en su distribuci\u00f3n, afectando la condici\u00f3n de los cultivos: la condici\u00f3n normal\/buena de la soja pas\u00f3 al 72% (vs 92% en la misma instancia de la campa\u00f1a previa) y la del ma\u00edz al 80% (95%).<\/p>\n<p>En paralelo, las condiciones h\u00eddricas al 22 de enero para la soja a nivel nacional se encuentran un 45% en regular\/sequ\u00eda y un 55% en estado \u00f3ptimo\/adecuado, cuando a comienzo de mes se ubican en 19% y 81%, respectivamente. Las condiciones empeoran sensiblemente para la regi\u00f3n n\u00facleo, en particular para la zona sur que presenta el 56,7% en condiciones de regular\/sequ\u00eda. Asimismo, los pron\u00f3sticos de precipitaciones vienen empeorando: la probabilidad de La Ni\u00f1a (lluvias por debajo del promedio hist\u00f3rico) para el primer trimestre del a\u00f1o superan el 80% (en diciembre era del 63%).<\/p>\n<p><img decoding=\"async\" class=\"aligncenter wp-image-18690 size-full\" src=\"https:\/\/eco-latina.com.ar\/wp-content\/uploads\/2025\/01\/Diapositiva2-1.png\" alt=\"\" width=\"1280\" height=\"720\" \/><\/p>\n<p>Con todo, la medida abona a dos objetivos en simult\u00e1neo. En primer lugar, da una <strong>se\u00f1al de apoyo al sector agropecuario<\/strong>, el cual adem\u00e1s viene atravesando una compleja situaci\u00f3n financiera que arrastra desde la sequ\u00eda del 2023. Al mismo tiempo, <strong>fomenta la liquidaci\u00f3n de divisas <\/strong>en un 2024 que tendr\u00e1 como tel\u00f3n de fondo la contienda electoral y la probable volatilidad cambiaria\/financiera asociada a los a\u00f1os impares.<\/p>\n<p>Para tal fin, Hacienda est\u00e1 aprovechando el <strong>espacio fiscal <\/strong>construido durante 2024 (recordar que finaliz\u00f3 con un super\u00e1vit luego de catorce a\u00f1os). No obstante, el <strong>trade-off <\/strong>entre mayor liquidaci\u00f3n de divisas y costo fiscal de la medida (aproximadamente 0,14% del PIB) se da en medio de un desafiante panorama para las cuentas p\u00fablicas, que ya no contar\u00e1n con el Impuesto PAIS y los ingresos extraordinarios obtenidos durante el a\u00f1o previo. En este sentido, ser\u00e1 crucial que la recuperaci\u00f3n de la actividad se torne m\u00e1s robusta y permita recuperar la fuente de ingresos ligadas a la misma.<\/p>\n<p>Adem\u00e1s, otro costo vinculado ser\u00e1 observar el potencial <strong>impacto en los precios<\/strong> de la baja de retenciones, en particular en productos m\u00e1s ligados a la canasta de consumo (frutas, verduras, carnes, etc.). Si bien no vemos que la medida dispare una aceleraci\u00f3n de los precios, lo que s\u00ed resulta probable es que compense en parte el efecto de la reducci\u00f3n del crawling peg al 1% y ralentice la convergencia de los bienes a la nueva pauta de devaluaci\u00f3n oficial.<\/p>\n<p>Volviendo al impacto en el mercado oficial, la medida dotar\u00e1 de una <strong>mayor oferta al MULC, tanto comercial como financiera<\/strong>. Los productores tendr\u00e1n incentivos a liquidar divisas aprovechando el nuevo esquema (con un plazo de 15 d\u00edas, como mencionamos arriba), y no s\u00f3lo para la campa\u00f1a actual, sino para los stocks de la campa\u00f1a previa. Por caso, quedan un total de 11,8 MTn y 14,7 MTn de DJVEs de ma\u00edz y soja, respectivamente, con precio sin fijar correspondientes a la campa\u00f1a 2023\/24 (datos al 15\/1). Asimismo, el mayor atractivo a adelantar liquidaciones en el marco del <strong>carry en USD <\/strong>podr\u00eda extender los <strong>pr\u00e9stamos y prefinanciaciones en moneda extranjera<\/strong>. Adicionalmente, la leve mejor\u00eda en la ecuaci\u00f3n que induce la baja de retenciones da mayor solidez para que el BCRA introduzca una reducci\u00f3n de la tasa de pol\u00edtica monetaria sin temores a un desarme de posiciones de carry.<\/p>\n<p>As\u00ed las cosas, quedan algunos <strong>interrogantes <\/strong>a futuro. Por un lado, ser\u00e1 esencial lo que ocurra con el clima en un escenario que se vuelve cada vez m\u00e1s pesimista. Si las lluvias no llegan en el tiempo y volumen adecuado, el efecto paliativo de las retenciones ser\u00e1 cada vez menor y tornar\u00e1 necesario que se tomen nuevas medidas, con los consecuentes efectos en materia fiscal y en el ingreso de divisas en el MULC.<\/p>\n<p>Por otro lado, surge el interrogante sobre lo que puede ocurrir en el MULC desde julio. En el marco actual, lo l\u00f3gico ser\u00eda que las liquidaciones de agro se anticipen para poder aprovechar el beneficio impositivo, lo cual redundar\u00eda en una menor oferta posterior en un contexto que estar\u00e1 atravesado por la t\u00edpica volatilidad electoral. Por tal motivo, no descartamos que el Gobierno se incline por extender un tiempo m\u00e1s el esquema si la situaci\u00f3n lo requiere. En cualquier caso, la compleja situaci\u00f3n actual que enfrenta el agro deja como evidencia que cada vez se hace m\u00e1s compleja la eliminaci\u00f3n o flexibilizaci\u00f3n del d\u00f3lar blend.<\/p>\n<h3>El BCRA vende divisas en el MULC<\/h3>\n<p>Durante las \u00faltimas 5 ruedas, <strong>el BCRA sumo ventas por USD 119 M en el MULC<\/strong> producto de una liquidaci\u00f3n del agro reduci\u00e9ndose a la mitad del ritmo que ven\u00eda presentando durante el mes y una demanda que se mantuvo relativamente estable. De todas formas, en lo que va del a\u00f1o la autoridad monetaria acumula compras por USD 1.430 M. En consecuencia, las Reservas Netas cerraron la semana en terreno negativo por cerca de USD 9.500 M (-USD 6.000 M si no se descuentan los dep\u00f3sitos del Tesoro).<\/p>\n<h3>La brecha se mantiene relativamente estable<\/h3>\n<p>Durante la \u00faltima semana<strong>, los d\u00f3lares alternativos continuaron mostrando cierta estabilidad<\/strong>, aunque retrocedieron en el margen en la jornada de hoy producto del anuncio de la baja de retenciones. En concreto, el d\u00f3lar blue cay\u00f3 0,8% semanal ($1.25), el d\u00f3lar MEP recort\u00f3 un 1,3% ($1.152) y el CCL se redujo un 1,7% ($1.167). Como resultado, la brecha cambiaria promedio termin\u00f3 la semana en la zona del 13%.<\/p>\n<h3>Estabilidad en los futuros del d\u00f3lar<\/h3>\n<p>Los contratos a futro del d\u00f3lar terminaron la semana<strong> pr\u00e1cticamente neutros<\/strong>. En detalle, los contratos del primer trimestre del a\u00f1o (los m\u00e1s relevantes en cuanto a volumen) retrocedieron 0,1%, aunque fue compensando por un alza de la misma magnitud y en sentido contrario por los contratos de abril en adelante. Respecto a las devaluaciones impl\u00edcitas, promedian un 1,7% hasta marzo y un 1,6%.<\/p>","protected":false},"excerpt":{"rendered":"","protected":false},"author":2,"featured_media":3910,"comment_status":"closed","ping_status":"","sticky":false,"template":"","format":"standard","meta":{"author_name":"Kevin Pagnotta","image_url":"https:\/\/eco-latina.com.ar\/wp-content\/uploads\/2025\/01\/Fondo-cambiario-1.jpeg","_joinchat":[],"footnotes":""},"categories":[1],"tags":[],"class_list":["post-3893","post","type-post","status-publish","format-standard","has-post-thumbnail","hentry","category-sin-categoria"],"aioseo_notices":[],"yoast_head":"<!-- This site is optimized with the Yoast SEO plugin v27.5 - https:\/\/yoast.com\/product\/yoast-seo-wordpress\/ -->\n<title>Costos y beneficios de la baja de las retenciones - Ecolatina<\/title>\n<meta name=\"robots\" content=\"index, follow, max-snippet:-1, max-image-preview:large, max-video-preview:-1\" \/>\n<link rel=\"canonical\" href=\"https:\/\/ecolatina.com\/en\/2025\/01\/24\/costos-y-beneficios-de-la-baja-de-las-retenciones\/\" \/>\n<meta property=\"og:locale\" content=\"en_US\" \/>\n<meta property=\"og:type\" content=\"article\" \/>\n<meta property=\"og:title\" content=\"Costos y beneficios de la baja de las retenciones - Ecolatina\" \/>\n<meta property=\"og:url\" content=\"https:\/\/ecolatina.com\/en\/2025\/01\/24\/costos-y-beneficios-de-la-baja-de-las-retenciones\/\" \/>\n<meta property=\"og:site_name\" content=\"Ecolatina\" \/>\n<meta property=\"article:published_time\" content=\"2025-01-24T22:22:40+00:00\" \/>\n<meta property=\"article:modified_time\" content=\"2025-01-27T19:20:36+00:00\" \/>\n<meta property=\"og:image\" content=\"https:\/\/ecolatina.com\/wp-content\/uploads\/2025\/01\/Fondo-cambiario-1-3.jpeg\" \/>\n\t<meta property=\"og:image:width\" content=\"1280\" \/>\n\t<meta property=\"og:image:height\" content=\"842\" \/>\n\t<meta property=\"og:image:type\" content=\"image\/jpeg\" \/>\n<meta name=\"author\" content=\"AppVisor Blog Bot\" \/>\n<meta name=\"twitter:card\" content=\"summary_large_image\" \/>\n<meta name=\"twitter:creator\" content=\"@Ecolatina_Arg\" \/>\n<meta name=\"twitter:site\" content=\"@Ecolatina_Arg\" \/>\n<meta name=\"twitter:label1\" content=\"Written by\" \/>\n\t<meta name=\"twitter:data1\" content=\"AppVisor Blog Bot\" \/>\n\t<meta name=\"twitter:label2\" content=\"Est. reading time\" \/>\n\t<meta name=\"twitter:data2\" content=\"10 minutes\" \/>\n<script type=\"application\/ld+json\" class=\"yoast-schema-graph\">{\"@context\":\"https:\\\/\\\/schema.org\",\"@graph\":[{\"@type\":\"Article\",\"@id\":\"https:\\\/\\\/ecolatina.com\\\/2025\\\/01\\\/24\\\/costos-y-beneficios-de-la-baja-de-las-retenciones\\\/#article\",\"isPartOf\":{\"@id\":\"https:\\\/\\\/ecolatina.com\\\/2025\\\/01\\\/24\\\/costos-y-beneficios-de-la-baja-de-las-retenciones\\\/\"},\"author\":{\"name\":\"AppVisor Blog Bot\",\"@id\":\"https:\\\/\\\/ecolatina.com\\\/#\\\/schema\\\/person\\\/ff70142206e33eb083069905ccc586b0\"},\"headline\":\"Costos y beneficios de la baja de las retenciones\",\"datePublished\":\"2025-01-24T22:22:40+00:00\",\"dateModified\":\"2025-01-27T19:20:36+00:00\",\"mainEntityOfPage\":{\"@id\":\"https:\\\/\\\/ecolatina.com\\\/2025\\\/01\\\/24\\\/costos-y-beneficios-de-la-baja-de-las-retenciones\\\/\"},\"wordCount\":2039,\"publisher\":{\"@id\":\"https:\\\/\\\/ecolatina.com\\\/#organization\"},\"image\":{\"@id\":\"https:\\\/\\\/ecolatina.com\\\/2025\\\/01\\\/24\\\/costos-y-beneficios-de-la-baja-de-las-retenciones\\\/#primaryimage\"},\"thumbnailUrl\":\"https:\\\/\\\/ecolatina.com\\\/wp-content\\\/uploads\\\/2025\\\/01\\\/Fondo-cambiario-1-4.jpeg\",\"articleSection\":[\"Sin categor\u00eda\"],\"inLanguage\":\"en-US\"},{\"@type\":\"WebPage\",\"@id\":\"https:\\\/\\\/ecolatina.com\\\/2025\\\/01\\\/24\\\/costos-y-beneficios-de-la-baja-de-las-retenciones\\\/\",\"url\":\"https:\\\/\\\/ecolatina.com\\\/2025\\\/01\\\/24\\\/costos-y-beneficios-de-la-baja-de-las-retenciones\\\/\",\"name\":\"Costos y beneficios de la baja de las retenciones - Ecolatina\",\"isPartOf\":{\"@id\":\"https:\\\/\\\/ecolatina.com\\\/#website\"},\"primaryImageOfPage\":{\"@id\":\"https:\\\/\\\/ecolatina.com\\\/2025\\\/01\\\/24\\\/costos-y-beneficios-de-la-baja-de-las-retenciones\\\/#primaryimage\"},\"image\":{\"@id\":\"https:\\\/\\\/ecolatina.com\\\/2025\\\/01\\\/24\\\/costos-y-beneficios-de-la-baja-de-las-retenciones\\\/#primaryimage\"},\"thumbnailUrl\":\"https:\\\/\\\/ecolatina.com\\\/wp-content\\\/uploads\\\/2025\\\/01\\\/Fondo-cambiario-1-4.jpeg\",\"datePublished\":\"2025-01-24T22:22:40+00:00\",\"dateModified\":\"2025-01-27T19:20:36+00:00\",\"breadcrumb\":{\"@id\":\"https:\\\/\\\/ecolatina.com\\\/2025\\\/01\\\/24\\\/costos-y-beneficios-de-la-baja-de-las-retenciones\\\/#breadcrumb\"},\"inLanguage\":\"en-US\",\"potentialAction\":[{\"@type\":\"ReadAction\",\"target\":[\"https:\\\/\\\/ecolatina.com\\\/2025\\\/01\\\/24\\\/costos-y-beneficios-de-la-baja-de-las-retenciones\\\/\"]}]},{\"@type\":\"ImageObject\",\"inLanguage\":\"en-US\",\"@id\":\"https:\\\/\\\/ecolatina.com\\\/2025\\\/01\\\/24\\\/costos-y-beneficios-de-la-baja-de-las-retenciones\\\/#primaryimage\",\"url\":\"https:\\\/\\\/ecolatina.com\\\/wp-content\\\/uploads\\\/2025\\\/01\\\/Fondo-cambiario-1-4.jpeg\",\"contentUrl\":\"https:\\\/\\\/ecolatina.com\\\/wp-content\\\/uploads\\\/2025\\\/01\\\/Fondo-cambiario-1-4.jpeg\",\"width\":1280,\"height\":842},{\"@type\":\"BreadcrumbList\",\"@id\":\"https:\\\/\\\/ecolatina.com\\\/2025\\\/01\\\/24\\\/costos-y-beneficios-de-la-baja-de-las-retenciones\\\/#breadcrumb\",\"itemListElement\":[{\"@type\":\"ListItem\",\"position\":1,\"name\":\"Inicio\",\"item\":\"https:\\\/\\\/ecolatina.com\\\/\"},{\"@type\":\"ListItem\",\"position\":2,\"name\":\"Costos y beneficios de la baja de las retenciones\"}]},{\"@type\":\"WebSite\",\"@id\":\"https:\\\/\\\/ecolatina.com\\\/#website\",\"url\":\"https:\\\/\\\/ecolatina.com\\\/\",\"name\":\"Ecolatina\",\"description\":\"Tu socio estrat\u00e9gico para la toma de decisiones \",\"publisher\":{\"@id\":\"https:\\\/\\\/ecolatina.com\\\/#organization\"},\"potentialAction\":[{\"@type\":\"SearchAction\",\"target\":{\"@type\":\"EntryPoint\",\"urlTemplate\":\"https:\\\/\\\/ecolatina.com\\\/?s={search_term_string}\"},\"query-input\":{\"@type\":\"PropertyValueSpecification\",\"valueRequired\":true,\"valueName\":\"search_term_string\"}}],\"inLanguage\":\"en-US\"},{\"@type\":\"Organization\",\"@id\":\"https:\\\/\\\/ecolatina.com\\\/#organization\",\"name\":\"Ecolatina\",\"url\":\"https:\\\/\\\/ecolatina.com\\\/\",\"logo\":{\"@type\":\"ImageObject\",\"inLanguage\":\"en-US\",\"@id\":\"https:\\\/\\\/ecolatina.com\\\/#\\\/schema\\\/logo\\\/image\\\/\",\"url\":\"https:\\\/\\\/ecolatina.com\\\/wp-content\\\/uploads\\\/2023\\\/05\\\/Ecolatina_logo_01-verde-sin-tagline.png\",\"contentUrl\":\"https:\\\/\\\/ecolatina.com\\\/wp-content\\\/uploads\\\/2023\\\/05\\\/Ecolatina_logo_01-verde-sin-tagline.png\",\"width\":1008,\"height\":260,\"caption\":\"Ecolatina\"},\"image\":{\"@id\":\"https:\\\/\\\/ecolatina.com\\\/#\\\/schema\\\/logo\\\/image\\\/\"},\"sameAs\":[\"https:\\\/\\\/x.com\\\/Ecolatina_Arg\",\"https:\\\/\\\/www.linkedin.com\\\/company\\\/ecolatina\\\/?originalSubdomain=ar\"]},{\"@type\":\"Person\",\"@id\":\"https:\\\/\\\/ecolatina.com\\\/#\\\/schema\\\/person\\\/ff70142206e33eb083069905ccc586b0\",\"name\":\"AppVisor Blog Bot\",\"url\":\"https:\\\/\\\/ecolatina.com\\\/en\\\/author\\\/appvisorblogbot\\\/\"}]}<\/script>\n<!-- \/ Yoast SEO plugin. -->","yoast_head_json":{"title":"Costos y beneficios de la baja de las retenciones - Ecolatina","robots":{"index":"index","follow":"follow","max-snippet":"max-snippet:-1","max-image-preview":"max-image-preview:large","max-video-preview":"max-video-preview:-1"},"canonical":"https:\/\/ecolatina.com\/en\/2025\/01\/24\/costos-y-beneficios-de-la-baja-de-las-retenciones\/","og_locale":"en_US","og_type":"article","og_title":"Costos y beneficios de la baja de las retenciones - Ecolatina","og_url":"https:\/\/ecolatina.com\/en\/2025\/01\/24\/costos-y-beneficios-de-la-baja-de-las-retenciones\/","og_site_name":"Ecolatina","article_published_time":"2025-01-24T22:22:40+00:00","article_modified_time":"2025-01-27T19:20:36+00:00","og_image":[{"width":1280,"height":842,"url":"https:\/\/ecolatina.com\/wp-content\/uploads\/2025\/01\/Fondo-cambiario-1-3.jpeg","type":"image\/jpeg"}],"author":"AppVisor Blog Bot","twitter_card":"summary_large_image","twitter_creator":"@Ecolatina_Arg","twitter_site":"@Ecolatina_Arg","twitter_misc":{"Written by":"AppVisor Blog Bot","Est. reading time":"10 minutes"},"schema":{"@context":"https:\/\/schema.org","@graph":[{"@type":"Article","@id":"https:\/\/ecolatina.com\/2025\/01\/24\/costos-y-beneficios-de-la-baja-de-las-retenciones\/#article","isPartOf":{"@id":"https:\/\/ecolatina.com\/2025\/01\/24\/costos-y-beneficios-de-la-baja-de-las-retenciones\/"},"author":{"name":"AppVisor Blog Bot","@id":"https:\/\/ecolatina.com\/#\/schema\/person\/ff70142206e33eb083069905ccc586b0"},"headline":"Costos y beneficios de la baja de las retenciones","datePublished":"2025-01-24T22:22:40+00:00","dateModified":"2025-01-27T19:20:36+00:00","mainEntityOfPage":{"@id":"https:\/\/ecolatina.com\/2025\/01\/24\/costos-y-beneficios-de-la-baja-de-las-retenciones\/"},"wordCount":2039,"publisher":{"@id":"https:\/\/ecolatina.com\/#organization"},"image":{"@id":"https:\/\/ecolatina.com\/2025\/01\/24\/costos-y-beneficios-de-la-baja-de-las-retenciones\/#primaryimage"},"thumbnailUrl":"https:\/\/ecolatina.com\/wp-content\/uploads\/2025\/01\/Fondo-cambiario-1-4.jpeg","articleSection":["Sin categor\u00eda"],"inLanguage":"en-US"},{"@type":"WebPage","@id":"https:\/\/ecolatina.com\/2025\/01\/24\/costos-y-beneficios-de-la-baja-de-las-retenciones\/","url":"https:\/\/ecolatina.com\/2025\/01\/24\/costos-y-beneficios-de-la-baja-de-las-retenciones\/","name":"Costos y beneficios de la baja de las retenciones - Ecolatina","isPartOf":{"@id":"https:\/\/ecolatina.com\/#website"},"primaryImageOfPage":{"@id":"https:\/\/ecolatina.com\/2025\/01\/24\/costos-y-beneficios-de-la-baja-de-las-retenciones\/#primaryimage"},"image":{"@id":"https:\/\/ecolatina.com\/2025\/01\/24\/costos-y-beneficios-de-la-baja-de-las-retenciones\/#primaryimage"},"thumbnailUrl":"https:\/\/ecolatina.com\/wp-content\/uploads\/2025\/01\/Fondo-cambiario-1-4.jpeg","datePublished":"2025-01-24T22:22:40+00:00","dateModified":"2025-01-27T19:20:36+00:00","breadcrumb":{"@id":"https:\/\/ecolatina.com\/2025\/01\/24\/costos-y-beneficios-de-la-baja-de-las-retenciones\/#breadcrumb"},"inLanguage":"en-US","potentialAction":[{"@type":"ReadAction","target":["https:\/\/ecolatina.com\/2025\/01\/24\/costos-y-beneficios-de-la-baja-de-las-retenciones\/"]}]},{"@type":"ImageObject","inLanguage":"en-US","@id":"https:\/\/ecolatina.com\/2025\/01\/24\/costos-y-beneficios-de-la-baja-de-las-retenciones\/#primaryimage","url":"https:\/\/ecolatina.com\/wp-content\/uploads\/2025\/01\/Fondo-cambiario-1-4.jpeg","contentUrl":"https:\/\/ecolatina.com\/wp-content\/uploads\/2025\/01\/Fondo-cambiario-1-4.jpeg","width":1280,"height":842},{"@type":"BreadcrumbList","@id":"https:\/\/ecolatina.com\/2025\/01\/24\/costos-y-beneficios-de-la-baja-de-las-retenciones\/#breadcrumb","itemListElement":[{"@type":"ListItem","position":1,"name":"Inicio","item":"https:\/\/ecolatina.com\/"},{"@type":"ListItem","position":2,"name":"Costos y beneficios de la baja de las retenciones"}]},{"@type":"WebSite","@id":"https:\/\/ecolatina.com\/#website","url":"https:\/\/ecolatina.com\/","name":"Ecolatina","description":"Tu socio estrat\u00e9gico para la toma de decisiones","publisher":{"@id":"https:\/\/ecolatina.com\/#organization"},"potentialAction":[{"@type":"SearchAction","target":{"@type":"EntryPoint","urlTemplate":"https:\/\/ecolatina.com\/?s={search_term_string}"},"query-input":{"@type":"PropertyValueSpecification","valueRequired":true,"valueName":"search_term_string"}}],"inLanguage":"en-US"},{"@type":"Organization","@id":"https:\/\/ecolatina.com\/#organization","name":"Ecolatina","url":"https:\/\/ecolatina.com\/","logo":{"@type":"ImageObject","inLanguage":"en-US","@id":"https:\/\/ecolatina.com\/#\/schema\/logo\/image\/","url":"https:\/\/ecolatina.com\/wp-content\/uploads\/2023\/05\/Ecolatina_logo_01-verde-sin-tagline.png","contentUrl":"https:\/\/ecolatina.com\/wp-content\/uploads\/2023\/05\/Ecolatina_logo_01-verde-sin-tagline.png","width":1008,"height":260,"caption":"Ecolatina"},"image":{"@id":"https:\/\/ecolatina.com\/#\/schema\/logo\/image\/"},"sameAs":["https:\/\/x.com\/Ecolatina_Arg","https:\/\/www.linkedin.com\/company\/ecolatina\/?originalSubdomain=ar"]},{"@type":"Person","@id":"https:\/\/ecolatina.com\/#\/schema\/person\/ff70142206e33eb083069905ccc586b0","name":"AppVisor Blog Bot","url":"https:\/\/ecolatina.com\/en\/author\/appvisorblogbot\/"}]}},"_links":{"self":[{"href":"https:\/\/ecolatina.com\/en\/wp-json\/wp\/v2\/posts\/3893","targetHints":{"allow":["GET"]}}],"collection":[{"href":"https:\/\/ecolatina.com\/en\/wp-json\/wp\/v2\/posts"}],"about":[{"href":"https:\/\/ecolatina.com\/en\/wp-json\/wp\/v2\/types\/post"}],"author":[{"embeddable":true,"href":"https:\/\/ecolatina.com\/en\/wp-json\/wp\/v2\/users\/2"}],"replies":[{"embeddable":true,"href":"https:\/\/ecolatina.com\/en\/wp-json\/wp\/v2\/comments?post=3893"}],"version-history":[{"count":1,"href":"https:\/\/ecolatina.com\/en\/wp-json\/wp\/v2\/posts\/3893\/revisions"}],"predecessor-version":[{"id":3909,"href":"https:\/\/ecolatina.com\/en\/wp-json\/wp\/v2\/posts\/3893\/revisions\/3909"}],"wp:featuredmedia":[{"embeddable":true,"href":"https:\/\/ecolatina.com\/en\/wp-json\/wp\/v2\/media\/3910"}],"wp:attachment":[{"href":"https:\/\/ecolatina.com\/en\/wp-json\/wp\/v2\/media?parent=3893"}],"wp:term":[{"taxonomy":"category","embeddable":true,"href":"https:\/\/ecolatina.com\/en\/wp-json\/wp\/v2\/categories?post=3893"},{"taxonomy":"post_tag","embeddable":true,"href":"https:\/\/ecolatina.com\/en\/wp-json\/wp\/v2\/tags?post=3893"}],"curies":[{"name":"wp","href":"https:\/\/api.w.org\/{rel}","templated":true}]}}