{"id":4223,"date":"2025-07-04T18:30:10","date_gmt":"2025-07-04T21:30:10","guid":{"rendered":"https:\/\/ecolatina.com\/2025\/07\/04\/el-dia-despues-del-agro\/"},"modified":"2025-07-04T18:30:10","modified_gmt":"2025-07-04T21:30:10","slug":"el-dia-despues-del-agro","status":"publish","type":"post","link":"https:\/\/ecolatina.com\/en\/2025\/07\/04\/el-dia-despues-del-agro\/","title":{"rendered":"El d\u00eda despu\u00e9s del agro"},"content":{"rendered":"<p><em>Finaliza una primera semana de julio caracterizada por la suba del d\u00f3lar oficial. Por primera vez desde el afianzamiento del nuevo esquema cambiario, el d\u00f3lar mayorista comunicado por el BCRA se situ\u00f3 por encima del centro de la banda cambiaria ($1.206) al escalar 4,2% respecto al viernes previo y finalizar en $1.239,83. <\/em><\/p>\n<p><em>Aunque rezagado, el dato del MULC por mayo publicado hace una semana ofrece una pista importante siendo el primer mes completo desde el cambio de esquema cambiario. El mismo arroj\u00f3 que el sector privado no financiero fue demandante neto de divisas en el primer mes completo bajo el nuevo r\u00e9gimen cambiario, producto principalmente de la demanda de divisas por parte de los individuos. Esta situaci\u00f3n se extender\u00e1 para un segundo semestre que encontrar\u00e1 un gran aire durante buena parte de julio, con liquidaciones del sector agropecuario apuntando a marcar un r\u00e9cord hist\u00f3rico. No obstante, el aumento estacional de divisas por parte de individuos y la desmejora de las expectativas por el \u201cd\u00eda despu\u00e9s del agro\u201d estar\u00edan presionando la cotizaci\u00f3n de la divisa al alza.<\/em><\/p>\n<p><em>En s\u00edntesis, como venimos mencionando la inc\u00f3gnita sigue de cara al segundo semestre. La oferta de divisas se ir\u00e1 achicando y la demanda de importaciones tender\u00eda a normalizarse, al tiempo que el escenario electoral podr\u00eda profundizar la salida de divisas por FAE. En este sentido, podr\u00edamos ingresar a una ventana del d\u00f3lar movi\u00e9ndose del centro para arriba de la banda y de mayores tasas de inter\u00e9s para contener eventuales disrupciones nominales, algo clave en el objetivo electoral del Gobierno.<\/em><\/p>\n<p>\u00a0<\/p>\n<p>Finaliza una primera semana de julio caracterizada por la <strong>suba del d\u00f3lar oficial<\/strong>. Por primera vez desde el afianzamiento del nuevo esquema cambiario, el d\u00f3lar mayorista comunicado por el BCRA se situ\u00f3 por encima del centro de la banda cambiaria ($1.206) al escalar 4,2% respecto al viernes previo y finalizar en $1.239,83. Para dimensionar, desde mayo hasta la semana pasada la divisa norteamericana fluctu\u00f3 por la zona del centro de la banda, pero siempre situ\u00e1ndose por debajo de la misma (en promedio 3%). Esto se da en el marco de un sector agropecuario acelerando las liquidaciones, como veremos m\u00e1s adelante.<\/p>\n<p>Aunque rezagado, el dato del MULC por mayo publicado hace una semana ofrece una pista importante siendo el primer mes completo desde el cambio de esquema cambiario. La <strong>Cuenta Corriente marc\u00f3 un super\u00e1vit por USD 712 M luego de casi un a\u00f1o<\/strong>, fruto principalmente de la eliminaci\u00f3n del d\u00f3lar blend que engros\u00f3 la oferta de divisas por parte de los exportadores en el mercado oficial y permiti\u00f3 un mayor saldo positivo por el ingreso de bienes (+USD 1.811 M). Respecto a esto \u00faltimo, en l\u00ednea con lo esperado las exportaciones del sector agropecuario crecieron hasta los USD 3.900 M (+5,1% i.a.), acompa\u00f1ada por una firme contribuci\u00f3n del sector energ\u00e9tico (+USD 950 M).<\/p>\n<p>Un aspecto relevante era ver la <strong>posici\u00f3n que adoptar\u00edan los importadores de bienes<\/strong>. Recordemos que, a mediados de abril, se traz\u00f3 un \u201cfoja cero\u201d a la restricci\u00f3n cruzada CCL-MULC. Yendo al punto, el pago por importaciones de bienes fue de USD 6.149 M, representando poco m\u00e1s del 97% de las importaciones devengadas y se mantuvo en l\u00ednea con el promedio de los \u00faltimos meses. Asimismo, seg\u00fan estimaciones del BCRA, se pag\u00f3 entre un 13%-15% extra v\u00eda mercados financieros y BOPREAL, tambi\u00e9n en l\u00ednea con los \u00faltimos meses.<\/p>\n<p>En este sentido, <strong>la novedad es que no hay novedad<\/strong>. \u00bfA qu\u00e9 nos referimos? La puesta en funcionamiento sin grandes sobresaltos del esquema y la se\u00f1al expl\u00edcita del Gobierno por reconfigurar el carry trade (v\u00eda intervenciones en mercado de futuros) contribuy\u00f3 a que la demanda se mantenga estable (luego del salto previo). Asimismo, el buen funcionamiento del esquema y el colapso de la brecha introduce otro incentivo para que los importadores se mantengan por fuera del MULC si as\u00ed lo desean, incurriendo al costo de un tipo de cambio levemente mayor y el beneficio de una mayor fluidez en las operaciones de desendeudamiento, proceso que viene sosteni\u00e9ndose desde el segundo trimestre del a\u00f1o pasado.<\/p>\n<p>Desde el lado de la salida por servicios, el <strong>turismo sigui\u00f3 bajo la temporada extendida<\/strong>. Los egresos por turismo alcanzaron los USD 1.108 M, ubic\u00e1ndose por encima del mayo del lapso 2017-18 (a precios actuales). De esta forma, la balanza tur\u00edstica arroj\u00f3 un d\u00e9ficit por casi USD 900 M, representando uno de cada dos d\u00f3lares que ingresaron v\u00eda el saldo de bienes.<\/p>\n<p>Con todo, la <strong>Cuenta Financiera no alcanz\u00f3 <\/strong>a compensar las necesidades de la CC por tercer mes consecutivo. Si bien se registr\u00f3 una recuperaci\u00f3n parcial de los ingresos netos por pr\u00e9stamos y financiaciones de bancos locales por USD 945 M (los m\u00e1s altos desde febrero), la formaci\u00f3n neta de activos externos casi se duplic\u00f3 respecto a abril (-USD 3.226 M) y deterior\u00f3 el resultado de la Cuenta Financiera hasta un rojo de USD 1.719 M.<\/p>\n<p>No obstante, destacan algunos aspectos de la formaci\u00f3n de activos externos. Las <strong>personas humanas<\/strong> demandaron <strong>billetes<\/strong> por el orden de los USD 2.300 M, levemente por encima de los 12 d\u00edas h\u00e1biles de abril (USD 2.050 M), y con la misma cantidad de individuos detr\u00e1s de las operaciones (un mill\u00f3n). El salto mensual se produjo respecto a la <strong>demanda de divisas<\/strong> (USD 1.676 M vs USD 426 M), cifra que se ubica por encima del lapso 2017-19. Detr\u00e1s de este n\u00famero, si se descuentan las operaciones de canjes realizadas para salir del pa\u00eds (unos USD 300 M), se encuentran las virtuales operaciones de \u201carbitraje\u201d que realizan los individuos entre el d\u00f3lar minorista ofrecido por los bancos y el que ofrecen las sociedades de bolsa (mucho m\u00e1s fluidas con el avance tecnol\u00f3gico), as\u00ed como podr\u00edan encontrarse exportadores demandando divisas en car\u00e1cter individual.<\/p>\n<p><img fetchpriority=\"high\" decoding=\"async\" class=\"aligncenter size-full wp-image-19520\" src=\"https:\/\/eco-latina.com.ar\/wp-content\/uploads\/2025\/07\/CC-MULC-y-FAE.png\" alt=\"\" width=\"1280\" height=\"720\" \/><\/p>\n<p>En suma, la foto de mayo muestra un <strong>sector privado no financiero <\/strong>como <strong>demandante neto de divisas<\/strong>, al calor de un ingreso por bienes presionado por el turismo y una cuenta financiera deterior\u00e1ndose por la demanda de divisas de los individuos. Producida la baja temporal de retenciones e ingresando a una oferta de divisas estacionalmente menor, la pregunta del mill\u00f3n es c\u00f3mo seguir\u00e1 el mercado oficial.<\/p>\n<p>La <strong>liquidaci\u00f3n del sector<\/strong>, que ven\u00eda elevada, desde la semana del 23 de junio adopt\u00f3 una tendencia alcista que implic\u00f3 que sumen m\u00e1s USD 1.300 M en un breve per\u00edodo de tiempo. De esta forma, la liquidaci\u00f3n totaliz\u00f3 en junio USD 3.700 M, la m\u00e1s elevada para un junio desde el 2018 a precios actuales.<\/p>\n<p>Asimismo, la <strong>oferta del agro apunta a ser r\u00e9cord en julio<\/strong>. En las puertas del fin temporal de la baja de retenciones, las declaraciones juradas de ventas al exterior (DJVE) se concentraron sobre el cierre de junio y avizoran una fuerte liquidaci\u00f3n del sector. Por caso, en tan s\u00f3lo tres d\u00edas h\u00e1biles de julio la liquidaci\u00f3n trepo a los USD 1.061 M, casi la mitad de los ingresos que se produjeron en abril. Teniendo en cuenta que el lapso entre la DJVE (dato en toneladas) y la liquidaci\u00f3n son 15 d\u00edas h\u00e1biles, el gap actual entre las DJVE valorizadas (a precios internacionales) y las liquidaciones acumuladas en los \u00faltimos quince d\u00edas arroja un saldo remanente por USD 3.300 M. Esto implicar\u00eda que la liquidaci\u00f3n del sector podr\u00eda superar los USD 4.400 M en el mes y se posicionar\u00eda como el m\u00e1s alto para la serie iniciada en 2003.<\/p>\n<p><img decoding=\"async\" class=\"aligncenter size-full wp-image-19521\" src=\"https:\/\/eco-latina.com.ar\/wp-content\/uploads\/2025\/07\/Agro.png\" alt=\"\" width=\"1280\" height=\"720\" \/><\/p>\n<p>Entonces, <strong>\u00bfpor qu\u00e9 sube el d\u00f3lar? <\/strong>La aceleraci\u00f3n de la liquidaci\u00f3n del sector agropecuario se da en medio de dos elementos: <strong>1) <\/strong>Una mayor demanda estacional de los individuos en temporada de cobro de aguinaldo; y <strong>2) <\/strong>Un deterioro de las expectativas debido al \u201cd\u00eda despu\u00e9s del agro\u201d, precipitando a una demanda mayor en momentos de lo que se percibe un d\u00f3lar barato y generando una \u201cprofec\u00eda autocumplida\u201d. Precisamente, en esta situaci\u00f3n se da el comunicado del JP Morgan, recomendando \u201ctomar un respiro\u201d de los bonos locales, dado el achicamiento de la oferta de divisas en la puerta electoral.<\/p>\n<p>En menor medida, el <strong>Tesoro podr\u00eda estar demandando divisas<\/strong>. Aprovechando la oferta estacional del agro, intuimos por las estad\u00edsticas del BCRA que el Tesoro continu\u00f3 con las compras en el mercado oficial durante la semana pasada. Puntualmente, luego de registrar compras por USD 200 M en la tercera semana del mes pasado, durante el 26 y 27 de junio los dep\u00f3sitos registraron un aumento neto por poco m\u00e1s de USD 100 M sin una contrapartida clara de OOII. Como resultado, se habr\u00edan inyectado cerca de $0,13 bn a la econom\u00eda que se suman a los m\u00e1s de $4,3 bn que se volcaron luego del rollover por debajo del 60% en la \u00faltima licitaci\u00f3n de junio.<\/p>\n<p>En s\u00edntesis, como venimos mencionando la <strong>inc\u00f3gnita <\/strong>sigue de cara al segundo semestre. La oferta de divisas se ir\u00e1 achicando y la demanda de importaciones tender\u00eda a normalizarse, al tiempo que el escenario electoral podr\u00eda profundizar la salida de divisas por FAE. En este sentido, podr\u00edamos ingresar a una ventana del d\u00f3lar movi\u00e9ndose del centro para arriba de la banda y de mayores tasas de inter\u00e9s para contener eventuales disrupciones nominales, algo clave en el objetivo electoral del Gobierno.<\/p>\n<p>\u00a0<\/p>\n<h3>Nueva suba del d\u00f3lar oficial<\/h3>\n<p>En el marco de un volumen operado elevado a la par de una liquidaci\u00f3n del agro acelerando, el d\u00f3lar oficial escal\u00f3 4,2% ($1.240), en lo que estimamos se debe a un aumento de la demanda por razones estacionales y mayores dudas respecto al horizonte del segundo semestre. Por otro lado, las Reservas Brutas del BCRA finalizaron en USD 41.739 M, lo que situar\u00eda a las Reservas Netas descontando los dep\u00f3sitos del Tesoro, BOPREAL y DEG cerca de los +USD 800 M (+USD 8.800 M sin descontar aquellos \u00edtems).<\/p>\n<h3>La brecha cambiaria se mantiene estable<\/h3>\n<p>En la semana, los d\u00f3lares paralelos finalizaron con<strong> fuertes subas<\/strong>. En n\u00fameros, el d\u00f3lar minorista escal\u00f3 4,6% ($1.260) respecto al viernes de la semana anterior, el d\u00f3lar MEP aument\u00f3 4,2% ($1.245), el d\u00f3lar CCL medido en CEDEARs subi\u00f3 3,7% ($1.247) y el blue se desliz\u00f3 1,7% ($1.230). Con el d\u00f3lar mayorista subiendo en mayor medida, la brecha cambiaria promedio finaliz\u00f3 en la zona del 0%.<\/p>\n<h3>Los futuros de d\u00f3lar suben<\/h3>\n<p>Los contratos a futuro del d\u00f3lar acompa\u00f1aron el movimiento del spot. En detalle, los contratos de julio a septiembre subieron 3,6%, y aquellos con vencimiento desde octubre aumentaron 3,9%. Respecto a las devaluaciones impl\u00edcitas, el mercado cerr\u00f3 con una devaluaci\u00f3n pr\u00f3xima al 4,9% para el julio-septiembre, y promedia un 12,5% para el trimestre siguiente.<\/p>","protected":false},"excerpt":{"rendered":"","protected":false},"author":2,"featured_media":4224,"comment_status":"","ping_status":"","sticky":false,"template":"","format":"standard","meta":{"author_name":"Kevin Pagnotta","image_url":"https:\/\/eco-latina.com.ar\/wp-content\/uploads\/2025\/01\/Fondo-cambiario-1.jpeg","_joinchat":[],"footnotes":""},"categories":[1],"tags":[],"class_list":["post-4223","post","type-post","status-publish","format-standard","has-post-thumbnail","hentry","category-sin-categoria"],"aioseo_notices":[],"yoast_head":"<!-- This site is optimized with the Yoast SEO plugin v27.5 - https:\/\/yoast.com\/product\/yoast-seo-wordpress\/ -->\n<title>El d\u00eda despu\u00e9s del agro - Ecolatina<\/title>\n<meta name=\"robots\" content=\"index, follow, max-snippet:-1, max-image-preview:large, max-video-preview:-1\" \/>\n<link rel=\"canonical\" href=\"https:\/\/ecolatina.com\/en\/2025\/07\/04\/el-dia-despues-del-agro\/\" \/>\n<meta property=\"og:locale\" content=\"en_US\" \/>\n<meta property=\"og:type\" content=\"article\" \/>\n<meta property=\"og:title\" content=\"El d\u00eda despu\u00e9s del agro - Ecolatina\" \/>\n<meta property=\"og:url\" content=\"https:\/\/ecolatina.com\/en\/2025\/07\/04\/el-dia-despues-del-agro\/\" \/>\n<meta property=\"og:site_name\" content=\"Ecolatina\" \/>\n<meta property=\"article:published_time\" content=\"2025-07-04T21:30:10+00:00\" \/>\n<meta name=\"author\" content=\"AppVisor Blog Bot\" \/>\n<meta name=\"twitter:card\" content=\"summary_large_image\" \/>\n<meta name=\"twitter:creator\" content=\"@Ecolatina_Arg\" \/>\n<meta name=\"twitter:site\" content=\"@Ecolatina_Arg\" \/>\n<meta name=\"twitter:label1\" content=\"Written by\" \/>\n\t<meta name=\"twitter:data1\" content=\"AppVisor Blog Bot\" \/>\n\t<meta name=\"twitter:label2\" content=\"Est. reading time\" \/>\n\t<meta name=\"twitter:data2\" content=\"9 minutes\" \/>\n<script type=\"application\/ld+json\" class=\"yoast-schema-graph\">{\"@context\":\"https:\\\/\\\/schema.org\",\"@graph\":[{\"@type\":\"Article\",\"@id\":\"https:\\\/\\\/ecolatina.com\\\/2025\\\/07\\\/04\\\/el-dia-despues-del-agro\\\/#article\",\"isPartOf\":{\"@id\":\"https:\\\/\\\/ecolatina.com\\\/2025\\\/07\\\/04\\\/el-dia-despues-del-agro\\\/\"},\"author\":{\"name\":\"AppVisor Blog Bot\",\"@id\":\"https:\\\/\\\/ecolatina.com\\\/#\\\/schema\\\/person\\\/ff70142206e33eb083069905ccc586b0\"},\"headline\":\"El d\u00eda despu\u00e9s del agro\",\"datePublished\":\"2025-07-04T21:30:10+00:00\",\"mainEntityOfPage\":{\"@id\":\"https:\\\/\\\/ecolatina.com\\\/2025\\\/07\\\/04\\\/el-dia-despues-del-agro\\\/\"},\"wordCount\":1809,\"publisher\":{\"@id\":\"https:\\\/\\\/ecolatina.com\\\/#organization\"},\"image\":{\"@id\":\"https:\\\/\\\/ecolatina.com\\\/2025\\\/07\\\/04\\\/el-dia-despues-del-agro\\\/#primaryimage\"},\"thumbnailUrl\":\"https:\\\/\\\/ecolatina.com\\\/wp-content\\\/uploads\\\/2025\\\/07\\\/Fondo-cambiario-1.jpeg\",\"articleSection\":[\"Sin categor\u00eda\"],\"inLanguage\":\"en-US\"},{\"@type\":\"WebPage\",\"@id\":\"https:\\\/\\\/ecolatina.com\\\/2025\\\/07\\\/04\\\/el-dia-despues-del-agro\\\/\",\"url\":\"https:\\\/\\\/ecolatina.com\\\/2025\\\/07\\\/04\\\/el-dia-despues-del-agro\\\/\",\"name\":\"El d\u00eda despu\u00e9s del agro - Ecolatina\",\"isPartOf\":{\"@id\":\"https:\\\/\\\/ecolatina.com\\\/#website\"},\"primaryImageOfPage\":{\"@id\":\"https:\\\/\\\/ecolatina.com\\\/2025\\\/07\\\/04\\\/el-dia-despues-del-agro\\\/#primaryimage\"},\"image\":{\"@id\":\"https:\\\/\\\/ecolatina.com\\\/2025\\\/07\\\/04\\\/el-dia-despues-del-agro\\\/#primaryimage\"},\"thumbnailUrl\":\"https:\\\/\\\/ecolatina.com\\\/wp-content\\\/uploads\\\/2025\\\/07\\\/Fondo-cambiario-1.jpeg\",\"datePublished\":\"2025-07-04T21:30:10+00:00\",\"breadcrumb\":{\"@id\":\"https:\\\/\\\/ecolatina.com\\\/2025\\\/07\\\/04\\\/el-dia-despues-del-agro\\\/#breadcrumb\"},\"inLanguage\":\"en-US\",\"potentialAction\":[{\"@type\":\"ReadAction\",\"target\":[\"https:\\\/\\\/ecolatina.com\\\/2025\\\/07\\\/04\\\/el-dia-despues-del-agro\\\/\"]}]},{\"@type\":\"ImageObject\",\"inLanguage\":\"en-US\",\"@id\":\"https:\\\/\\\/ecolatina.com\\\/2025\\\/07\\\/04\\\/el-dia-despues-del-agro\\\/#primaryimage\",\"url\":\"https:\\\/\\\/ecolatina.com\\\/wp-content\\\/uploads\\\/2025\\\/07\\\/Fondo-cambiario-1.jpeg\",\"contentUrl\":\"https:\\\/\\\/ecolatina.com\\\/wp-content\\\/uploads\\\/2025\\\/07\\\/Fondo-cambiario-1.jpeg\",\"width\":1280,\"height\":842},{\"@type\":\"BreadcrumbList\",\"@id\":\"https:\\\/\\\/ecolatina.com\\\/2025\\\/07\\\/04\\\/el-dia-despues-del-agro\\\/#breadcrumb\",\"itemListElement\":[{\"@type\":\"ListItem\",\"position\":1,\"name\":\"Inicio\",\"item\":\"https:\\\/\\\/ecolatina.com\\\/\"},{\"@type\":\"ListItem\",\"position\":2,\"name\":\"El d\u00eda despu\u00e9s del agro\"}]},{\"@type\":\"WebSite\",\"@id\":\"https:\\\/\\\/ecolatina.com\\\/#website\",\"url\":\"https:\\\/\\\/ecolatina.com\\\/\",\"name\":\"Ecolatina\",\"description\":\"Tu socio estrat\u00e9gico para la toma de decisiones \",\"publisher\":{\"@id\":\"https:\\\/\\\/ecolatina.com\\\/#organization\"},\"potentialAction\":[{\"@type\":\"SearchAction\",\"target\":{\"@type\":\"EntryPoint\",\"urlTemplate\":\"https:\\\/\\\/ecolatina.com\\\/?s={search_term_string}\"},\"query-input\":{\"@type\":\"PropertyValueSpecification\",\"valueRequired\":true,\"valueName\":\"search_term_string\"}}],\"inLanguage\":\"en-US\"},{\"@type\":\"Organization\",\"@id\":\"https:\\\/\\\/ecolatina.com\\\/#organization\",\"name\":\"Ecolatina\",\"url\":\"https:\\\/\\\/ecolatina.com\\\/\",\"logo\":{\"@type\":\"ImageObject\",\"inLanguage\":\"en-US\",\"@id\":\"https:\\\/\\\/ecolatina.com\\\/#\\\/schema\\\/logo\\\/image\\\/\",\"url\":\"https:\\\/\\\/ecolatina.com\\\/wp-content\\\/uploads\\\/2023\\\/05\\\/Ecolatina_logo_01-verde-sin-tagline.png\",\"contentUrl\":\"https:\\\/\\\/ecolatina.com\\\/wp-content\\\/uploads\\\/2023\\\/05\\\/Ecolatina_logo_01-verde-sin-tagline.png\",\"width\":1008,\"height\":260,\"caption\":\"Ecolatina\"},\"image\":{\"@id\":\"https:\\\/\\\/ecolatina.com\\\/#\\\/schema\\\/logo\\\/image\\\/\"},\"sameAs\":[\"https:\\\/\\\/x.com\\\/Ecolatina_Arg\",\"https:\\\/\\\/www.linkedin.com\\\/company\\\/ecolatina\\\/?originalSubdomain=ar\"]},{\"@type\":\"Person\",\"@id\":\"https:\\\/\\\/ecolatina.com\\\/#\\\/schema\\\/person\\\/ff70142206e33eb083069905ccc586b0\",\"name\":\"AppVisor Blog Bot\",\"url\":\"https:\\\/\\\/ecolatina.com\\\/en\\\/author\\\/appvisorblogbot\\\/\"}]}<\/script>\n<!-- \/ Yoast SEO plugin. -->","yoast_head_json":{"title":"El d\u00eda despu\u00e9s del agro - Ecolatina","robots":{"index":"index","follow":"follow","max-snippet":"max-snippet:-1","max-image-preview":"max-image-preview:large","max-video-preview":"max-video-preview:-1"},"canonical":"https:\/\/ecolatina.com\/en\/2025\/07\/04\/el-dia-despues-del-agro\/","og_locale":"en_US","og_type":"article","og_title":"El d\u00eda despu\u00e9s del agro - Ecolatina","og_url":"https:\/\/ecolatina.com\/en\/2025\/07\/04\/el-dia-despues-del-agro\/","og_site_name":"Ecolatina","article_published_time":"2025-07-04T21:30:10+00:00","author":"AppVisor Blog Bot","twitter_card":"summary_large_image","twitter_creator":"@Ecolatina_Arg","twitter_site":"@Ecolatina_Arg","twitter_misc":{"Written by":"AppVisor Blog Bot","Est. reading time":"9 minutes"},"schema":{"@context":"https:\/\/schema.org","@graph":[{"@type":"Article","@id":"https:\/\/ecolatina.com\/2025\/07\/04\/el-dia-despues-del-agro\/#article","isPartOf":{"@id":"https:\/\/ecolatina.com\/2025\/07\/04\/el-dia-despues-del-agro\/"},"author":{"name":"AppVisor Blog Bot","@id":"https:\/\/ecolatina.com\/#\/schema\/person\/ff70142206e33eb083069905ccc586b0"},"headline":"El d\u00eda despu\u00e9s del agro","datePublished":"2025-07-04T21:30:10+00:00","mainEntityOfPage":{"@id":"https:\/\/ecolatina.com\/2025\/07\/04\/el-dia-despues-del-agro\/"},"wordCount":1809,"publisher":{"@id":"https:\/\/ecolatina.com\/#organization"},"image":{"@id":"https:\/\/ecolatina.com\/2025\/07\/04\/el-dia-despues-del-agro\/#primaryimage"},"thumbnailUrl":"https:\/\/ecolatina.com\/wp-content\/uploads\/2025\/07\/Fondo-cambiario-1.jpeg","articleSection":["Sin categor\u00eda"],"inLanguage":"en-US"},{"@type":"WebPage","@id":"https:\/\/ecolatina.com\/2025\/07\/04\/el-dia-despues-del-agro\/","url":"https:\/\/ecolatina.com\/2025\/07\/04\/el-dia-despues-del-agro\/","name":"El d\u00eda despu\u00e9s del agro - Ecolatina","isPartOf":{"@id":"https:\/\/ecolatina.com\/#website"},"primaryImageOfPage":{"@id":"https:\/\/ecolatina.com\/2025\/07\/04\/el-dia-despues-del-agro\/#primaryimage"},"image":{"@id":"https:\/\/ecolatina.com\/2025\/07\/04\/el-dia-despues-del-agro\/#primaryimage"},"thumbnailUrl":"https:\/\/ecolatina.com\/wp-content\/uploads\/2025\/07\/Fondo-cambiario-1.jpeg","datePublished":"2025-07-04T21:30:10+00:00","breadcrumb":{"@id":"https:\/\/ecolatina.com\/2025\/07\/04\/el-dia-despues-del-agro\/#breadcrumb"},"inLanguage":"en-US","potentialAction":[{"@type":"ReadAction","target":["https:\/\/ecolatina.com\/2025\/07\/04\/el-dia-despues-del-agro\/"]}]},{"@type":"ImageObject","inLanguage":"en-US","@id":"https:\/\/ecolatina.com\/2025\/07\/04\/el-dia-despues-del-agro\/#primaryimage","url":"https:\/\/ecolatina.com\/wp-content\/uploads\/2025\/07\/Fondo-cambiario-1.jpeg","contentUrl":"https:\/\/ecolatina.com\/wp-content\/uploads\/2025\/07\/Fondo-cambiario-1.jpeg","width":1280,"height":842},{"@type":"BreadcrumbList","@id":"https:\/\/ecolatina.com\/2025\/07\/04\/el-dia-despues-del-agro\/#breadcrumb","itemListElement":[{"@type":"ListItem","position":1,"name":"Inicio","item":"https:\/\/ecolatina.com\/"},{"@type":"ListItem","position":2,"name":"El d\u00eda despu\u00e9s del agro"}]},{"@type":"WebSite","@id":"https:\/\/ecolatina.com\/#website","url":"https:\/\/ecolatina.com\/","name":"Ecolatina","description":"Tu socio estrat\u00e9gico para la toma de decisiones","publisher":{"@id":"https:\/\/ecolatina.com\/#organization"},"potentialAction":[{"@type":"SearchAction","target":{"@type":"EntryPoint","urlTemplate":"https:\/\/ecolatina.com\/?s={search_term_string}"},"query-input":{"@type":"PropertyValueSpecification","valueRequired":true,"valueName":"search_term_string"}}],"inLanguage":"en-US"},{"@type":"Organization","@id":"https:\/\/ecolatina.com\/#organization","name":"Ecolatina","url":"https:\/\/ecolatina.com\/","logo":{"@type":"ImageObject","inLanguage":"en-US","@id":"https:\/\/ecolatina.com\/#\/schema\/logo\/image\/","url":"https:\/\/ecolatina.com\/wp-content\/uploads\/2023\/05\/Ecolatina_logo_01-verde-sin-tagline.png","contentUrl":"https:\/\/ecolatina.com\/wp-content\/uploads\/2023\/05\/Ecolatina_logo_01-verde-sin-tagline.png","width":1008,"height":260,"caption":"Ecolatina"},"image":{"@id":"https:\/\/ecolatina.com\/#\/schema\/logo\/image\/"},"sameAs":["https:\/\/x.com\/Ecolatina_Arg","https:\/\/www.linkedin.com\/company\/ecolatina\/?originalSubdomain=ar"]},{"@type":"Person","@id":"https:\/\/ecolatina.com\/#\/schema\/person\/ff70142206e33eb083069905ccc586b0","name":"AppVisor Blog Bot","url":"https:\/\/ecolatina.com\/en\/author\/appvisorblogbot\/"}]}},"_links":{"self":[{"href":"https:\/\/ecolatina.com\/en\/wp-json\/wp\/v2\/posts\/4223","targetHints":{"allow":["GET"]}}],"collection":[{"href":"https:\/\/ecolatina.com\/en\/wp-json\/wp\/v2\/posts"}],"about":[{"href":"https:\/\/ecolatina.com\/en\/wp-json\/wp\/v2\/types\/post"}],"author":[{"embeddable":true,"href":"https:\/\/ecolatina.com\/en\/wp-json\/wp\/v2\/users\/2"}],"replies":[{"embeddable":true,"href":"https:\/\/ecolatina.com\/en\/wp-json\/wp\/v2\/comments?post=4223"}],"version-history":[{"count":0,"href":"https:\/\/ecolatina.com\/en\/wp-json\/wp\/v2\/posts\/4223\/revisions"}],"wp:featuredmedia":[{"embeddable":true,"href":"https:\/\/ecolatina.com\/en\/wp-json\/wp\/v2\/media\/4224"}],"wp:attachment":[{"href":"https:\/\/ecolatina.com\/en\/wp-json\/wp\/v2\/media?parent=4223"}],"wp:term":[{"taxonomy":"category","embeddable":true,"href":"https:\/\/ecolatina.com\/en\/wp-json\/wp\/v2\/categories?post=4223"},{"taxonomy":"post_tag","embeddable":true,"href":"https:\/\/ecolatina.com\/en\/wp-json\/wp\/v2\/tags?post=4223"}],"curies":[{"name":"wp","href":"https:\/\/api.w.org\/{rel}","templated":true}]}}